{"id":67843,"date":"2025-12-07T11:46:08","date_gmt":"2025-12-07T11:46:08","guid":{"rendered":"https:\/\/www.europesays.com\/lv\/67843\/"},"modified":"2025-12-07T11:46:08","modified_gmt":"2025-12-07T11:46:08","slug":"%d0%b4%d1%83%d0%bc%d0%ba%d1%96-%d0%b1%d0%b5%d0%bb%d0%b0%d1%80%d1%83%d1%81%d0%b0-kamer-riga-stridas-par-miljoniem-minska-klusejot-dala-miljardus-raksts","status":"publish","type":"post","link":"https:\/\/www.europesays.com\/lv\/67843\/","title":{"rendered":"\u00ab\u0414\u0443\u043c\u043a\u0456 \u0431\u0435\u043b\u0430\u0440\u0443\u0441\u0430\u00bb. Kam\u0113r R\u012bg\u0101 str\u012bdas par miljoniem, Minsk\u0101 klus\u0113jot dala miljardus \/ Raksts"},"content":{"rendered":"<p>\u0160oned\u0113\u013c Saeima beidzot pie\u0146\u0113ma 2026. gada valsts bud\u017eetu. Un izdar\u012bja to nevis klusi, k\u0101 man\u0101 dzimten\u0113, bet ska\u013ci. Vai tas ir labi vai slikti, bet otraj\u0101 las\u012bjum\u0101 vair\u0101k nek\u0101 40 cilv\u0113ki vair\u0101k nek\u0101 10 stundas apsprieda 290 priek\u0161likumus vienam likumprojektam. Un tas ir tas, pie k\u0101 es nevaru pierast, neskatoties uz to, ka jau piekto gadu dz\u012bvoju j\u016bsu valst\u012b.<\/p>\n<p style=\"text-align:right\">\u0410\u0440\u044b\u0433\u0456\u043d\u0430\u043b \u0430\u0440\u0442\u044b\u043a\u0443\u043b\u0430 \u043d\u0430 \u0431\u0435\u043b\u0430\u0440\u0443\u0441\u043a\u0430\u0439 \u2014\u00a0<a data-id=\"625191\" data-type=\"article\" href=\"https:\/\/bel.lsm.lv\/artikul\/naviny\/naviny\/07.12.2025-dumki-belarusa-pakul-u-ryze-svaracca-za-milyony-u-minsku-mocki-dzelyac-milyardy.a625191\/\" target=\"_blank\" class=\"lsm-link\" rel=\"nofollow noopener\">\u0442\u0443\u0442<\/a>.<br \/>\u0410\u0432\u0442\u043e\u0440\u0441\u043a\u0430\u044f \u0432\u0435\u0440\u0441\u0438\u044f \u043d\u0430 \u0440\u0443\u0441\u0441\u043a\u043e\u043c \u2014\u00a0<a data-id=\"625185\" data-type=\"article\" href=\"https:\/\/rus.lsm.lv\/statja\/za-efirom\/za-efirom\/07.12.2025-dumki-belarusa-poka-v-rige-ssoryatsya-za-milliony-v-minske-tixo-delyat-milliardy.a625185\/\" target=\"_blank\" class=\"lsm-link\" rel=\"nofollow noopener\">\u0437\u0434\u0435\u0441\u044c<\/a>.<\/p>\n<p style=\"margin-left:0cm; margin-right:0cm\">Jo Baltkrievij\u0101 valsts galveno finan\u0161u dokumentu pie\u0146em k\u0101ds jums paz\u012bstams &#8220;finansists&#8221;. Bet fikt\u012bvais ministru kabinets kop\u0101 ar &#8220;parlamentu&#8221; visu dara t\u0101, lai skait\u013ci iepatiktos tikai \u0161im &#8220;gr\u0101matvedim&#8221;, nevis uzlabotu vienk\u0101r\u0161o baltkrievu dz\u012bvi.<\/p>\n<p class=\"note__heading\">\u00ab\u0414\u0443\u043c\u043a\u0456 \u0431\u0435\u043b\u0430\u0440\u0443\u0441\u0430\u00bb<\/p>\n<p>Rubrik\u0101 \u00ab\u0414\u0443\u043c\u043a\u0456 \u0431\u0435\u043b\u0430\u0440\u0443\u0441\u0430\u00bb (Baltkrieva p\u0101rdomas \u2013 baltkrievu val.) neatkar\u012bgais \u017eurn\u0101lists, kuram izdevies aizb\u0113gt no Baltkrievijas uz Latviju, st\u0101sta par to, kas vi\u0146am r\u016bp \u0161eit un tagad. Vi\u0146\u0161 raksta ar pseidon\u012bmu: vi\u0146am joproj\u0101m ir radinieki Baltkrievij\u0101.<\/p>\n<p style=\"margin-left:0cm; margin-right:0cm\">Savuk\u0101rt Latvijai n\u0101kamais 2026. gads ir Saeimas v\u0113l\u0113\u0161anu gads. Un<\/p>\n<blockquote>\n<p style=\"margin-left:0cm; margin-right:0cm\">pie\u0146emtais bud\u017eets, manupr\u0101t, ir pirm\u0101 un visd\u0101rg\u0101k\u0101 valdo\u0161\u0101s koal\u012bcijas priek\u0161v\u0113l\u0113\u0161anu rekl\u0101mas lapi\u0146a.<\/p>\n<\/blockquote>\n<p style=\"margin-left:0cm; margin-right:0cm\">Minsk\u0101 pirms &#8220;v\u0113l\u0113\u0161an\u0101m&#8221; bud\u017eets ar\u012b p\u0101rv\u0113r\u0161as par savdab\u012bgu &#8220;d\u0101vanu maisu&#8221;. Ta\u010du, tikl\u012bdz beidzies &#8220;v\u0113l\u0113\u0161anu&#8221; cikls, \u0161\u012bs &#8220;d\u0101vanas&#8221; nekav\u0113joties paz\u016bd, atst\u0101jot cilv\u0113kus tikai ar sol\u012bjumiem.<\/p>\n<p>D\u0101snums (ar apr\u0113\u0137inu)<\/p>\n<p style=\"margin-left:0cm; margin-right:0cm\">Latvijas vald\u012bba iet uz visu banku. Vara nol\u0113musi ne tikai vienk\u0101r\u0161i apsol\u012bt, bet ar\u012b ieskait\u012bt naudu re\u0101los kontos. No 2026. gada 1. janv\u0101ra minim\u0101l\u0101 m\u0113ne\u0161alga pieaugs no 740 l\u012bdz 780 eiro. Ar nodok\u013ciem neapliekamais minimums \u2013 no 510 l\u012bdz 550 eiro. Vienreiz\u0113jais b\u0113rna piedzim\u0161anas pabalsts \u2013 no 421 l\u012bdz 600 eiro. Tas ir paaugstin\u0101jums par 42% ar vienu v\u0113zienu! (Lai gan viet\u0113jie s\u016bdzas, ka \u0161is palielin\u0101jums n\u0101k desmit gadus par v\u0113lu, jo 421 eiro bijis pabalsta lielums <a href=\"https:\/\/likumi.lv\/ta\/id\/202714-noteikumi-par-berna-piedzimsanas-pabalsta-pieskirsanas-un-izmaksasanas-kartibu\" target=\"_blank\" rel=\"nofollow noopener\">kop\u0161 2010. gada<\/a>).<\/p>\n<p>Bet v\u0113l \u2013\u00a0paaugstinot minim\u0101lo algu un neapliekamo minimumu par vienu un to pa\u0161u summu \u2013 40 eiro, bud\u017eets nav zaud\u0113jis ne centa no ien\u0101kuma nodok\u013ca. Un v\u0113l tas papildin\u0101sies ar soci\u0101l\u0101 nodok\u013ca maks\u0101jumiem.<\/p>\n<p style=\"margin-left:0cm; margin-right:0cm\">Tiem Latvijas cilv\u0113kiem, kuri pelna maz, tas ir &#8220;t\u012brs&#8221; algas pielikums.<\/p>\n<blockquote>\n<p style=\"margin-left:0cm; margin-right:0cm\">Darba dev\u0113jam \u2013 papildu izdevumi. Bet vald\u012bbai t\u0101 ir savdab\u012bga deja ar elektor\u0101tu,<\/p>\n<\/blockquote>\n<p style=\"margin-left:0cm; margin-right:0cm\">kur\u0101 katrs solis ir prec\u012bzi apr\u0113\u0137in\u0101ts, lai neuzm\u012btu v\u0113l\u0113t\u0101jam uz k\u0101jas.<\/p>\n<p style=\"margin-left:0cm; margin-right:0cm\">Valdo\u0161\u0101 partija labi zina \u2013 kad p\u0113c vienpadsmit m\u0113ne\u0161iem pilsonis atn\u0101ks pie v\u0113l\u0113\u0161anu urnas, vi\u0146am j\u0101atceras nevis skand\u0101li ar &#8220;Rail Baltica&#8221;, bet tas, ka kont\u0101 tagad ir vair\u0101k naudas.<\/p>\n<p style=\"margin-left:0cm; margin-right:0cm\">Ta\u010du ir nianse, kas nav izprotama ar manu Baltkrievij\u0101 g\u016bto pieredzi. Latvij\u0101 v\u0113l\u0113t\u0101ju lojalit\u0101ti nevar nopirkt ar &#8220;tuk\u0161u&#8221; naudu. Nevar k\u0101 Luka\u0161enko \u2013 pav\u0113l\u0113t Nacion\u0101lajai bankai iesl\u0113gt naudas druk\u0101\u0161anas ma\u0161\u012bnu. Kaut vai t\u0101d\u0113\u013c, ka &#8220;druk\u0101\u0161anas ma\u0161\u012bna&#8221; jau sen atrodas Eiropas Centr\u0101laj\u0101 bank\u0101 Frankfurt\u0113.<\/p>\n<blockquote>\n<p style=\"margin-left:0cm; margin-right:0cm\">Katru eiro, kas apsol\u012bts jaunajai m\u0101mi\u0146ai vai pension\u0101ram 2026. gad\u0101, j\u0101atrod citu ministriju kabat\u0101s vai j\u0101aiz\u0146emas no starptautiskajiem aizdev\u0113jiem.<\/p>\n<\/blockquote>\n<p style=\"margin-left:0cm; margin-right:0cm\">V\u0113l naudu var l\u016bgt Eiropas fondiem. Tom\u0113r &#8220;Eiropa&#8221; summu nekad neiedos simtprocent\u012bgi. Vienm\u0113r tikai konkr\u0113tiem projektiem un vienm\u0113r tikai da\u013cu, kas b\u016bs j\u0101papildina ar Latvijas naudu.<\/p>\n<p style=\"margin-left:0cm; margin-right:0cm\">Baltkrievij\u0101 &#8220;dar\u012bjums&#8221; ar tautu izskat\u0101s pavisam cit\u0101di: &#8220;Es jums \u2013 pa 500 (varb\u016bt), j\u016bs man \u2013 klus\u0113\u0161anu, ja ne \u2013 non\u0101ksiet aiztur\u0113to autofurgon\u0101.&#8221;<\/p>\n<p>Nauda aizsardz\u012bbai un soci\u0101lajam atbalstam<\/p>\n<p style=\"margin-left:0cm; margin-right:0cm\">Latvij\u0101 izstr\u0101d\u0101ts bud\u017eets ar defic\u012btu 3,3% no iek\u0161zemes kopprodukta (tas ir apm\u0113ram 1,8 miljardi eiro). Eiropas Komisija at\u013cauj &#8220;caurumu&#8221;, kas nav liel\u0101ks par 3%. Defic\u012bta pieaugums ir galvenok\u0101rt aizsardz\u012bbas vajadz\u012bbu d\u0113\u013c. T\u0101 ir visliel\u0101k\u0101 bud\u017eeta poz\u012bcija. Uz \u0161o &#8220;nepiln\u012bbu&#8221; Eiropas Komisija skat\u0101s caur pirkstiem \u2013 nauda tiks t\u0113r\u0113ta aizsardz\u012bbai pret \u0101r\u0113jo ienaidnieku.<\/p>\n<p style=\"margin-left:0cm; margin-right:0cm\">Baltkrievij\u0101 izdevumi <a href=\"https:\/\/news.zerkalo.io\/economics\/112662.html#google_vignette\" target=\"_blank\" rel=\"nofollow noopener\">&#8220;sp\u0113ka blokam&#8221; <\/a>n\u0101kamgad ar\u012b palielin\u0101sies, sal\u012bdzinot ar \u0161o gadu. Ta\u010du<\/p>\n<blockquote>\n<p style=\"margin-left:0cm; margin-right:0cm\">\u0161\u012b nauda b\u016bs nevis aizsardz\u012bbai pret \u0101r\u0113jo ienaidnieku, bet pret\u2026 mani. Un pret daudziem t\u016bksto\u0161iem manu l\u012bdzpilso\u0146u, kas s\u0113\u017e cietumos.<\/p>\n<\/blockquote>\n<p style=\"margin-left:0cm; margin-right:0cm\">T\u0101s ir algas cietumsargiem, jauns ekip\u0113jums omonie\u0161iem un pr\u0113mijas tiesne\u0161iem\u2026<\/p>\n<p style=\"margin-left:0cm; margin-right:0cm\">J\u0101atceras \u2013 &#8220;caurumu&#8221; Baltkrievijas bud\u017eet\u0101 neaizl\u0101p\u012bs tirgus, investori un pat ne inform\u0101cijas tehnolo\u0123iju bizness (tas bija sekm\u012bgs pirms pieciem gadiem).<\/p>\n<p style=\"margin-left:0cm; margin-right:0cm\">To aizl\u0101p\u012bs nauda no Krievijas.<\/p>\n<p style=\"margin-left:0cm; margin-right:0cm\">R\u012bg\u0101 ministrs pamato akc\u012bzes nodok\u013ca palielin\u0101\u0161anu degvielai par katru centu. Savuk\u0101rt Minsk\u0101 &#8220;uzz\u012bm\u0113&#8221; vajadz\u012bgo skaitli, zinot, ka iespiedma\u0161\u012bna &#8220;pap\u012bri\u0146us&#8221; nodruk\u0101s v\u0113l. \u00a0<\/p>\n<p>K\u0101d\u0113\u013c es apskau\u017eu Latvijas cilv\u0113kus<\/p>\n<p style=\"margin-left:0cm; margin-right:0cm\">Laiku pa laikam aizeju uz veikalu un pamanu, ka gada laik\u0101 da\u017e\u0101m prec\u0113m cenas pieaugu\u0161as par nedaudziem procentiem, bet cit\u0101m \u2013 pat par vair\u0101kiem desmitiem procentu. Un no sarun\u0101m ar kaimi\u0146iem zinu, ka Latvijas cilv\u0113ki ar to ir neapmierin\u0101ti (un es ar\u012b kop\u0101 ar vi\u0146iem).<\/p>\n<p style=\"margin-left:0cm; margin-right:0cm\">Ta\u010du es v\u0113l atceros, k\u0101 ik janv\u0101ri Baltkrievij\u0101 cilv\u0113ki st\u0101v rind\u0101s pie val\u016btas mai\u0146as punktiem, lai <a href=\"https:\/\/www.lsm.lv\/raksts\/arpus-etera\/arpus-etera\/15.12.2024-dumki-belarusa-dolars-baltkrievijas-nacionala-valuta-kapec-baltkrievi-netic-savam-rublim.a579954\/\" class=\"lsm-link\" data-type=\"article\" data-id=\"579954\" rel=\"nofollow noopener\" target=\"_blank\">nopirktu dol\u0101rus<\/a>. \u00a0Jo re\u017e\u012bma vald\u012b\u0161anas tr\u012bsdesmit gados baltkrievi p\u0101rdz\u012bvoju\u0161i tr\u012bs denomin\u0101cijas, \u010detras devalv\u0101cijas un vair\u0101kas ekonomikas kr\u012bzes.<\/p>\n<p style=\"margin-left:0cm; margin-right:0cm\">Un es, b\u0113glis, redzu to, ko nepaman\u0101t j\u016bs.<\/p>\n<p style=\"margin-left:0cm; margin-right:0cm\">R\u012bt eiro kurss nekrit\u012bsies divk\u0101rt tikai t\u0101d\u0113\u013c, ka t\u0101 k\u0101ds nol\u0113mis.<\/p>\n<blockquote>\n<p style=\"margin-left:0cm; margin-right:0cm\">Ziniet, m\u012b\u013cie, Latvijas vara baid\u0101s \u2013 no\u2026 jums.<\/p>\n<\/blockquote>\n<p style=\"margin-left:0cm; margin-right:0cm\">Valsts bud\u017eets ir izstr\u0101d\u0101ts t\u0101, lai patiktu jums. J\u0101, tas nav piln\u012bgs, tas ir ar defic\u012btu, bet tas ir centr\u0113ts uz cilv\u0113ku.<\/p>\n<blockquote>\n<p style=\"margin-left:0cm; margin-right:0cm\">Un, ja jums liekas, ka galvenais finan\u0161u dokuments ir izstr\u0101d\u0101ts k\u013c\u016bdaini, n\u0101kamgad oktobr\u012b j\u016bs var\u0113siet atlaist &#8220;gr\u0101matve\u017eus&#8221;.<\/p>\n<\/blockquote>\n<p style=\"margin-left:0cm; margin-right:0cm\">Baltkrievij\u0101 &#8220;r\u0113\u0137invedis&#8221; k\u013c\u016bd\u0101s par miljardiem. Ta\u010du atlaist vi\u0146u nevar.<\/p>\n<p style=\"margin-left:0cm; margin-right:0cm\">Pagaid\u0101m.<\/p>\n<p>                    Valodas k\u013c\u016bda rakst\u0101?<\/p>\n<p class=\"d-none d-md-block\">Iez\u012bm\u0113jiet tekstu un spiediet Ctrl+Enter, lai nos\u016bt\u012btu labojamo teksta fragmentu redaktoram! Par faktu k\u013c\u016bd\u0101m l\u016bdzam zi\u0146ot e-past\u0101 <a href=\"https:\/\/www.lsm.lv\/cdn-cgi\/l\/email-protection\" class=\"__cf_email__\" data-cfemail=\"cab8afaeaba1a9a3a0ab8aa6b9a7e4a6bc\" rel=\"nofollow noopener\" target=\"_blank\">[email\u00a0protected]<\/a>.<\/p>\n<p class=\"d-md-none\">Iez\u012bm\u0113jiet tekstu un spiediet uz Zi\u0146ot par k\u013c\u016bdu pogas, lai nos\u016bt\u012btu labojamo teksta fragmentu redaktoram!<\/p>\n<p>\n                    Zi\u0146ot par k\u013c\u016bdu\n                <\/p>\n","protected":false},"excerpt":{"rendered":"\u0160oned\u0113\u013c Saeima beidzot pie\u0146\u0113ma 2026. gada valsts bud\u017eetu. Un izdar\u012bja to nevis klusi, k\u0101 man\u0101 dzimten\u0113, bet ska\u013ci.&hellip;\n","protected":false},"author":2,"featured_media":67844,"comment_status":"","ping_status":"","sticky":false,"template":"","format":"standard","meta":{"footnotes":""},"categories":[5],"tags":[23,28,29,32,33,22,30,31,35,39,38,36,37,34,40,20,26,27,24,25,21],"class_list":{"0":"post-67843","1":"post","2":"type-post","3":"status-publish","4":"format-standard","5":"has-post-thumbnail","7":"category-aktualitates","8":"tag-aktualitates","9":"tag-breaking-news","10":"tag-breakingnews","11":"tag-featured-news","12":"tag-featurednews","13":"tag-headlines","14":"tag-latest-news","15":"tag-latestnews","16":"tag-latvia","17":"tag-latvian","18":"tag-latviesu","19":"tag-latviesu-valoda","20":"tag-latviesuvaloda","21":"tag-latvija","22":"tag-lv","23":"tag-news","24":"tag-popularakas-zinas","25":"tag-popularakaszinas","26":"tag-top-stories","27":"tag-topstories","28":"tag-zinas"},"share_on_mastodon":{"url":"https:\/\/pubeurope.com\/@lv\/115678123463394346","error":""},"_links":{"self":[{"href":"https:\/\/www.europesays.com\/lv\/wp-json\/wp\/v2\/posts\/67843","targetHints":{"allow":["GET"]}}],"collection":[{"href":"https:\/\/www.europesays.com\/lv\/wp-json\/wp\/v2\/posts"}],"about":[{"href":"https:\/\/www.europesays.com\/lv\/wp-json\/wp\/v2\/types\/post"}],"author":[{"embeddable":true,"href":"https:\/\/www.europesays.com\/lv\/wp-json\/wp\/v2\/users\/2"}],"replies":[{"embeddable":true,"href":"https:\/\/www.europesays.com\/lv\/wp-json\/wp\/v2\/comments?post=67843"}],"version-history":[{"count":0,"href":"https:\/\/www.europesays.com\/lv\/wp-json\/wp\/v2\/posts\/67843\/revisions"}],"wp:featuredmedia":[{"embeddable":true,"href":"https:\/\/www.europesays.com\/lv\/wp-json\/wp\/v2\/media\/67844"}],"wp:attachment":[{"href":"https:\/\/www.europesays.com\/lv\/wp-json\/wp\/v2\/media?parent=67843"}],"wp:term":[{"taxonomy":"category","embeddable":true,"href":"https:\/\/www.europesays.com\/lv\/wp-json\/wp\/v2\/categories?post=67843"},{"taxonomy":"post_tag","embeddable":true,"href":"https:\/\/www.europesays.com\/lv\/wp-json\/wp\/v2\/tags?post=67843"}],"curies":[{"name":"wp","href":"https:\/\/api.w.org\/{rel}","templated":true}]}}