{"id":67849,"date":"2025-12-07T11:52:06","date_gmt":"2025-12-07T11:52:06","guid":{"rendered":"https:\/\/www.europesays.com\/lv\/67849\/"},"modified":"2025-12-07T11:52:06","modified_gmt":"2025-12-07T11:52:06","slug":"foto-ista-sapnu-galaktika-daugavpils-pasvaldiba-ziemassvetku-dekoracijam-sogad-terejusi-pravu-summu-la-lv","status":"publish","type":"post","link":"https:\/\/www.europesays.com\/lv\/67849\/","title":{"rendered":"FOTO. \u012asta sap\u0146u galaktika! Daugavpils pa\u0161vald\u012bba Ziemassv\u0113tku dekor\u0101cij\u0101m \u0161ogad t\u0113r\u0113jusi pr\u0101vu summu &#8211; LA.LV"},"content":{"rendered":"<ol>\n<li><a href=\"https:\/\/news.google.com\/rss\/articles\/CBMiuAFBVV95cUxOTHV1M19IalQ2enkwLV9UV1dqUzZBd2VNZnloTTJ2MGFhWmJFcERja1VVVE5reTlEQXVVRGs3VUw2eXhXOG1ubEpzVWRDY1U5a0V3YU1KZ2NPMjlYNzhwWW5oOXhnWGo5YWtaa1JlOXQxMVVMN2JGSmtmb1BoZzNmQWFJaV8zT0EwOC1QdmttTkFpT3ctQV8tbG8yZ1pjSW9rZUdLSFpRTmRaRU9XZFlnVE1NWUthZzlY?oc=5\" target=\"_blank\" rel=\"nofollow noopener\">FOTO. \u012asta sap\u0146u galaktika! Daugavpils pa\u0161vald\u012bba Ziemassv\u0113tku dekor\u0101cij\u0101m \u0161ogad t\u0113r\u0113jusi pr\u0101vu summu<\/a>&nbsp;&nbsp;LA.LV<\/li>\n<li><a href=\"https:\/\/news.google.com\/rss\/articles\/CBMivAFBVV95cUxQUEpZekZTODBpQzJLZERsR2VPaXVUaktPbDZ4REo3V0xQS253UTltVlZJRnN2ZzRnc19wVUQ1UzhqUVdYVGs5alNzYmdJZ19FSnQxRWZwaDRKR29IcjhUWUhNVWRzR2NONGliYlp3V3cxSENJWkFocmxRRGc3OW9YQUhJbWpVWHp5Rk5UZXJVd3YwdFNmVEZ2V25BeDFmMWp1YkEwVHppTWlFVG0yVFRaTUczRkM1RTZ5OWExXw?oc=5\" target=\"_blank\" rel=\"nofollow noopener\">Daugavpil\u012b Ziemassv\u0113tku egle velt\u012bta st\u0101stam par Mazo princi \/ Raksts<\/a>&nbsp;&nbsp;LSM<\/li>\n<li><a href=\"https:\/\/news.google.com\/rss\/articles\/CBMimgFBVV95cUxNUFFHMFlIeG1abDFLOEQ5d0JpVTFMWm80LV83UUZlOThNeVZBZ29NWTJ3SG9jLXJ2WEQ1RHlrMldvaTlFTjRib25BaW1UekNrU0hISnlPMHFJRUItMm94QWlRc191WjFpYnBOWEtJZkROb0ItTHFtRTI4TkVGMnM1OVl1SktnX1RNaTB5OUNPNERrbHhmMnRoSDh3?oc=5\" target=\"_blank\" rel=\"nofollow noopener\">Zin\u0101ms, cik izmaks\u0101jis Daugavpils Ziemassv\u0113tku noform\u0113jums<\/a>&nbsp;&nbsp;Jauns.lv<\/li>\n<li><a href=\"https:\/\/news.google.com\/rss\/articles\/CBMixgFBVV95cUxPcEdUdjYxcVFXWDlJWXF1anY3NEcydHFJc3RiQUd4dkI4UjlzMmpsX3ExMHEyck1yUEZNd0pVekVZeEg2bDJOOXRkRXNCNk92UlVFbWlscjI2NDZ5SzJFVXJPbU44eWpEaFJjeXFGZEhVWWpmV1BBVEVRQWc1eGpxNUtsa2Fnd245SUJndnZzQ1RmbDFMYmE0WFJYa0Q1QUx1dUl0NTRyNkI2ZjhoNjBPS1dTOFhKQ1NxbzZ0VE9ZWHIwVThzQmc?oc=5\" target=\"_blank\" rel=\"nofollow noopener\">No 8. decembra Daugavpil\u012b s\u0101ksies pieteik\u0161an\u0101s Ziemassv\u0113tku noform\u0113juma konkursam<\/a>&nbsp;&nbsp;LV port\u0101ls<\/li>\n<li><a href=\"https:\/\/news.google.com\/rss\/articles\/CBMi2AFBVV95cUxPejRXbk5DYkZjc245TTcyemp1S2FacF9wNEJhQVNsWUh6b1pzOHQtMlI4YklRWDYzNW1zeEVhU0JaalI4VzRwWG9MQ3VjbHBLRi1hMmRVam4taVNQYjdHY19VODJXUmdTQkpuVjFuZDIycUs4LXBieVNEeTFfdy1XbndteXpZWnhLRmhkRUUyMU5VQUIyYkhfSkZHRFBVT0p1VnN4MF83aThEckpMcXltQjYwZnN5ZVNxbDdYa3hRa3p2NVo4RkxfMFpLRk9GMFdZbXlZRlBZaHU?oc=5\" target=\"_blank\" rel=\"nofollow noopener\">Daugavpil\u012b, neskait\u0101mu galaktiku spo\u017eum\u0101, iemirdz\u0113j\u0101s galven\u0101 Ziemassv\u0113tku egle<\/a>&nbsp;&nbsp;Daugavpils.lv<\/li>\n<\/ol>\n","protected":false},"excerpt":{"rendered":"FOTO. \u012asta sap\u0146u galaktika! Daugavpils pa\u0161vald\u012bba Ziemassv\u0113tku dekor\u0101cij\u0101m \u0161ogad t\u0113r\u0113jusi pr\u0101vu summu&nbsp;&nbsp;LA.LV Daugavpil\u012b Ziemassv\u0113tku egle velt\u012bta st\u0101stam par&hellip;\n","protected":false},"author":2,"featured_media":67850,"comment_status":"","ping_status":"","sticky":false,"template":"","format":"standard","meta":{"footnotes":""},"categories":[5],"tags":[23,28,29,32,33,22,30,31,35,39,38,36,37,34,40,20,26,27,24,25,21],"class_list":{"0":"post-67849","1":"post","2":"type-post","3":"status-publish","4":"format-standard","5":"has-post-thumbnail","7":"category-aktualitates","8":"tag-aktualitates","9":"tag-breaking-news","10":"tag-breakingnews","11":"tag-featured-news","12":"tag-featurednews","13":"tag-headlines","14":"tag-latest-news","15":"tag-latestnews","16":"tag-latvia","17":"tag-latvian","18":"tag-latviesu","19":"tag-latviesu-valoda","20":"tag-latviesuvaloda","21":"tag-latvija","22":"tag-lv","23":"tag-news","24":"tag-popularakas-zinas","25":"tag-popularakaszinas","26":"tag-top-stories","27":"tag-topstories","28":"tag-zinas"},"share_on_mastodon":{"url":"https:\/\/pubeurope.com\/@lv\/115678146941858922","error":""},"_links":{"self":[{"href":"https:\/\/www.europesays.com\/lv\/wp-json\/wp\/v2\/posts\/67849","targetHints":{"allow":["GET"]}}],"collection":[{"href":"https:\/\/www.europesays.com\/lv\/wp-json\/wp\/v2\/posts"}],"about":[{"href":"https:\/\/www.europesays.com\/lv\/wp-json\/wp\/v2\/types\/post"}],"author":[{"embeddable":true,"href":"https:\/\/www.europesays.com\/lv\/wp-json\/wp\/v2\/users\/2"}],"replies":[{"embeddable":true,"href":"https:\/\/www.europesays.com\/lv\/wp-json\/wp\/v2\/comments?post=67849"}],"version-history":[{"count":0,"href":"https:\/\/www.europesays.com\/lv\/wp-json\/wp\/v2\/posts\/67849\/revisions"}],"wp:featuredmedia":[{"embeddable":true,"href":"https:\/\/www.europesays.com\/lv\/wp-json\/wp\/v2\/media\/67850"}],"wp:attachment":[{"href":"https:\/\/www.europesays.com\/lv\/wp-json\/wp\/v2\/media?parent=67849"}],"wp:term":[{"taxonomy":"category","embeddable":true,"href":"https:\/\/www.europesays.com\/lv\/wp-json\/wp\/v2\/categories?post=67849"},{"taxonomy":"post_tag","embeddable":true,"href":"https:\/\/www.europesays.com\/lv\/wp-json\/wp\/v2\/tags?post=67849"}],"curies":[{"name":"wp","href":"https:\/\/api.w.org\/{rel}","templated":true}]}}