{"id":67865,"date":"2025-12-07T12:31:08","date_gmt":"2025-12-07T12:31:08","guid":{"rendered":"https:\/\/www.europesays.com\/lv\/67865\/"},"modified":"2025-12-07T12:31:08","modified_gmt":"2025-12-07T12:31:08","slug":"eiropas-pirmais-pilniba-autonomais-drosmisais-iznicinatajs-lente-lv","status":"publish","type":"post","link":"https:\/\/www.europesays.com\/lv\/67865\/","title":{"rendered":"Eiropas pirmais piln\u012bb\u0101 autonomais drosmisais izn\u012bcin\u0101t\u0101js\u00a0\u2014\u00a0Lente.lv"},"content":{"rendered":"<p>Jaun\u0101kais Eiropas drosm\u012bgais solis debes\u012bs: s\u0101kas CA-1 Europa att\u012bst\u012bba<\/p>\n<p>V\u0101cijas tehnolo\u0123iju uz\u0146\u0113mums Helsing, kas ir pionieris m\u0101ksl\u012bg\u0101 intelekta (MI) sist\u0113mu izstr\u0101d\u0113, ir sniedzis pasaul\u0113 pirmo ieskatu par savu jauno bezpilota izn\u012bcin\u0101t\u0101ju \u2013 CA-1 Europa. Lai gan \u0161obr\u012bd tas ir r\u016bp\u012bgi izstr\u0101d\u0101ts projekts, ambiciozais m\u0113r\u0137is ir pan\u0101kt s\u0113rijveida ra\u017eo\u0161anu sadarb\u012bb\u0101 ar citiem Eiropas uz\u0146\u0113mumiem. \u0160is projekts iez\u012bm\u0113 noz\u012bm\u012bgu pagrieziena punktu Eiropas aizsardz\u012bbas industrij\u0101, cen\u0161oties nostiprin\u0101t t\u0101s neatkar\u012bbu un tehnolo\u0123isko potenci\u0101lu gaisa telp\u0101.<\/p>\n<p>Inteli\u0123ence un autonomija \u2013 CA-1 Europa sirds<\/p>\n<p>CA-1 Europa tiks apr\u012bkots ar vismodern\u0101ko Centaur AI sist\u0113mu, kas ne tikai vad\u012bs \u0161o dronu, bet ar\u012b nodro\u0161in\u0101s t\u0101 augsto autonomijas l\u012bmeni. \u0160is MI sist\u0113mas integr\u0113jums ir ne tikai tehnolo\u0123isks sasniegums, bet ar\u012b b\u016btiska at\u0161\u0137ir\u012bba no tradicion\u0101lajiem lidapar\u0101tiem. Pl\u0101notais lidapar\u0101ta svars b\u016bs aptuveni no 3 l\u012bdz 5 tonn\u0101m, kas liecina par t\u0101 potenci\u0101lu veikt pla\u0161u uzdevumu kl\u0101stu. Helsing uzsver, ka CA-1 Europa ir rad\u012bts k\u0101 daudzpus\u012bgs, autonomiem lidojumiem piem\u0113rots gaisa ku\u0123is, kas sp\u0113j sasniegt dobas\u016bniskos \u0101trumus. T\u0101 dizains balst\u012bts uz autonomijas un m\u0113rogojam\u012bbas principiem, \u013caujot tam darboties gan patst\u0101v\u012bgi, gan k\u0101 da\u013cai no liel\u0101ka, pilot\u0113jamu izn\u012bcin\u0101t\u0101ju bara.<\/p>\n<p>Sol\u012bjumi par masveida ra\u017eo\u0161anu un glob\u0101lu konkur\u0113tsp\u0113ju<\/p>\n<p>Helsing sola ne tikai novatorisku produktu, bet ar\u012b masveida ra\u017eo\u0161anu, pieejamu kravnes\u012bbu un pasaules l\u012bme\u0146a programmat\u016bru. \u0160\u012b programmat\u016bra nodro\u0161in\u0101s gan pilotus, gan MI ar *uzlabotu situ\u0101cijas apzin\u0101\u0161anos* kaujas apst\u0101k\u013cos, kas ir kritiski svar\u012bgi m\u016bsdienu dinamiskaj\u0101 milit\u0101raj\u0101 vid\u0113. \u0160obr\u012bd notiek intens\u012bvi test\u0113\u0161anas darbi uz\u0146\u0113mum\u0101 Grob Aircraft, kas ir paz\u012bstams ar savu pieredzi vieglo lidapar\u0101tu ra\u017eo\u0161an\u0101 un ir pieg\u0101d\u0101jis m\u0101c\u012bbu lidma\u0161\u012bnas vair\u0101k\u0101m gaisa sp\u0113ku strukt\u016br\u0101m pasaul\u0113.<\/p>\n<p>Skaidr\u012bba par n\u0101kotni un \u0113tiskie izaicin\u0101jumi<\/p>\n<p>Lai gan detaliz\u0113ta inform\u0101cija par CA-1 Europa bru\u0146ojumu, dzin\u0113ja tipu un prec\u012bzu izmaksu pagaid\u0101m netiek sniegta, Helsing vad\u012bba ir p\u0101rliecin\u0101ta, ka t\u0101 izmaksas b\u016bs *iev\u0113rojami zem\u0101kas* nek\u0101 tradicion\u0101lo izn\u012bcin\u0101t\u0101ju ra\u017eo\u0161an\u0101. Co-founder un izpilddirektors Torstens Reils uzsver: <\/p>\n<blockquote><p>\u201eBezpilota izn\u012bcin\u0101t\u0101ji k\u013c\u016bs par galveno faktoru gaisa telpas domin\u0113\u0161anas nodro\u0161in\u0101\u0161an\u0101 un m\u016bsu dro\u0161\u012bbas garant\u0113\u0161an\u0101. Eiropa nedr\u012bkst atpalikt \u0161aj\u0101 kategorij\u0101 vai b\u016bt atkar\u012bga no tre\u0161aj\u0101m pus\u0113m. Ar CA-1 Europa m\u0113s nodro\u0161in\u0101sim, ka tas nenotiks.\u201d<\/p><\/blockquote>\n<p>Tom\u0113r anal\u012bti\u0137i nor\u0101da uz potenci\u0101lajiem izaicin\u0101jumiem. Helsing, kas dibin\u0101ts 2021. gad\u0101, v\u0113l nav demonstr\u0113jis savu dronu pla\u0161a m\u0113roga pielieto\u0161anu. Lai gan uz\u0146\u0113mums jau ir pieg\u0101d\u0101jis Ukrainai kaujas dronus, kas da\u013c\u0113ji izmanto MI, *autonomija* rada nopietnas \u0113tiskas un praktiskas probl\u0113mas. Galvenais jaut\u0101jums ir: kur\u0161 kontrol\u0113s MI izn\u012bcin\u0101t\u0101ju baru p\u0113c to palai\u0161anas? K\u0101 milit\u0101rie sp\u0113ki var garant\u0113t dro\u0161\u012bbu, atbild\u012bbu un savald\u012bbu, kad n\u0101v\u0113jo\u0161i l\u0113mumi tiek pie\u0146emti ma\u0161\u012bnas \u0101trum\u0101? \u0160ie jaut\u0101jumi prasa r\u016bp\u012bgu izv\u0113rt\u0113\u0161anu, att\u012bstot \u0161\u0101das jaud\u012bgas tehnolo\u0123ijas.<\/p>\n","protected":false},"excerpt":{"rendered":"Jaun\u0101kais Eiropas drosm\u012bgais solis debes\u012bs: s\u0101kas CA-1 Europa att\u012bst\u012bba V\u0101cijas tehnolo\u0123iju uz\u0146\u0113mums Helsing, kas ir pionieris m\u0101ksl\u012bg\u0101 intelekta&hellip;\n","protected":false},"author":2,"featured_media":67866,"comment_status":"","ping_status":"","sticky":false,"template":"","format":"standard","meta":{"footnotes":""},"categories":[16],"tags":[15787,77,76,15785,17435,15786,35,39,38,36,37,34,40,87],"class_list":{"0":"post-67865","1":"post","2":"type-post","3":"status-publish","4":"format-standard","5":"has-post-thumbnail","7":"category-bizness","8":"tag-bezpilota-iznicinatajs","9":"tag-bizness","10":"tag-business","11":"tag-ca-1-europa","12":"tag-eiropas-aizsardziba","13":"tag-helsing","14":"tag-latvia","15":"tag-latvian","16":"tag-latviesu","17":"tag-latviesu-valoda","18":"tag-latviesuvaloda","19":"tag-latvija","20":"tag-lv","21":"tag-maksligais-intelekts"},"share_on_mastodon":{"url":"https:\/\/pubeurope.com\/@lv\/115678300542494275","error":""},"_links":{"self":[{"href":"https:\/\/www.europesays.com\/lv\/wp-json\/wp\/v2\/posts\/67865","targetHints":{"allow":["GET"]}}],"collection":[{"href":"https:\/\/www.europesays.com\/lv\/wp-json\/wp\/v2\/posts"}],"about":[{"href":"https:\/\/www.europesays.com\/lv\/wp-json\/wp\/v2\/types\/post"}],"author":[{"embeddable":true,"href":"https:\/\/www.europesays.com\/lv\/wp-json\/wp\/v2\/users\/2"}],"replies":[{"embeddable":true,"href":"https:\/\/www.europesays.com\/lv\/wp-json\/wp\/v2\/comments?post=67865"}],"version-history":[{"count":0,"href":"https:\/\/www.europesays.com\/lv\/wp-json\/wp\/v2\/posts\/67865\/revisions"}],"wp:featuredmedia":[{"embeddable":true,"href":"https:\/\/www.europesays.com\/lv\/wp-json\/wp\/v2\/media\/67866"}],"wp:attachment":[{"href":"https:\/\/www.europesays.com\/lv\/wp-json\/wp\/v2\/media?parent=67865"}],"wp:term":[{"taxonomy":"category","embeddable":true,"href":"https:\/\/www.europesays.com\/lv\/wp-json\/wp\/v2\/categories?post=67865"},{"taxonomy":"post_tag","embeddable":true,"href":"https:\/\/www.europesays.com\/lv\/wp-json\/wp\/v2\/tags?post=67865"}],"curies":[{"name":"wp","href":"https:\/\/api.w.org\/{rel}","templated":true}]}}