{"id":67877,"date":"2025-12-07T12:46:08","date_gmt":"2025-12-07T12:46:08","guid":{"rendered":"https:\/\/www.europesays.com\/lv\/67877\/"},"modified":"2025-12-07T12:46:08","modified_gmt":"2025-12-07T12:46:08","slug":"video-%e2%9f%a9-ticamibai-krapnieki-prasa-ne-tikai-naudu-bet-ari-halatus","status":"publish","type":"post","link":"https:\/\/www.europesays.com\/lv\/67877\/","title":{"rendered":"VIDEO \u27e9 Ticam\u012bbai kr\u0101pnieki prasa ne tikai naudu, bet ar\u012b hal\u0101tus"},"content":{"rendered":"<p>Joproj\u0101m daudzus t\u016bksto\u0161us skaidr\u0101 naud\u0101 kr\u0101pniekiem no sav\u0101m m\u0101j\u0101m iznes cilv\u0113ki gados, dom\u0101jot, ka t\u0101d\u0113j\u0101di gl\u0101bj tuvinieku no krimin\u0101lprocesa, kas draud par av\u0101rijas izrais\u012b\u0161anu. Lai cilv\u0113ki \u0161iem meliem tic\u0113tu ne\u0161aub\u012bgi, l\u012bdz ar naudu tiek pras\u012bta pat sega un hal\u0101ts, ko aizvest uz slimn\u012bcu it k\u0101 cietu\u0161ajam.<\/p>\n<p>T\u0101 r\u012bkoj\u0101s ar\u012b <a href=\"https:\/\/www.apollo.lv\/term\/562485\/krapnieki\" class=\"topicLink\" target=\"_blank\" rel=\"nofollow noopener\">kr\u0101pnieki<\/a> <a href=\"https:\/\/www.apollo.lv\/term\/27643\/jekabpils\" class=\"topicLink\" target=\"_blank\" rel=\"nofollow noopener\">J\u0113kabpils<\/a> pus\u0113, ta\u010du tur cietu\u0161aj\u0101m paveic\u0101s \u2013 tiesa nu jau nol\u0113musi, ka <a href=\"https:\/\/www.apollo.lv\/term\/555545\/nauda\" class=\"topicLink\" target=\"_blank\" rel=\"nofollow noopener\">nauda<\/a> vi\u0146\u0101m pien\u0101kas.<\/p>\n<p>Ar\u012b J\u0113kabpil\u012b sarunas ar cietu\u0161aj\u0101m notika krievu valod\u0101. Liet\u0101 bija iesaist\u012bta ar\u012b viet\u0113j\u0101, kura sniedza zi\u0146as par kr\u0101pniekiem.<\/p>\n<p>Vair\u0101k skatieties si\u017eet\u0101!<\/p>\n","protected":false},"excerpt":{"rendered":"Joproj\u0101m daudzus t\u016bksto\u0161us skaidr\u0101 naud\u0101 kr\u0101pniekiem no sav\u0101m m\u0101j\u0101m iznes cilv\u0113ki gados, dom\u0101jot, ka t\u0101d\u0113j\u0101di gl\u0101bj tuvinieku no&hellip;\n","protected":false},"author":2,"featured_media":49516,"comment_status":"","ping_status":"","sticky":false,"template":"","format":"standard","meta":{"footnotes":""},"categories":[5],"tags":[23,28,29,32,33,22,48,277,30,31,35,39,38,36,37,34,40,4353,20,26,27,24,25,21],"class_list":{"0":"post-67877","1":"post","2":"type-post","3":"status-publish","4":"format-standard","5":"has-post-thumbnail","7":"category-aktualitates","8":"tag-aktualitates","9":"tag-breaking-news","10":"tag-breakingnews","11":"tag-featured-news","12":"tag-featurednews","13":"tag-headlines","14":"tag-jekabpils","15":"tag-krapnieki","16":"tag-latest-news","17":"tag-latestnews","18":"tag-latvia","19":"tag-latvian","20":"tag-latviesu","21":"tag-latviesu-valoda","22":"tag-latviesuvaloda","23":"tag-latvija","24":"tag-lv","25":"tag-nauda","26":"tag-news","27":"tag-popularakas-zinas","28":"tag-popularakaszinas","29":"tag-top-stories","30":"tag-topstories","31":"tag-zinas"},"share_on_mastodon":{"url":"https:\/\/pubeurope.com\/@lv\/115678359244606914","error":""},"_links":{"self":[{"href":"https:\/\/www.europesays.com\/lv\/wp-json\/wp\/v2\/posts\/67877","targetHints":{"allow":["GET"]}}],"collection":[{"href":"https:\/\/www.europesays.com\/lv\/wp-json\/wp\/v2\/posts"}],"about":[{"href":"https:\/\/www.europesays.com\/lv\/wp-json\/wp\/v2\/types\/post"}],"author":[{"embeddable":true,"href":"https:\/\/www.europesays.com\/lv\/wp-json\/wp\/v2\/users\/2"}],"replies":[{"embeddable":true,"href":"https:\/\/www.europesays.com\/lv\/wp-json\/wp\/v2\/comments?post=67877"}],"version-history":[{"count":0,"href":"https:\/\/www.europesays.com\/lv\/wp-json\/wp\/v2\/posts\/67877\/revisions"}],"wp:featuredmedia":[{"embeddable":true,"href":"https:\/\/www.europesays.com\/lv\/wp-json\/wp\/v2\/media\/49516"}],"wp:attachment":[{"href":"https:\/\/www.europesays.com\/lv\/wp-json\/wp\/v2\/media?parent=67877"}],"wp:term":[{"taxonomy":"category","embeddable":true,"href":"https:\/\/www.europesays.com\/lv\/wp-json\/wp\/v2\/categories?post=67877"},{"taxonomy":"post_tag","embeddable":true,"href":"https:\/\/www.europesays.com\/lv\/wp-json\/wp\/v2\/tags?post=67877"}],"curies":[{"name":"wp","href":"https:\/\/api.w.org\/{rel}","templated":true}]}}