{"id":67880,"date":"2025-12-07T12:51:09","date_gmt":"2025-12-07T12:51:09","guid":{"rendered":"https:\/\/www.europesays.com\/lv\/67880\/"},"modified":"2025-12-07T12:51:09","modified_gmt":"2025-12-07T12:51:09","slug":"auto-evakuatora-pakalpojumi-var-izmaksat-simtiem-eiro-pateretaju-aizsargi-norada-pastav-brivais-tirgus-raksts","status":"publish","type":"post","link":"https:\/\/www.europesays.com\/lv\/67880\/","title":{"rendered":"Auto evakuatora pakalpojumi var izmaks\u0101t simtiem eiro. Pat\u0113r\u0113t\u0101ju aizsargi nor\u0101da \u2013 past\u0101v br\u012bvais tirgus \/ Raksts"},"content":{"rendered":"<p>Auto evaku\u0101cijas pakalpojumu tirg\u016b noteiktu tarifu nav\u00a0un pied\u0101v\u0101t\u0101s cenas var sv\u0101rst\u012bties no da\u017eiem desmitiem l\u012bdz pat vair\u0101kiem simtiem eiro, noskaidroja Latvijas Telev\u012bzijas raid\u012bjums &#8220;4. studija&#8221;. Pat\u0113r\u0113t\u0101ju ties\u012bbu aizsardz\u012bbas centr\u0101 nor\u0101d\u012bja, ka par auto evakuatoru darbu nav sa\u0146emts tik daudz s\u016bdz\u012bbu, lai b\u016btu uzskat\u0101ms, ka \u0161aj\u0101 nozar\u0113 ir probl\u0113mas. \u00a0<\/p>\n<p>Auto gr\u0101v\u012b nost\u0101v vair\u0101kas ned\u0113\u013cas<\/p>\n<p>Vair\u0101kas ned\u0113\u013cas gr\u0101v\u012b pie Bauskas \u0161osejas k\u0101ds bija atst\u0101jis savu automa\u0161\u012bnu, kas cilv\u0113kos rais\u012bja neizpratni \u2013 kuram \u0161is auto b\u016btu j\u0101aizved un k\u0101p\u0113c tas visp\u0101r atst\u0101ts ce\u013ca mal\u0101.<\/p>\n<p>Iedz\u012bvot\u0101ji v\u0113rs\u0101s ar\u012b pie \u0136ekavas re\u0123ion\u0101l\u0101s pa\u0161vald\u012bbas policijas.<\/p>\n<p>&#8220;Sazin\u0101j\u0101mies ar Valsts policiju, un mums izskaidroja, ka tas ir saist\u012bts ar ce\u013cu satiksmes negad\u012bjumu. T\u0101tad \u0161aj\u0101 gad\u012bjum\u0101, protams, jaut\u0101jums, kas skar ce\u013cu satiksmes negad\u012bjumus, ir Valsts policijas kompetenc\u0113. L\u012bdz ar to t\u0101 ma\u0161\u012bna tur t\u0101 k\u0101 palika st\u0101v\u0113t,&#8221; raid\u012bjumam skaidroja \u0136ekavas re\u0123ion\u0101l\u0101s pa\u0161vald\u012bbas policijas priek\u0161nieks M\u0101ris Bomi\u0146\u0161.<\/p>\n<p>            <img decoding=\"async\" src=\"https:\/\/www.europesays.com\/lv\/wp-content\/uploads\/2025\/12\/s6f9.jpg\" alt=\"Automa\u0161\u012bna gr\u0101v\u012b pie Bauskas \u0161osejas\"\/><\/p>\n<p>Automa\u0161\u012bna gr\u0101v\u012b pie Bauskas \u0161osejas<\/p>\n<p>Foto: 4. studija<\/p>\n<\/p>\n<p>Tom\u0113r Valsts policija &#8220;4. studijai&#8221; paskaidroja, ka \u0161is negad\u012bjums ar visu taj\u0101 iesaist\u012bto auto nav bijis Valsts policijas kompetenc\u0113.<\/p>\n<p>&#8220;Par konkr\u0113to gad\u012bjumu Valsts policija nav uzs\u0101kusi procesu, jo nav iesaist\u012bta vai boj\u0101ta tre\u0161\u0101s personas manta,&#8221; past\u0101st\u012bja Valsts policijas Sabiedrisko attiec\u012bbu noda\u013cas vec\u0101k\u0101 speci\u0101liste L\u012bna Bagdone.<\/p>\n<p>T\u0101 ar\u012b ma\u0161\u012bna turpin\u0101ja atrasties gr\u0101v\u012b. Tiesa gan, to apjoza ar policijas lentu \u2013 informat\u012bvos nol\u016bkos, lai sabiedr\u012bba saprastu, ka likumsargi par \u0161o auto zina.\u00a0<\/p>\n<p>\u0160obr\u012bd jau auto ir evaku\u0113ts, un p\u0101rve\u0161anas darbu laik\u0101 atz\u012bts, ka sp\u0113krata saimniekam ir gr\u016bt\u012bbas\u00a0ar finans\u0113m, lai noalgotu auto evakuatora pakalpojuma sniedz\u0113ju.<\/p>\n<p>Policija \u012bpa\u0161nieku br\u012bdin\u0101ja par iesp\u0113jam\u0101m izmaks\u0101m<\/p>\n<p>Pa\u0161vald\u012bbas policija skaidroja, ka var piesaist\u012bt auto evakuatoru tikai t\u0101dos gad\u012bjumos, kad automa\u0161\u012bna trauc\u0113, ir\u00a0novietota b\u012bstam\u0101 viet\u0101\u00a0vai ar\u012b\u00a0ir pamesta.<\/p>\n<p>&#8220;Tai ma\u0161\u012bnai, j\u0101atz\u012bst, novembra s\u0101kum\u0101 bija beigusies valsts tehnisk\u0101 apskate, un \u0161aj\u0101 gad\u012bjum\u0101 ir j\u0101paiet 15 dien\u0101m, lai\u00a0\u0161o ma\u0161\u012bnu var\u0113tu kvalific\u0113t k\u0101 piespiedu p\u0101rvietojamo. M\u0113s par \u0161o esam br\u012bdin\u0101ju\u0161i ar\u012b \u012bpa\u0161nieku, izst\u0101st\u012bju\u0161i ar\u012b iesp\u0113jam\u0101s izmaksas un to k\u0101rt\u012bbu, k\u0101da ir \u0136ekavas novad\u0101, un varb\u016bt tas ar\u012b bija iemesls, k\u0101p\u0113c vi\u0146\u0161 \u0161o ma\u0161\u012bnu sav\u0101ca,&#8221; skaidroja Bomi\u0146\u0161.<\/p>\n<blockquote>\n<p>\u0136ekavas pa\u0161vald\u012bb\u0101 auto piespiedu evaku\u0101cija maks\u0101 150 eiro. V\u0113l j\u0101maks\u0101 par ma\u0161\u012bnas uzglab\u0101\u0161anu \u2013 7, 50 eiro dien\u0101.<\/p>\n<\/blockquote>\n<p>Tikm\u0113r Valsts policija skaidroja, ka ar auto evaku\u0113\u0161anu nenodarbojas. Gad\u012bjumos, kad automa\u0161\u012bna iesaist\u012bta smag\u0101 p\u0101rk\u0101pum\u0101 vai krimin\u0101lproces\u0101, tiek piesaist\u012bta Nodro\u0161in\u0101juma valsts a\u0123ent\u016bra.\u00a0<\/p>\n<p>Nodro\u0161in\u0101juma valsts a\u0123ent\u016bras evaku\u0101cijas pakalpojuma tarifi nav publiski pieejami. Izmaksas tiek apr\u0113\u0137in\u0101tas p\u0113c a\u0123ent\u016bras l\u012bgumiem ar pakalpojuma sniedz\u0113jiem, un t\u0101s sedz transportl\u012bdzek\u013ca \u012bpa\u0161nieks.<\/p>\n<p>Nodro\u0161in\u0101juma valsts a\u0123ent\u016bras Iek\u0161\u0113j\u0101s kontroles noda\u013cas eksperte komunik\u0101cijas jom\u0101 Sofija Upatniece past\u0101st\u012bja,<\/p>\n<blockquote>\n<p>ka transportl\u012bdzek\u013cu p\u0101rvieto\u0161anas pakalpojuma cenas sv\u0101rst\u0101s, s\u0101kot no 1 l\u012bdz 9.20 eiro par kilometru.<\/p>\n<\/blockquote>\n<p>Cena atkar\u012bga\u00a0no transportl\u012bdzek\u013ca veida \u2013 divritenis, vieglais pasa\u017eieru, kravas transports\u00a0\u2013\u00a0un t\u0101 atra\u0161an\u0101s vietas.<\/p>\n<p>Par automa\u0161\u012bnas aizve\u0161anu piecu kilometru att\u0101lum\u0101 prasa 700 eiro<\/p>\n<p>Auto \u012bpa\u0161niekiem\u00a0izdev\u012bg\u0101k var b\u016bt piesaist\u012bt priv\u0101tos uz\u0146\u0113m\u0113jus, kuri nodro\u0161ina auto aizve\u0161anas pakalpojumus. Tom\u0113r, pirms satraukum\u0101 pie\u0146emt l\u0113mumu, v\u0113lams sazin\u0101ties ar vair\u0101kiem pakalpojuma sniedz\u0113jiem un noskaidrot izmaksas.<\/p>\n<p>Piem\u0113ram, \u0161\u012b gada vasar\u0101 p\u0113c smaga ce\u013cu satiksmes negad\u012bjuma Sidgund\u0101, kur g\u0101ja boj\u0101 k\u0101ds autovad\u012bt\u0101js, par sadrag\u0101t\u0101s ma\u0161\u012bnas aizve\u0161anu piecu kilometru att\u0101lum\u0101 no tra\u0123\u0113dijas vietas priv\u0101tuz\u0146\u0113m\u0113js s\u0113rojo\u0161ajai \u0123imenei piepras\u012bjis 700 eiro.<\/p>\n<p>Valsts policij\u0101 nor\u0101d\u012bja, ka konkr\u0113taj\u0101 gad\u012bjum\u0101 radinieki bija pa\u0161i uz\u0146\u0113mu\u0161ies transportl\u012bdzekli aizvest no negad\u012bjuma vietas\u00a0un par uz\u0146\u0113muma izv\u0113li nav atbild\u012bga Valsts policija.<\/p>\n<p>Cenas sv\u0101rst\u0101s no desmitiem l\u012bdz simtiem eiro<\/p>\n<p>Evakuatoru pakalpojumi Latvij\u0101 nav atsevi\u0161\u0137i regul\u0113ti \u2013 nav likuma vai noteikumu, kas tie\u0161i attiektos tikai uz \u0161o nozari. Evakuators juridiski tiek uzskat\u012bts par kravas p\u0101rvad\u0101t\u0101ju, un t\u0101 darb\u012bbu nosaka visp\u0101r\u0113jie komercp\u0101rvad\u0101jumu noteikumi. T\u0101p\u0113c licenc\u0113\u0161ana un pras\u012bbas tiek piem\u0113rotas p\u0113c kravu p\u0101rvad\u0101jumu mode\u013ca, nevis k\u0101 \u012bpa\u0161ai, atsevi\u0161\u0137ai grupai \u0161aj\u0101 nozar\u0113.<\/p>\n<p>&#8220;4. studija&#8221; veica nelielu p\u0113t\u012bjumu, lai noskaidrotu, k\u0101das ir auto evakuatoru cenas valst\u012b un vai t\u0101s at\u0161\u0137iras. Apkopotas izmaksas, kas tiek pied\u0101v\u0101tas pakalpojuma pied\u0101v\u0101jumos soci\u0101lajos t\u012bklos un rekl\u0101mu port\u0101los.<\/p>\n<p>Secin\u0101ms, ka evakuatora pakalpojuma pieteik\u0161ana R\u012bg\u0101 maks\u0101 no 50 l\u012bdz 100 eiro, bet Zemgal\u0113, Vidzem\u0113 un Kurzem\u0113 \u2013 no 40 l\u012bdz 75 eiro. Latgal\u0113 auto evakuatora pakalpojums izmaks\u0101 no aptuveni 50 eiro, ta\u010du tie\u0161i \u0161aj\u0101 novad\u0101 tiek pras\u012bta visaugst\u0101k\u0101 maksa par transport\u0113\u0161anas kilometru \u2013\u00a0l\u012bdz pat 1,50 eiro. Nakts stund\u0101s vai sv\u0113tku laik\u0101 cena var pieaugt dubult\u0101.<\/p>\n<blockquote>\n<p>Savuk\u0101rt &#8220;4. studijas&#8221; aptauj\u0101to skat\u012bt\u0101ju pieredze liecina, ka cenas sv\u0101rst\u0101s no da\u017eiem desmitiem l\u012bdz pat 300 eiro. Da\u013cai evakuatora pakalpojumus apmaks\u0101jis apdro\u0161in\u0101t\u0101js.<\/p>\n<\/blockquote>\n<p>Rihards Kan\u012btis auto evakuatoru biznes\u0101 darbojas se\u0161us\u00a0gadus. Vi\u0146\u0161 nor\u0101d\u012bja, ka cena atkar\u012bga ar\u012b no gad\u012bjuma sare\u017e\u0123\u012bt\u012bbas.<\/p>\n<p>&#8220;K\u0101ds pal\u012bgapr\u012bkojums j\u0101izmanto, vai tas ir no gr\u0101vja j\u0101velk \u0101r\u0101, vai ma\u0161\u012bnas rite\u0146i ir blo\u0137\u0113ti, vai vi\u0146a ripo, vai tas ir dien\u0101, vai tas ir nakt\u012b un vis\u0101di daudzi faktori, k\u0101 to cenu apr\u0113\u0137ina. Sv\u0113tku dien\u0101s, nakt\u012bs ir d\u0101rg\u0101ks tas evakuators t\u0101p\u0113c, ka to servisu ir gr\u016bti sniegt 24 stundas diennakt\u012b. Tur vajag v\u0113l papildu\u00a0darbiniekus, tie ir v\u0113l papildu\u00a0izdevumi,&#8221; vi\u0146\u0161 skaidroja.<\/p>\n<p>PTAC probl\u0113mu nozar\u0113 nesaskata<\/p>\n<p>Pat\u0113r\u0113t\u0101ju ties\u012bbu aizsardz\u012bbas centr\u0101 (PTAC) nor\u0101d\u012bja, ka par auto evakuatoru darbu nav sa\u0146emts tik daudz s\u016bdz\u012bbu, lai b\u016btu uzskat\u0101ms, ka \u0161aj\u0101 nozar\u0113 ir probl\u0113mas. \u00a0<\/p>\n<p>&#8220;\u0160is nav regul\u0113tais pakalpojums, \u0161eit ir br\u012bvais tirgus, t\u0101tad katrs pakalpojuma sniedz\u0113js nosaka savu cenu, savus noteikumus, un attiec\u012bgi pat\u0113r\u0113t\u0101js, izv\u0113loties pakalpojumus, tiek inform\u0113ts, vi\u0146iem j\u0101b\u016bt inform\u0113tiem par nosac\u012bjumiem, un ar\u012b pat\u0113r\u0113t\u0101jam ir j\u0101iepaz\u012bstas ar l\u012bgumu vai l\u012bguma noteikumiem,&#8221; skaidroja PTAC p\u0101rst\u0101ve Sanita Gertmane.<\/p>\n","protected":false},"excerpt":{"rendered":"Auto evaku\u0101cijas pakalpojumu tirg\u016b noteiktu tarifu nav\u00a0un pied\u0101v\u0101t\u0101s cenas var sv\u0101rst\u012bties no da\u017eiem desmitiem l\u012bdz pat vair\u0101kiem simtiem&hellip;\n","protected":false},"author":2,"featured_media":67881,"comment_status":"","ping_status":"","sticky":false,"template":"","format":"standard","meta":{"footnotes":""},"categories":[12],"tags":[23,28,29,32,33,22,30,31,35,39,38,36,37,34,40,20,26,27,24,25,21],"class_list":{"0":"post-67880","1":"post","2":"type-post","3":"status-publish","4":"format-standard","5":"has-post-thumbnail","7":"category-latvija","8":"tag-aktualitates","9":"tag-breaking-news","10":"tag-breakingnews","11":"tag-featured-news","12":"tag-featurednews","13":"tag-headlines","14":"tag-latest-news","15":"tag-latestnews","16":"tag-latvia","17":"tag-latvian","18":"tag-latviesu","19":"tag-latviesu-valoda","20":"tag-latviesuvaloda","21":"tag-latvija","22":"tag-lv","23":"tag-news","24":"tag-popularakas-zinas","25":"tag-popularakaszinas","26":"tag-top-stories","27":"tag-topstories","28":"tag-zinas"},"share_on_mastodon":{"url":"https:\/\/pubeurope.com\/@lv\/115678378981631110","error":""},"_links":{"self":[{"href":"https:\/\/www.europesays.com\/lv\/wp-json\/wp\/v2\/posts\/67880","targetHints":{"allow":["GET"]}}],"collection":[{"href":"https:\/\/www.europesays.com\/lv\/wp-json\/wp\/v2\/posts"}],"about":[{"href":"https:\/\/www.europesays.com\/lv\/wp-json\/wp\/v2\/types\/post"}],"author":[{"embeddable":true,"href":"https:\/\/www.europesays.com\/lv\/wp-json\/wp\/v2\/users\/2"}],"replies":[{"embeddable":true,"href":"https:\/\/www.europesays.com\/lv\/wp-json\/wp\/v2\/comments?post=67880"}],"version-history":[{"count":0,"href":"https:\/\/www.europesays.com\/lv\/wp-json\/wp\/v2\/posts\/67880\/revisions"}],"wp:featuredmedia":[{"embeddable":true,"href":"https:\/\/www.europesays.com\/lv\/wp-json\/wp\/v2\/media\/67881"}],"wp:attachment":[{"href":"https:\/\/www.europesays.com\/lv\/wp-json\/wp\/v2\/media?parent=67880"}],"wp:term":[{"taxonomy":"category","embeddable":true,"href":"https:\/\/www.europesays.com\/lv\/wp-json\/wp\/v2\/categories?post=67880"},{"taxonomy":"post_tag","embeddable":true,"href":"https:\/\/www.europesays.com\/lv\/wp-json\/wp\/v2\/tags?post=67880"}],"curies":[{"name":"wp","href":"https:\/\/api.w.org\/{rel}","templated":true}]}}