{"id":67891,"date":"2025-12-07T13:04:09","date_gmt":"2025-12-07T13:04:09","guid":{"rendered":"https:\/\/www.europesays.com\/lv\/67891\/"},"modified":"2025-12-07T13:04:09","modified_gmt":"2025-12-07T13:04:09","slug":"autocelu-nodeva-komercauto-sabiedribas-protests-un-deputatu-priekslikumi","status":"publish","type":"post","link":"https:\/\/www.europesays.com\/lv\/67891\/","title":{"rendered":"Autoce\u013cu nodeva komercauto: sabiedr\u012bbas protests un deput\u0101tu priek\u0161likumi"},"content":{"rendered":"<p class=\"descr\">Sv\u0113tdien, 7. decembr\u012b, notika protests pret autoce\u013cu lieto\u0161anas nodevu komercauto l\u012bdz 3,5 tonn\u0101m.<\/p>\n<p>Vair\u0101ki ierakstu autori, p\u0101rsvar\u0101 lauksaimnieki un mazie uz\u0146\u0113m\u0113ji, nor\u0101da, ka sv\u0113tdien plkst. 14 ierad\u012bsies pie Ministru kabineta \u0113kas, lai izteiktu savu protestu pret pl\u0101noto nodevu jeb vinjeti. <a href=\"https:\/\/nra.lv\/latvija\/regionos\/508574-mazie-uznemeji-un-zemnieki-iebilst-pret-autocelu-nodevu.htm?preview=53e20a50e4a407476696025ed7eb21f6\" data-item-link=\"true\" data-item-id=\"508574\" rel=\"nofollow noopener\" target=\"_blank\">Protest\u0113t\u0101ji pl\u0101noja ierasties ar saviem pikapiem un kravas busi\u0146iem.<\/a><\/p>\n<p>Viens no \u0161\u0101da ieraksta autoriem, Ogres novada biolo\u0123iskais zemnieks P\u0113teris Dimants (att\u0113l\u0101), kur\u0161 vienlaikus ir ar\u012b Latvijas Za\u013c\u0101s partijas (LZP) valdes loceklis, a\u0123ent\u016brai LETA sac\u012bja, ka vi\u0146\u0161 ner\u012bko protesta akciju un neaicina pulc\u0113ties, bet individu\u0101li k\u0101 priv\u0101tpersona izmantos savu likum\u0101 paredz\u0113to iesp\u0113ju un ierad\u012bsies paust savu viedokli. To, ka v\u0113l da\u017ei ierakstu autori min\u0113ju\u0161i to pa\u0161u laiku, Dimants nod\u0113v\u0113ja par sakrit\u012bbu.<\/p>\n<p>Vienlaikus Dimants nor\u0101d\u012bja, ka gad\u012bjum\u0101, ja vald\u012bba nelabos pie\u013cauto k\u013c\u016bdu, tad gan tik\u0161ot organiz\u0113ta masveida protesta akcija ar &#8220;vair\u0101kiem t\u016bksto\u0161iem dal\u012bbnieku un simtiem auto&#8221;.<\/p>\n<p>Dimants sac\u012bja, ka, vi\u0146apr\u0101t, ne vald\u012bba, ne Saeima \u012bsti nav sapratu\u0161as, ko dara, t\u0101p\u0113c pauda p\u0101rliec\u012bbu, ka \u0161\u012b k\u013c\u016bda tiks dr\u012bzum\u0101 labota.<\/p>\n<p>Jaut\u0101ts, vai vi\u0146a r\u012bt pl\u0101notais protests ir saist\u0101ms ar politisko darb\u012bbu LZP vald\u0113, Dimants to noliedza, atk\u0101rtoti uzsverot, ka ierad\u012bsies paust savu viedokli k\u0101 priv\u0101tpersona.<\/p>\n<p>R\u012bgas dom\u0113 a\u0123ent\u016bra LETA noskaidroja, ka sv\u0113tdien neviena protesta akcija pie Ministru kabineta patlaban nav pieteikta.<\/p>\n<p>Jau zi\u0146ots, ka &#8220;Apvienot\u0101 saraksta&#8221; (AS) deput\u0101ti iesniegu\u0161i groz\u012bjumus Autoce\u013cu lieto\u0161anas nodevas likum\u0101, aicinot atcelt autoce\u013cu lieto\u0161anas nodevu jeb vinjeti komercauto l\u012bdz 3,5 tonn\u0101m un samazin\u0101t maksas pieaugumu vinje\u0161u nodev\u0101, a\u0123ent\u016bru LETA inform\u0113ja AS.<\/p>\n<p>  <img decoding=\"async\" style=\"max-width: 600px;\" src=\"https:\/\/www.europesays.com\/lv\/wp-content\/uploads\/2025\/12\/779287_cbc5866519.jpg\" alt=\"\"\/> <\/p>\n<p class=\"descr-author\">Foto: \u0122irts Ozoli\u0146\u0161\/MN<\/p>\n","protected":false},"excerpt":{"rendered":"Sv\u0113tdien, 7. decembr\u012b, notika protests pret autoce\u013cu lieto\u0161anas nodevu komercauto l\u012bdz 3,5 tonn\u0101m. Vair\u0101ki ierakstu autori, p\u0101rsvar\u0101 lauksaimnieki&hellip;\n","protected":false},"author":2,"featured_media":67892,"comment_status":"","ping_status":"","sticky":false,"template":"","format":"standard","meta":{"footnotes":""},"categories":[5],"tags":[23,28,29,32,33,22,30,31,35,39,38,36,37,34,40,20,26,27,24,25,21],"class_list":{"0":"post-67891","1":"post","2":"type-post","3":"status-publish","4":"format-standard","5":"has-post-thumbnail","7":"category-aktualitates","8":"tag-aktualitates","9":"tag-breaking-news","10":"tag-breakingnews","11":"tag-featured-news","12":"tag-featurednews","13":"tag-headlines","14":"tag-latest-news","15":"tag-latestnews","16":"tag-latvia","17":"tag-latvian","18":"tag-latviesu","19":"tag-latviesu-valoda","20":"tag-latviesuvaloda","21":"tag-latvija","22":"tag-lv","23":"tag-news","24":"tag-popularakas-zinas","25":"tag-popularakaszinas","26":"tag-top-stories","27":"tag-topstories","28":"tag-zinas"},"share_on_mastodon":{"url":"https:\/\/pubeurope.com\/@lv\/115678430137832874","error":""},"_links":{"self":[{"href":"https:\/\/www.europesays.com\/lv\/wp-json\/wp\/v2\/posts\/67891","targetHints":{"allow":["GET"]}}],"collection":[{"href":"https:\/\/www.europesays.com\/lv\/wp-json\/wp\/v2\/posts"}],"about":[{"href":"https:\/\/www.europesays.com\/lv\/wp-json\/wp\/v2\/types\/post"}],"author":[{"embeddable":true,"href":"https:\/\/www.europesays.com\/lv\/wp-json\/wp\/v2\/users\/2"}],"replies":[{"embeddable":true,"href":"https:\/\/www.europesays.com\/lv\/wp-json\/wp\/v2\/comments?post=67891"}],"version-history":[{"count":0,"href":"https:\/\/www.europesays.com\/lv\/wp-json\/wp\/v2\/posts\/67891\/revisions"}],"wp:featuredmedia":[{"embeddable":true,"href":"https:\/\/www.europesays.com\/lv\/wp-json\/wp\/v2\/media\/67892"}],"wp:attachment":[{"href":"https:\/\/www.europesays.com\/lv\/wp-json\/wp\/v2\/media?parent=67891"}],"wp:term":[{"taxonomy":"category","embeddable":true,"href":"https:\/\/www.europesays.com\/lv\/wp-json\/wp\/v2\/categories?post=67891"},{"taxonomy":"post_tag","embeddable":true,"href":"https:\/\/www.europesays.com\/lv\/wp-json\/wp\/v2\/tags?post=67891"}],"curies":[{"name":"wp","href":"https:\/\/api.w.org\/{rel}","templated":true}]}}