{"id":67934,"date":"2025-12-07T13:50:08","date_gmt":"2025-12-07T13:50:08","guid":{"rendered":"https:\/\/www.europesays.com\/lv\/67934\/"},"modified":"2025-12-07T13:50:08","modified_gmt":"2025-12-07T13:50:08","slug":"koncerta-uznemts-video-izposta-gimeni-brazilija-2","status":"publish","type":"post","link":"https:\/\/www.europesays.com\/lv\/67934\/","title":{"rendered":"Koncert\u0101 uz\u0146emts video izposta \u0123imeni Braz\u012blij\u0101"},"content":{"rendered":"<p class=\"descr\">Pag\u0101ju\u0161aj\u0101 ned\u0113\u013c\u0101 Braz\u012blijas soci\u0101los t\u012bklus p\u0101r\u0161alca skand\u0101ls, kad p\u0113c viet\u0113j\u0101s grupas koncerta soci\u0101laj\u0101 t\u012bmekl\u012b tika nopludin\u0101tas bildes ar sievieti, kura s\u0101ka sk\u016bpst\u012bt solistu, v\u0113sta &#8220;great_life_union&#8221;.<\/p>\n<p>Koncerts Braz\u012blij\u0101 k\u013cuva \u013coti popul\u0101rs p\u0113c tam, kad sieviete uzskr\u0113ja uz skatuves, apsk\u0101va dzied\u0101t\u0101ju un nosk\u016bpst\u012bja vi\u0146u visas ar\u0113nas priek\u0161\u0101.<\/p>\n<p>\u0160is mirklis da\u017eu min\u016b\u0161u laik\u0101 k\u013cuva \u013coti popul\u0101rs soci\u0101lajos t\u012bklos, un, kad sievietes v\u012brs, ar kuru vi\u0146a bija prec\u0113jusies 10 gadus, ieraudz\u012bja videoierakstu, vi\u0146\u0161 iesniedza \u0161\u0137ir\u0161an\u0101s pras\u012bbu.<\/p>\n<p>P\u0101ris apmekl\u0113ja koncertu kop\u0101, bet, kad fani tika uzaicin\u0101ti uz skatuves, prec\u0113t\u0101 sieviete pieskr\u0113ja pie solista, apsk\u0101va un nosk\u016bpst\u012bja vi\u0146u, p\u016b\u013ca aplausu pavad\u012bb\u0101.<\/p>\n<p>Vi\u0146as v\u012brs v\u0113l\u0101k teicis, ka<a href=\"https:\/\/nra.lv\/pasaule\/508022-igaunijas-policists-atlaists-par-tiktok-ierakstiem-darba-laika.htm\" data-item-link=\"true\" data-item-id=\"508022\" rel=\"nofollow noopener\" target=\"_blank\"> izplat\u012btais video<\/a> skaidri ir par\u0101d\u012bjis, ka vi\u0146u laul\u012bba nevar vairs past\u0101v\u0113t.<\/p>\n<p>\t\t\t\t\t\tinfo<\/p>\n<p>Uzzini pirmais<br \/>kas interesants noticis Latvij\u0101 un pasaul\u0113,<br \/>pievienojoties mums <a href=\"https:\/\/t.me\/neatkariga\" rel=\"nofollow\">Telegram<\/a> vai <a href=\"https:\/\/whatsapp.com\/channel\/0029VaMLFUH5K3zLU5s4wm3y\" rel=\"nofollow noopener\" target=\"_blank\">Whatsapp<\/a> kan\u0101l\u0101<\/p>\n","protected":false},"excerpt":{"rendered":"Pag\u0101ju\u0161aj\u0101 ned\u0113\u013c\u0101 Braz\u012blijas soci\u0101los t\u012bklus p\u0101r\u0161alca skand\u0101ls, kad p\u0113c viet\u0113j\u0101s grupas koncerta soci\u0101laj\u0101 t\u012bmekl\u012b tika nopludin\u0101tas bildes ar&hellip;\n","protected":false},"author":2,"featured_media":67907,"comment_status":"","ping_status":"","sticky":false,"template":"","format":"standard","meta":{"footnotes":""},"categories":[14],"tags":[23,57,28,29,32,33,22,30,31,35,39,38,36,37,34,40,20,26,27,24,25,54,55,56,21,58],"class_list":{"0":"post-67934","1":"post","2":"type-post","3":"status-publish","4":"format-standard","5":"has-post-thumbnail","7":"category-zinas-no-arvalstim","8":"tag-aktualitates","9":"tag-arvalstim","10":"tag-breaking-news","11":"tag-breakingnews","12":"tag-featured-news","13":"tag-featurednews","14":"tag-headlines","15":"tag-latest-news","16":"tag-latestnews","17":"tag-latvia","18":"tag-latvian","19":"tag-latviesu","20":"tag-latviesu-valoda","21":"tag-latviesuvaloda","22":"tag-latvija","23":"tag-lv","24":"tag-news","25":"tag-popularakas-zinas","26":"tag-popularakaszinas","27":"tag-top-stories","28":"tag-topstories","29":"tag-world","30":"tag-world-news","31":"tag-worldnews","32":"tag-zinas","33":"tag-zinas-no-arvalstim"},"share_on_mastodon":{"url":"https:\/\/pubeurope.com\/@lv\/115678610983958659","error":""},"_links":{"self":[{"href":"https:\/\/www.europesays.com\/lv\/wp-json\/wp\/v2\/posts\/67934","targetHints":{"allow":["GET"]}}],"collection":[{"href":"https:\/\/www.europesays.com\/lv\/wp-json\/wp\/v2\/posts"}],"about":[{"href":"https:\/\/www.europesays.com\/lv\/wp-json\/wp\/v2\/types\/post"}],"author":[{"embeddable":true,"href":"https:\/\/www.europesays.com\/lv\/wp-json\/wp\/v2\/users\/2"}],"replies":[{"embeddable":true,"href":"https:\/\/www.europesays.com\/lv\/wp-json\/wp\/v2\/comments?post=67934"}],"version-history":[{"count":0,"href":"https:\/\/www.europesays.com\/lv\/wp-json\/wp\/v2\/posts\/67934\/revisions"}],"wp:featuredmedia":[{"embeddable":true,"href":"https:\/\/www.europesays.com\/lv\/wp-json\/wp\/v2\/media\/67907"}],"wp:attachment":[{"href":"https:\/\/www.europesays.com\/lv\/wp-json\/wp\/v2\/media?parent=67934"}],"wp:term":[{"taxonomy":"category","embeddable":true,"href":"https:\/\/www.europesays.com\/lv\/wp-json\/wp\/v2\/categories?post=67934"},{"taxonomy":"post_tag","embeddable":true,"href":"https:\/\/www.europesays.com\/lv\/wp-json\/wp\/v2\/tags?post=67934"}],"curies":[{"name":"wp","href":"https:\/\/api.w.org\/{rel}","templated":true}]}}