{"id":67942,"date":"2025-12-07T14:02:14","date_gmt":"2025-12-07T14:02:14","guid":{"rendered":"https:\/\/www.europesays.com\/lv\/67942\/"},"modified":"2025-12-07T14:02:14","modified_gmt":"2025-12-07T14:02:14","slug":"pavests-pienem-koncerta-ar-nabadzigajiem-rikotajus-un-muzikus","status":"publish","type":"post","link":"https:\/\/www.europesays.com\/lv\/67942\/","title":{"rendered":"P\u0101vests pie\u0146em &#8220;Koncerta ar nabadz\u012bgajiem&#8221; r\u012bkot\u0101jus un m\u016bzi\u0137us"},"content":{"rendered":"<p>Vatik\u0101n\u0101 tiek turpin\u0101ta p\u0101vesta Franciska ieviest\u0101 gadsk\u0101rt\u0113j\u0101 trad\u012bcija, kas saucas \u201cKoncerts ar nabadz\u012bgajiem\u201d (\u201cConcerto con i poveri\u201d). \u0160ogad tas notiks jau sesto reizi un to var\u0113s noklaus\u012bties sestdienas, 6. decembra, vakar\u0101. Dienu pirms tam p\u0101vests Leons XIV pie\u0146\u0113ma audienc\u0113 pas\u0101kuma organizatorus un m\u016bzi\u0137us.<\/p>\n<p>Inese \u0160teinerte &#8211; Vatik\u0101ns<\/p>\n<p>T\u0101 k\u0101 ir sagatavo\u0161an\u0101s laiks Ziemassv\u0113tkiem, p\u0101vests uzrun\u0101 atz\u012bm\u0113ja, ka Dievi\u0161\u0137\u0101 V\u0101rda iemieso\u0161an\u0101s nosl\u0113pums ir m\u012blest\u012bbas atkl\u0101sme, ko Dievs T\u0113vs j\u016bt pret katru cilv\u0113ku. Dievs, kur\u0161 k\u013c\u016bst mazs b\u0113rns, kur\u0161 uzticas, lai vi\u0146u apr\u016bp\u0113 vec\u0101ki, kas ir cilv\u0113ki, un kur\u0161 d\u0101v\u0101 sevi katram no mums, ir dievi\u0161\u0137\u0101s m\u012blest\u012bbas ikona, kas n\u0101k m\u016bs gl\u0101bt. Raugoties uz Vi\u0146u, varam iem\u0101c\u012bties m\u012bl\u0113t k\u0101 Vi\u0146\u0161 m\u016bs ir m\u012bl\u0113jis; varam atkl\u0101t, ka m\u012blest\u012bbas bauslis atbilst m\u016bsu vis\u012bst\u0101kaj\u0101m vajadz\u012bb\u0101m, jo tad, kad m\u012blam, m\u0113s patie\u0161\u0101m \u012bstenojam sevi.<\/p>\n<p>P\u0101vests nor\u0101d\u012bja, ka \u201cKoncerts ar nabadz\u012bgajiem\u201d nav tikai m\u0101kslinieku uzst\u0101\u0161an\u0101s, vai vien\u012bgi muzik\u0101ls sniegums, lai ar\u012b cik tas b\u016btu skaists, tas nav ar\u012b br\u012bdis, kur\u0101, izr\u0101dot solidarit\u0101ti, nomierin\u0101t savu sirdsapzi\u0146u sabiedr\u012bbas netaisn\u012bbu priek\u0161\u0101. \u201cV\u0113los,\u201d teica Sv\u0113tais t\u0113vs, \u201clai piedaloties \u0161aj\u0101 pas\u0101kum\u0101, atceramies Kunga v\u0101rdus: \u201cVisu, ko esat dar\u012bju\u0161i vienam no \u0161iem maniem vismaz\u0101kajiem br\u0101\u013ciem, j\u016bs esat man dar\u012bju\u0161i\u201d (Mt 25,40).<\/p>\n<p>\u201cJa konkr\u0113t\u0101 veid\u0101 m\u012blam tos, kuri ir izsalku\u0161i un izsl\u0101pu\u0161i, kuriem tr\u016bkst ap\u0123\u0113rba, ir slimi, sve\u0161inieki, cietumnieki, tad m\u0113s m\u012blam Kungu,\u201d nor\u0101d\u012bja p\u0101vests. \u201cT\u0101ds ir Eva\u0146\u0123\u0113lijs,\u201d vi\u0146\u0161 teica, \u201cm\u0113s neatrodamies labdar\u012bbas, bet gan Atkl\u0101smes apv\u0101rsn\u012b: kontakts ar tiem, kuriem nav varas un lieluma, ir t\u016bl\u012bt\u0113js ce\u013c\u0161, kas ved pie tik\u0161an\u0101s ar Kungu v\u0113stur\u0113. Nabadz\u012bgajos Kungam ir kaut kas, ko mums teikt.\u201d (Ap. pamud. \u201cDilexi te\u201d, 5). Tas atg\u0101dina, ka v\u012brie\u0161u un sievie\u0161u cie\u0146u nem\u0113ra caur to, kas katram pieder. M\u0113s neesam m\u016bsu labumi un m\u016bsu lietas, bet gan Dieva m\u012b\u013cotie b\u0113rni, un \u0161ai m\u012blest\u012bbai ir j\u0101b\u016bt par m\u016bsu r\u012bc\u012bbas m\u0113ru tuv\u0101k\u0101 lab\u0101. T\u0101p\u0113c, \u0161aj\u0101 koncert\u0101 m\u016bsu visv\u0101j\u0101kie br\u0101\u013ci un m\u0101sas ie\u0146em pirm\u0101s vietas.<\/p>\n<p>M\u016bzikai vienm\u0113r ir bijusi svar\u012bga loma krist\u012bgaj\u0101 pieredz\u0113. Litur\u0123ij\u0101 jo \u012bpa\u0161i, dziesma nav vis \u201cska\u0146u celi\u0146\u0161\u201d, vai vienk\u0101r\u0161i fons, bet t\u0101s uzdevums ir pacil\u0101t dv\u0113seli un vest to cik vien iesp\u0113jams tuv\u0101k nosl\u0113pumam, kas tiek svin\u0113ts. Sv\u0113tais August\u012bns, run\u0101jot par dziesmu l\u016bg\u0161an\u0101 rakst\u012bja: \u201cDziedi Vi\u0146am, bet ne salkan\u0101 veid\u0101. Vi\u0146\u0161 negrib, lai tiktu aizvainotas Vi\u0146a ausis. Dziediet ar m\u0101kslu, ak br\u0101\u013ci!\u201d P\u0101vests piebilda, ka m\u016bzika ir svar\u012bgs ieguld\u012bjums, t\u0101 ir m\u0101ksla un visbeidzot, harmonija. T\u0101 patie\u0161\u0101m ir d\u0101rga d\u0101vana, ko Dievs ir devis cilv\u0113cei!<\/p>\n<p>P\u0101vests pateic\u0101s visiem koncerta r\u012bkot\u0101jiem un m\u016bzi\u0137iem, to skait\u0101 kardin\u0101lam Baldo Reinam, diri\u0123entam Marko Frizinam, Romas diec\u0113zes korim, or\u0137estrim un fondam \u201cNova Opera\u201d, k\u0101 ar\u012b aktrisei Serenai Autjeri, dzied\u0101t\u0101jam Maiklam Bubl\u0113 un vi\u0146a grupai, k\u0101 ar\u012b citiem m\u0101ksliniekiem. Sv\u0113tais t\u0113vs deva savu apustulisko sv\u0113t\u012bbu un visus nov\u0113l\u0113ja Bezvain\u012bg\u0101s Jaunavas Marijas m\u0101ti\u0161\u0137ajai aizsardz\u012bbai, Adventa durv\u012bm un cer\u012bbas sievietei, k\u0101 ar\u012b sv\u0113t\u0101s Cec\u012blijas debes\u012bgajai aizbildniec\u012bbai.<\/p>\n","protected":false},"excerpt":{"rendered":"Vatik\u0101n\u0101 tiek turpin\u0101ta p\u0101vesta Franciska ieviest\u0101 gadsk\u0101rt\u0113j\u0101 trad\u012bcija, kas saucas \u201cKoncerts ar nabadz\u012bgajiem\u201d (\u201cConcerto con i poveri\u201d). \u0160ogad&hellip;\n","protected":false},"author":2,"featured_media":67943,"comment_status":"","ping_status":"","sticky":false,"template":"","format":"standard","meta":{"footnotes":""},"categories":[14],"tags":[23,57,28,29,32,33,22,30,31,35,39,38,36,37,34,40,20,26,27,24,25,54,55,56,21,58],"class_list":{"0":"post-67942","1":"post","2":"type-post","3":"status-publish","4":"format-standard","5":"has-post-thumbnail","7":"category-zinas-no-arvalstim","8":"tag-aktualitates","9":"tag-arvalstim","10":"tag-breaking-news","11":"tag-breakingnews","12":"tag-featured-news","13":"tag-featurednews","14":"tag-headlines","15":"tag-latest-news","16":"tag-latestnews","17":"tag-latvia","18":"tag-latvian","19":"tag-latviesu","20":"tag-latviesu-valoda","21":"tag-latviesuvaloda","22":"tag-latvija","23":"tag-lv","24":"tag-news","25":"tag-popularakas-zinas","26":"tag-popularakaszinas","27":"tag-top-stories","28":"tag-topstories","29":"tag-world","30":"tag-world-news","31":"tag-worldnews","32":"tag-zinas","33":"tag-zinas-no-arvalstim"},"share_on_mastodon":{"url":"https:\/\/pubeurope.com\/@lv\/115678658149552216","error":""},"_links":{"self":[{"href":"https:\/\/www.europesays.com\/lv\/wp-json\/wp\/v2\/posts\/67942","targetHints":{"allow":["GET"]}}],"collection":[{"href":"https:\/\/www.europesays.com\/lv\/wp-json\/wp\/v2\/posts"}],"about":[{"href":"https:\/\/www.europesays.com\/lv\/wp-json\/wp\/v2\/types\/post"}],"author":[{"embeddable":true,"href":"https:\/\/www.europesays.com\/lv\/wp-json\/wp\/v2\/users\/2"}],"replies":[{"embeddable":true,"href":"https:\/\/www.europesays.com\/lv\/wp-json\/wp\/v2\/comments?post=67942"}],"version-history":[{"count":0,"href":"https:\/\/www.europesays.com\/lv\/wp-json\/wp\/v2\/posts\/67942\/revisions"}],"wp:featuredmedia":[{"embeddable":true,"href":"https:\/\/www.europesays.com\/lv\/wp-json\/wp\/v2\/media\/67943"}],"wp:attachment":[{"href":"https:\/\/www.europesays.com\/lv\/wp-json\/wp\/v2\/media?parent=67942"}],"wp:term":[{"taxonomy":"category","embeddable":true,"href":"https:\/\/www.europesays.com\/lv\/wp-json\/wp\/v2\/categories?post=67942"},{"taxonomy":"post_tag","embeddable":true,"href":"https:\/\/www.europesays.com\/lv\/wp-json\/wp\/v2\/tags?post=67942"}],"curies":[{"name":"wp","href":"https:\/\/api.w.org\/{rel}","templated":true}]}}