{"id":67956,"date":"2025-12-07T14:14:08","date_gmt":"2025-12-07T14:14:08","guid":{"rendered":"https:\/\/www.europesays.com\/lv\/67956\/"},"modified":"2025-12-07T14:14:08","modified_gmt":"2025-12-07T14:14:08","slug":"nato-kluse-krievija-melo-artis-pabriks-par-eiropas-drosibu","status":"publish","type":"post","link":"https:\/\/www.europesays.com\/lv\/67956\/","title":{"rendered":"NATO klus\u0113, Krievija melo: Artis Pabriks par Eiropas dro\u0161\u012bbu"},"content":{"rendered":"<p class=\"descr\">Par to, k\u0101p\u0113c NATO ir klusa k\u0101 pel\u012bte, bet Krievija turpina \u201cbombard\u0113t\u201d pasauli ar saviem meliem, par to, kur\u0161 uzvar\u0113s m\u0101ksl\u012bg\u0101 intelekta izmanto\u0161an\u0101, par to, ka ar sankcij\u0101m Krieviju neuzveikt, un par daudz ko citu \u2013 saruna ar biju\u0161o aizsardz\u012bbas ministru, domn\u012bcas \u201cNorthern Europe Policy Centre\u201d direktoru Arti Pabriku.<\/p>\n<p>Varen\u0101k\u0101 milit\u0101r\u0101 organiz\u0101cija &#8211; <a href=\"https:\/\/nra.lv\/birka\/nato\/\" target=\"_blank\" rel=\"noopener nofollow\">NATO<\/a> &#8211; palikusi t\u0101da klusa un neman\u0101ma. Kas noticis? <\/p>\n<p>Bija liels \u0161oks, kad no Va\u0161ingtonas puses par\u0101d\u012bj\u0101s pl\u0101ns, k\u0101 noregul\u0113t kara jaut\u0101jumu, kur\u0101 bija teikts, ka ASV var\u0113tu b\u016bt starpnieks starp NATO un Krieviju. Daudzi to palaida gar\u0101m, ta\u010du daudzi to uztv\u0113ra \u013coti j\u016bt\u012bgi. <\/p>\n<p>K\u0101p\u0113c? <\/p>\n<p>T\u0101p\u0113c, ka ASV nevar b\u016bt starpnieks starp sevi un Krieviju, jo ASV ir NATO. Tad tas noz\u012bm\u0113, ka ASV sevi distanc\u0113. NATO \u0123ener\u0101lsekret\u0101rs var un dr\u012bkst paust to, ko vi\u0146am saka dal\u012bbvalstis. Daudzi pie vi\u0146a v\u0113r\u0161as ar v\u0113lmi interv\u0113t, bet ir j\u0101b\u016bt ar lielu autonomiju un vad\u012bt\u0101ja v\u0113lmi, lai pateiktu kaut ko t\u0101du, kas nav saska\u0146ots ar ASV un da\u017e\u0101m cit\u0101m liel\u0101k\u0101m valst\u012bm. Tas var b\u016bt viens no iemesliem, k\u0101p\u0113c \u0161\u012b organiz\u0101cija izklaus\u0101s klusa, jo NATO \u0123ener\u0101lsekret\u0101rs ir kop\u012bgo intere\u0161u sapulces vad\u012bt\u0101js. <\/p>\n<p>Teor\u0113tiski tas ir saprotams. Bet cilv\u0113ki ir izbr\u012bn\u012bti, ka NATO klus\u0113.  <\/p>\n<p>Ar NATO ir liela probl\u0113ma, jo daudzi ap\u0161auba ASV v\u0113lmi iesaist\u012bties Eiropas dro\u0161\u012bbas jaut\u0101jumu risin\u0101\u0161an\u0101. Tam ir objekt\u012bvi un subjekt\u012bvi iemesli. Objekt\u012bvi ir tas, ka ir jaut\u0101jums: k\u0101p\u0113c ASV j\u0101finans\u0113 Eiropas dro\u0161\u012bba, ja Eiropai ir tik daudz naudas? Eiropai ir 17% no glob\u0101l\u0101s ekonomikas, savuk\u0101rt Krievijai &#8211; tr\u012bs procenti. Tad k\u0101p\u0113c Eiropai vajag atbalstu no Amerikas? Finans\u0113jiet, k\u0101 m\u0113dz teikt, pa\u0161i. <\/p>\n<p>Un otrs fakts ir tas, ka ASV liel\u0101 m\u0113r\u0101 ir beigu\u0161as finans\u0113t Ukrainu \u0161aj\u0101 kar\u0101. Labi, m\u0113s varam run\u0101t par da\u017e\u0101m maz\u0101k zin\u0101m\u0101m deta\u013c\u0101m, par inform\u0101cijas apmai\u0146u vai kaut ko t\u0101du, bet no ASV finanses vairs nenon\u0101k. Ja ASV run\u0101 par atbalstu Ukrainai, tad t\u0101 ir iero\u010du p\u0101rdo\u0161ana Eiropai, sak, p\u0101rdodiet tos Ukrainai vai lieciet, kur gribat. Tas ir biznesa projekts. L\u012bdz ar to Eirop\u0101 neviens \u012bsti nav gatavs to smagumu pacelt un nest t\u0101l\u0101k. <\/p>\n<p>Bet ir ta\u010du iesald\u0113t\u0101 krievu nauda, ko var\u0113tu izmantot milit\u0101riem m\u0113r\u0137iem Ukrainas lab\u0101. <\/p>\n<p>Be\u013c\u0123ija, kur \u0161\u012b nauda atrodas, baid\u0101s to atdot, jo Krievija draud ar briesm\u012bg\u0101m nelaim\u0113m. Fon der Leiena izteica l\u0113mumu aiziet no Krievijas naftas, bet tas saist\u0101s tikai ar 2027. gadu. <\/p>\n<p>Nu k\u0101p\u0113c tik \u0101tri? Var\u0113tu izdom\u0101t atteikties no Krievijas naftas k\u0101d\u0101 2057. gad\u0101.  <\/p>\n<p>Tas tiek pasniegts k\u0101 liels pan\u0101kums. L\u012bdz ar to Eirop\u0101 ir varas vakuums, l\u012bderu nav. Un Latvija diez vai var \u0161aj\u0101 gad\u012bjum\u0101 uz\u0146emties visas Eiropas vad\u012bbu. <\/p>\n<p>Vai j\u016bs redzat Eirop\u0101 k\u0101du l\u012bderi, kur\u0161 var\u0113tu pateikt: b\u016bs t\u0101, k\u0101 es saku? <\/p>\n<p>V\u0101cijas kanclers <a href=\"https:\/\/nra.lv\/birka\/fridrihs-mercs\/\" target=\"_blank\" rel=\"noopener nofollow\">Fr\u012bdrihs Mercs<\/a> to b\u016btu sp\u0113j\u012bgs izdar\u012bt. <\/p>\n<p>Vi\u0146\u0161 piektdien dev\u0101s uz Briseli, lai p\u0101rrun\u0101tu Eiropas Komisijas ieceri izmantot iesald\u0113tos Krievijas valsts akt\u012bvus Ukrainas aizsardz\u012bbas finans\u0113\u0161anai. ES l\u012bderi \u0161o jaut\u0101jumu pl\u0101no apspriest 18. decembr\u012b, un l\u0113mums b\u016bs b\u016btisks, \u0146emot v\u0113r\u0101 Ukrainas gaid\u0101m\u0101s finan\u0161u gr\u016bt\u012bbas n\u0101kam\u0101 gada pavasar\u012b. <\/p>\n<p>Bet probl\u0113ma ir vi\u0146a koal\u012bcija. Vi\u0146am, konservat\u012bvajam politi\u0137im, zin\u0101m\u0101 m\u0113r\u0101 ir sasietas rokas. Vi\u0146a koal\u012bcij\u0101 ir soci\u0101ldemokr\u0101ti, un t\u0101 ir probl\u0113ma. Ja m\u0113s skat\u0101mies uz m\u016bsu pierobe\u017eu, tad klasisk\u0101 atbilde ir: dar\u0101m, ko varam, run\u0101jam ar visiem, m\u0113\u0123in\u0101m p\u0101rliecin\u0101t amerik\u0101\u0146us un p\u0101r\u0113jos, jo amerik\u0101\u0146i ir biju\u0161i m\u016bsu galvenie sabiedrotie. Otrs ir tas, ka j\u0101m\u0113\u0123ina run\u0101t ar vis\u0101m sp\u0113j\u012bg\u0101m valst\u012bm &#8211; Lielbrit\u0101niju un V\u0101ciju. Vi\u0146u valstsv\u012bri run\u0101 l\u012bdz\u012bgi k\u0101 es. Un mums ir maksim\u0101li \u0101tri un efekt\u012bvi j\u0101att\u012bsta attiec\u012bbas ar Somiju un Poliju, faktiski ar visu Baltijas j\u016bras re\u0123ionu. <\/p>\n<p>M\u0113s esam iev\u0113rojami lab\u0101k\u0101 situ\u0101cij\u0101, sal\u012bdzinot ar 1939. gadu, kad katra valsts b\u012bd\u012bja savu neitralit\u0101ti. Nav tik slikti, k\u0101 bija, kad zaud\u0113j\u0101m savu valsti. Bet labi ar\u012b nav. <\/p>\n<p>Sliktumu uzdzen Krievijas izcil\u0101s sp\u0113jas b\u012bd\u012bt propagandu un melot.  <\/p>\n<p>Krievijas propaganda ir mas\u012bva, un mums ir gr\u016bti likt kaut ko pretim psiholo\u0123iskaj\u0101s oper\u0101cij\u0101s. Desmitiem gadu laik\u0101 Krievija ir iefiltr\u0113jusies \u013coti dzi\u013ci daudz\u0101s Rietumu sabiedr\u012bb\u0101s, un tagad Krievija dara to pa\u0161u, ko t\u0101 dar\u012bja aukst\u0101 kara laik\u0101, tagad &#8211; efekt\u012bv\u0101k. Rietumi tam nebija gatavoju\u0161ies. Tagad visi Krievijas resursi tiek izmantoti, lai polariz\u0113tu, iespaidotu, iebaid\u012btu Rietumu sabiedr\u012bbu. <\/p>\n<p>Nevar izsl\u0113gt m\u0101ksl\u012bg\u0101 intelekta iespaidu uz visu \u0161o ind\u012bgo putru.  <\/p>\n<p>Tam ir milz\u012bga loma. Tam ir loma gan komunik\u0101ciju, gan milit\u0101raj\u0101s tehnolo\u0123ij\u0101s. Tie, kam b\u016bs m\u0101ksl\u012bgais intelekts, b\u016bs uzvar\u0113t\u0101js. Eiropa nav tik stipra. Un v\u0113l t\u0101 klimata politika! Visa Eiropa pies\u0101r\u0146o tikai se\u0161us procentus no visas pasaules pies\u0101r\u0146ojuma. Izstiepieties vai saraujieties, nekas nemain\u012bsies! <\/p>\n<p>To ta\u010du katrs idiots saprot. <\/p>\n<p>Varb\u016bt idiots ar\u012b saprot, bet visa ier\u0113dniec\u012bba ir ieinteres\u0113ta \u201cnesaprast\u201d. Kad ku\u0123is ir uz\u0146\u0113mis kursu, to ir gr\u016bti pagroz\u012bt. M\u0101ksl\u012bg\u0101 intelekta att\u012bst\u012bb\u0101 m\u0113s, Eiropa, glob\u0101li atpaliekam, jo m\u0113s nodarbojamies ar maz\u0101k svar\u012bg\u0101m liet\u0101m. <\/p>\n<p>Vai t\u0101 ir taisn\u012bba, ka kremlis ir apspriedis uzbrukumu NATO valst\u012bm? <\/p>\n<p>M\u0113s to nevaram apgalvot, bet, \u0146emot v\u0113r\u0101 to, ka kremlis uzskata Eiropu un NATO par galvenajiem oponentiem, dom\u0101ju, ka Krievijas galvenie milit\u0101rie pl\u0101ni &#8211; gan PSRS laik\u0101, gan tagad &#8211; ir saist\u012bti ar karadarb\u012bbu pret Rietumiem. Krievi redz karu Ukrain\u0101 vienlaikus k\u0101 karu pret Rietumiem. Bet m\u0113s jau esam kar\u0101 ar Krieviju. Tas ir t\u0101ds neredzamais kar\u0161, hibr\u012bdkar\u0161. Un noteikti tas nav miers. <\/p>\n<p>Un Krievija var\u0113tu s\u0101kt savu karu tie\u0161i ar Latviju? <\/p>\n<p>Tas jau ir re\u0101ls kar\u0161, kas varb\u016bt neizpau\u017eas vis\u0101s form\u0101s. Nav zin\u0101ms, vai kar\u0161 da\u017e\u0101d\u0101s form\u0101s var s\u0101kties ar Latviju, Moldovu vai Poliju. Bet visai Latvijas dro\u0161\u012bbas un aizsardz\u012bbas strat\u0113\u0123ijai ir j\u0101b\u016bt pak\u0101rtotai visslikt\u0101kajiem iesp\u0113jamajiem scen\u0101rijiem. Ja k\u0101ds pateiks &#8211; n\u0113, Latvija nav pirmaj\u0101 rind\u0101, &#8211; tas neb\u016bs iemesls atsl\u0101bin\u0101ties. <\/p>\n<p>Hibr\u012bduzbrukumi &#8211; droni, baloni un taml\u012bdz\u012bgi r\u012bki &#8211; tas noz\u012bm\u0113, ka krievi m\u016bs test\u0113? <\/p>\n<p>J\u0101, krievi m\u016bs test\u0113; vi\u0146i skat\u0101s, cik ilgi m\u0113s to ciet\u012bsim. Tad, kad vi\u0146i redz\u0113s, ka m\u016bsu reakcija ir neadekv\u0101ta un v\u0101ja, vi\u0146i saprat\u012bs, ka var iet t\u0101l\u0101k. <\/p>\n<p>M\u016bsu reakcija tie\u0161\u0101m ir nek\u0101da.  <\/p>\n<p>Tie\u0161i t\u0101. <\/p>\n<p>Bet ko dar\u012bt? <\/p>\n<p>J\u0101maina reakcija, bet tas nav tikai Latvijas rok\u0101s vien. Tas ir gan NATO, gan atsevi\u0161\u0137u dal\u012bbvalstu rok\u0101s. Tas prasa nopietn\u0101ku sagatavot\u012bbu mums draudz\u012bgaj\u0101s alianses valst\u012bs, liel\u0101ku politisko l\u012bder\u012bbu, kuras Eirop\u0101 nav. Ja man j\u0101nosauc k\u0101ds l\u012bderis, kur\u0161 rea\u0123\u0113 adekv\u0101ti, tas ir Polijas \u0101rlietu ministrs Radoslavs Sikorskis. Bet viss nav ar\u012b Polijas rok\u0101s. Vienota dro\u0161\u012bbas izpratne ir Baltijas valst\u012bm, Polijai, Somijai, Zviedrijai, D\u0101nijai, Norv\u0113\u0123ijai, ar\u012b V\u0101cijai. <\/p>\n<p>Vai ir iesp\u0113jams simtprocent\u012bgi nosarg\u0101t gaisa telpu? Par to tiek run\u0101ts past\u0101v\u012bgi. <\/p>\n<p>Simtprocent\u012bgi nosarg\u0101t nevar neviens un nekad. Protams, ir gana daudz meto\u017eu, k\u0101 to dar\u012bt. Un b\u016btu naivi dom\u0101t, ka Latvija to var\u0113tu. Bet jaut\u0101jums ir par to, vai m\u0113s piln\u012bb\u0101 visu esam izdar\u012bju\u0161i, lai sagatavotos \u0161\u0101diem scen\u0101rijiem. Atbild ir: n\u0113, neesam. T\u0101p\u0113c, ka m\u016bsu valst\u012b bie\u017ei pietr\u016bkst efekt\u012bvas izl\u0113m\u012bbas saist\u012bb\u0101 ar bru\u0146otajiem sp\u0113kiem, ar milit\u0101r\u0101s industrijas sagatavo\u0161anu, ar iepirkumiem. Esam izst\u0101ju\u0161ies no Otavas konvencijas, un mums b\u016btu j\u0101s\u0101k ra\u017eot m\u012bnas tepat Latvij\u0101. J\u0101s\u0101k dom\u0101t par atsevi\u0161\u0137u teritoriju m\u012bn\u0113\u0161anu jau tagad. Ir j\u0101iep\u0113rk visu veidu iero\u010di, j\u0101iep\u0113rk strat\u0113\u0123isk\u0101s rezerves, j\u0101iep\u0113rk droni, j\u0101apm\u0101ca dronu piloti. Tas viss pl\u0101nos it k\u0101 ir\u2026 <\/p>\n<p>Tur jau t\u0101 lieta, ka tikai pl\u0101nos.  <\/p>\n<p>T\u0101da saj\u016bta, ka m\u0113s nebeidzam mu\u013c\u013c\u0101ties. Man\u012b vienm\u0113r ir jaut\u0101jums: ja m\u0113s zin\u0101tu, ka ienaidnieks mums uzbruks p\u0113c pusgada vai gada, vai atbilde b\u016btu &#8211; nu tad gan m\u0113s k\u0101rt\u012bgi sarautu! Ko m\u0113s gaid\u0101m? Mums j\u0101r\u012bkojas tagad! Ar vien\u0101m vien\u012bg\u0101m deklar\u0101cij\u0101m un pazi\u0146ojumiem par solidarit\u0101ti m\u0113s Krieviju aptur\u0113t nevaram. <\/p>\n<p>Preciz\u0113sim s\u0101kum\u0101 izteikto jaut\u0101jumu un atbildi. Vai ASV m\u0113\u0123ina norobe\u017eoties no NATO? <\/p>\n<p>\u013boti daudzi sign\u0101li, kas pien\u0101k no ASV, liecina par to, ka ASV vairs nav p\u0101rliecino\u0161i solid\u0101rs dro\u0161\u012bbas partneris un garants Eiropas kontinentam. Protams, esmu run\u0101jis ar kongresme\u0146iem, amatperson\u0101m, kas saprot \u0161os situ\u0101ciju, un \u0161ie sign\u0101li nedod viennoz\u012bm\u012bgu apliecin\u0101jumu tam, ka gr\u016bt\u0101 br\u012bd\u012b m\u0113s varam pa\u013cauties uz nepiecie\u0161amo atbalstu. <\/p>\n<p>Tad jau 5. pants nedarbojas? <\/p>\n<p>M\u0113s redzam, k\u0101da ir attieksme pret Ukrainu. To, vai <a href=\"https:\/\/nra.lv\/birka\/5-pants\/\" target=\"_blank\" rel=\"noopener nofollow\">5. pants<\/a> darbojas, m\u0113s simtprocent\u012bgi zin\u0101sim tikai tad, kad tas b\u016bs j\u0101iedarbina. B\u016bs valstis, uz kur\u0101m m\u0113s var\u0113sim pa\u013cauties. <\/p>\n<p>\t\t\t\t\t\tinfo<\/p>\n<p>Uzzini pirmais<br \/>kas interesants noticis Latvij\u0101 un pasaul\u0113,<br \/>pievienojoties mums <a href=\"https:\/\/t.me\/neatkariga\" rel=\"nofollow\">Telegram<\/a> vai <a href=\"https:\/\/whatsapp.com\/channel\/0029VaMLFUH5K3zLU5s4wm3y\" rel=\"nofollow noopener\" target=\"_blank\">Whatsapp<\/a> kan\u0101l\u0101<\/p>\n","protected":false},"excerpt":{"rendered":"Par to, k\u0101p\u0113c NATO ir klusa k\u0101 pel\u012bte, bet Krievija turpina \u201cbombard\u0113t\u201d pasauli ar saviem meliem, par to,&hellip;\n","protected":false},"author":2,"featured_media":67957,"comment_status":"","ping_status":"","sticky":false,"template":"","format":"standard","meta":{"footnotes":""},"categories":[14],"tags":[23,57,28,29,32,33,22,30,31,35,39,38,36,37,34,40,20,26,27,24,25,54,55,56,21,58],"class_list":{"0":"post-67956","1":"post","2":"type-post","3":"status-publish","4":"format-standard","5":"has-post-thumbnail","7":"category-zinas-no-arvalstim","8":"tag-aktualitates","9":"tag-arvalstim","10":"tag-breaking-news","11":"tag-breakingnews","12":"tag-featured-news","13":"tag-featurednews","14":"tag-headlines","15":"tag-latest-news","16":"tag-latestnews","17":"tag-latvia","18":"tag-latvian","19":"tag-latviesu","20":"tag-latviesu-valoda","21":"tag-latviesuvaloda","22":"tag-latvija","23":"tag-lv","24":"tag-news","25":"tag-popularakas-zinas","26":"tag-popularakaszinas","27":"tag-top-stories","28":"tag-topstories","29":"tag-world","30":"tag-world-news","31":"tag-worldnews","32":"tag-zinas","33":"tag-zinas-no-arvalstim"},"share_on_mastodon":{"url":"https:\/\/pubeurope.com\/@lv\/115678705386220445","error":""},"_links":{"self":[{"href":"https:\/\/www.europesays.com\/lv\/wp-json\/wp\/v2\/posts\/67956","targetHints":{"allow":["GET"]}}],"collection":[{"href":"https:\/\/www.europesays.com\/lv\/wp-json\/wp\/v2\/posts"}],"about":[{"href":"https:\/\/www.europesays.com\/lv\/wp-json\/wp\/v2\/types\/post"}],"author":[{"embeddable":true,"href":"https:\/\/www.europesays.com\/lv\/wp-json\/wp\/v2\/users\/2"}],"replies":[{"embeddable":true,"href":"https:\/\/www.europesays.com\/lv\/wp-json\/wp\/v2\/comments?post=67956"}],"version-history":[{"count":0,"href":"https:\/\/www.europesays.com\/lv\/wp-json\/wp\/v2\/posts\/67956\/revisions"}],"wp:featuredmedia":[{"embeddable":true,"href":"https:\/\/www.europesays.com\/lv\/wp-json\/wp\/v2\/media\/67957"}],"wp:attachment":[{"href":"https:\/\/www.europesays.com\/lv\/wp-json\/wp\/v2\/media?parent=67956"}],"wp:term":[{"taxonomy":"category","embeddable":true,"href":"https:\/\/www.europesays.com\/lv\/wp-json\/wp\/v2\/categories?post=67956"},{"taxonomy":"post_tag","embeddable":true,"href":"https:\/\/www.europesays.com\/lv\/wp-json\/wp\/v2\/tags?post=67956"}],"curies":[{"name":"wp","href":"https:\/\/api.w.org\/{rel}","templated":true}]}}