{"id":67961,"date":"2025-12-07T14:26:12","date_gmt":"2025-12-07T14:26:12","guid":{"rendered":"https:\/\/www.europesays.com\/lv\/67961\/"},"modified":"2025-12-07T14:26:12","modified_gmt":"2025-12-07T14:26:12","slug":"benina-noversts-apversuma-meginajums","status":"publish","type":"post","link":"https:\/\/www.europesays.com\/lv\/67961\/","title":{"rendered":"Benin\u0101 nov\u0113rsts apv\u0113rsuma m\u0113\u0123in\u0101jums"},"content":{"rendered":"<p>&#8220;Neliela karav\u012bru grupa s\u0101ka dumpi ar m\u0113r\u0137i destabiliz\u0113t valsti un t\u0101s instit\u016bcijas,&#8221; teikts Seidu pazi\u0146ojum\u0101. &#8220;Uz to rea\u0123\u0113jot, Beninas bru\u0146otie sp\u0113ki un to vad\u012bba, kas uztic\u012bga savam zv\u0113restam, atguva kontroli p\u0101r situ\u0101ciju un nov\u0113rsa \u0161o manevru.&#8221;<\/p>\n<p>K\u0101 zi\u0146ots, grupa Beninas milit\u0101rpersonu sv\u0113tdien pazi\u0146oja, ka g\u0101zusi prezidentu Patrisu Talonu.<\/p>\n<p>Grupa, kas sevi d\u0113v\u0113ja par &#8220;Milit\u0101ro atjauno\u0161anas komiteju&#8221; (CMR), uzst\u0101joties valsts telev\u012bzij\u0101, pazi\u0146oja, ka izl\u0113musi atcelt Talonu no prezidenta amata.<\/p>\n<p>Pirms telev\u012bzijas sign\u0101ls pazuda, CMR pazi\u0146oja, ka visas valsts instit\u016bcijas ir atlaistas un ka par milit\u0101r\u0101s komitejas prezidentu iecelts pulkve\u017eleitnants Pask\u0101ls Tigri.<\/p>\n<p>Francijas v\u0113stniec\u012bba Kotonu soci\u0101l\u0101s sazi\u0146as vietn\u0113 &#8220;X&#8221; zi\u0146oja, ka net\u0101lu no prezidenta ofici\u0101l\u0101s rezidences dzirdami \u0161\u0101vieni.<\/p>\n<p>Neilgi p\u0113c tam vald\u012bbas p\u0101rst\u0101vis pazi\u0146oja, ka apv\u0113rsuma m\u0113\u0123in\u0101jums bijis neveiksm\u012bgs.<\/p>\n<p>Ar\u012b prezidenta kanceleja pazi\u0146oja, ka Talons esot dro\u0161\u012bb\u0101.<\/p>\n","protected":false},"excerpt":{"rendered":"&#8220;Neliela karav\u012bru grupa s\u0101ka dumpi ar m\u0113r\u0137i destabiliz\u0113t valsti un t\u0101s instit\u016bcijas,&#8221; teikts Seidu pazi\u0146ojum\u0101. &#8220;Uz to rea\u0123\u0113jot,&hellip;\n","protected":false},"author":2,"featured_media":67962,"comment_status":"","ping_status":"","sticky":false,"template":"","format":"standard","meta":{"footnotes":""},"categories":[14],"tags":[23,57,17456,28,29,32,33,22,30,31,35,39,38,36,37,34,40,20,26,27,24,25,54,55,56,21,58],"class_list":{"0":"post-67961","1":"post","2":"type-post","3":"status-publish","4":"format-standard","5":"has-post-thumbnail","7":"category-zinas-no-arvalstim","8":"tag-aktualitates","9":"tag-arvalstim","10":"tag-benina","11":"tag-breaking-news","12":"tag-breakingnews","13":"tag-featured-news","14":"tag-featurednews","15":"tag-headlines","16":"tag-latest-news","17":"tag-latestnews","18":"tag-latvia","19":"tag-latvian","20":"tag-latviesu","21":"tag-latviesu-valoda","22":"tag-latviesuvaloda","23":"tag-latvija","24":"tag-lv","25":"tag-news","26":"tag-popularakas-zinas","27":"tag-popularakaszinas","28":"tag-top-stories","29":"tag-topstories","30":"tag-world","31":"tag-world-news","32":"tag-worldnews","33":"tag-zinas","34":"tag-zinas-no-arvalstim"},"share_on_mastodon":{"url":"https:\/\/pubeurope.com\/@lv\/115678752490283026","error":""},"_links":{"self":[{"href":"https:\/\/www.europesays.com\/lv\/wp-json\/wp\/v2\/posts\/67961","targetHints":{"allow":["GET"]}}],"collection":[{"href":"https:\/\/www.europesays.com\/lv\/wp-json\/wp\/v2\/posts"}],"about":[{"href":"https:\/\/www.europesays.com\/lv\/wp-json\/wp\/v2\/types\/post"}],"author":[{"embeddable":true,"href":"https:\/\/www.europesays.com\/lv\/wp-json\/wp\/v2\/users\/2"}],"replies":[{"embeddable":true,"href":"https:\/\/www.europesays.com\/lv\/wp-json\/wp\/v2\/comments?post=67961"}],"version-history":[{"count":0,"href":"https:\/\/www.europesays.com\/lv\/wp-json\/wp\/v2\/posts\/67961\/revisions"}],"wp:featuredmedia":[{"embeddable":true,"href":"https:\/\/www.europesays.com\/lv\/wp-json\/wp\/v2\/media\/67962"}],"wp:attachment":[{"href":"https:\/\/www.europesays.com\/lv\/wp-json\/wp\/v2\/media?parent=67961"}],"wp:term":[{"taxonomy":"category","embeddable":true,"href":"https:\/\/www.europesays.com\/lv\/wp-json\/wp\/v2\/categories?post=67961"},{"taxonomy":"post_tag","embeddable":true,"href":"https:\/\/www.europesays.com\/lv\/wp-json\/wp\/v2\/tags?post=67961"}],"curies":[{"name":"wp","href":"https:\/\/api.w.org\/{rel}","templated":true}]}}