{"id":67990,"date":"2025-12-07T15:16:09","date_gmt":"2025-12-07T15:16:09","guid":{"rendered":"https:\/\/www.europesays.com\/lv\/67990\/"},"modified":"2025-12-07T15:16:09","modified_gmt":"2025-12-07T15:16:09","slug":"video-%e2%9f%a9-lielbritanijas-pilots-lando-noriss-pirmo-reizi-karjera-izcina-f-1-cempiontitulu","status":"publish","type":"post","link":"https:\/\/www.europesays.com\/lv\/67990\/","title":{"rendered":"VIDEO \u27e9 Lielbrit\u0101nijas pilots Lando Noriss pirmo reizi karjer\u0101 izc\u012bna F-1 \u010dempiontitulu"},"content":{"rendered":"<p>Lai nodro\u0161in\u0101tu titulu neatkar\u012bgi no konkurentu snieguma, Norisam p\u0113d\u0113j\u0101, 24. posm\u0101, vajadz\u0113ja fini\u0161\u0113t vismaz tre\u0161aj\u0101 poz\u012bcij\u0101, un to ar\u012b vi\u0146\u0161 paveica. Pirmais fini\u0161\u0113ja iepriek\u0161\u0113jo \u010detru sezonu \u010dempions &#8220;Red Bull&#8221; pilots Makss Verstapens, kur\u0161 kopv\u0113rt\u0113jum\u0101 atpalika tikai par diviem punktiem, bet tre\u0161ais bija Norisa komandas biedrs Oskars Piastri.<\/p>\n<p>26 gadus vecajam Norisam \u0161\u012b bija sept\u012bt\u0101 sezona <a href=\"https:\/\/sports.tvnet.lv\/term\/64950\/f-1\" class=\"topicLink\" target=\"_blank\" rel=\"nofollow noopener\">F-1<\/a>. Noriss ir 35. pilots, kuram izdevies izc\u012bn\u012bt F-1 titulu, un 11. Lielbrit\u0101nijas p\u0101rst\u0101vis \u0161aj\u0101 komp\u0101nij\u0101.<\/p>\n<p>Visi tr\u012bs titula pretendenti sac\u012bkstes s\u0101ka no pirmaj\u0101m trim poz\u012bcij\u0101m. Sestdien aizvad\u012btaj\u0101 kvalifik\u0101cij\u0101 &#8220;pole-position&#8221; izc\u012bn\u012bja Verstapens, aiz sevis atst\u0101jot abus &#8220;McLaren&#8221; pilotus Norisu un Piastri, kuri start\u0113ja no attiec\u012bgi otr\u0101s un tre\u0161\u0101s poz\u012bcijas.<\/p>\n<p>Sac\u012bkstes gait\u0101 Verstapens tur\u0113j\u0101s dro\u0161\u0101 vad\u012bb\u0101, ta\u010du ar to nepietika titula nodro\u0161in\u0101\u0161anai. Noriss liel\u0101koties c\u012bn\u012bj\u0101s par tre\u0161o vietu posm\u0101, un vi\u0146u neaizkav\u0113ja ar\u012b Verstapena komandas biedrs Juki Cunoda p\u0113c tam, kad brits, atgrie\u017eoties no boksiem, apdzina priek\u0161\u0101 brauco\u0161os.<\/p>\n","protected":false},"excerpt":{"rendered":"Lai nodro\u0161in\u0101tu titulu neatkar\u012bgi no konkurentu snieguma, Norisam p\u0113d\u0113j\u0101, 24. posm\u0101, vajadz\u0113ja fini\u0161\u0113t vismaz tre\u0161aj\u0101 poz\u012bcij\u0101, un to&hellip;\n","protected":false},"author":2,"featured_media":67991,"comment_status":"","ping_status":"","sticky":false,"template":"","format":"standard","meta":{"footnotes":""},"categories":[5],"tags":[23,28,29,4182,32,33,22,30,31,35,39,38,36,37,34,40,20,26,27,24,25,21],"class_list":{"0":"post-67990","1":"post","2":"type-post","3":"status-publish","4":"format-standard","5":"has-post-thumbnail","7":"category-aktualitates","8":"tag-aktualitates","9":"tag-breaking-news","10":"tag-breakingnews","11":"tag-f-1","12":"tag-featured-news","13":"tag-featurednews","14":"tag-headlines","15":"tag-latest-news","16":"tag-latestnews","17":"tag-latvia","18":"tag-latvian","19":"tag-latviesu","20":"tag-latviesu-valoda","21":"tag-latviesuvaloda","22":"tag-latvija","23":"tag-lv","24":"tag-news","25":"tag-popularakas-zinas","26":"tag-popularakaszinas","27":"tag-top-stories","28":"tag-topstories","29":"tag-zinas"},"share_on_mastodon":{"url":"https:\/\/pubeurope.com\/@lv\/115678949176995361","error":""},"_links":{"self":[{"href":"https:\/\/www.europesays.com\/lv\/wp-json\/wp\/v2\/posts\/67990","targetHints":{"allow":["GET"]}}],"collection":[{"href":"https:\/\/www.europesays.com\/lv\/wp-json\/wp\/v2\/posts"}],"about":[{"href":"https:\/\/www.europesays.com\/lv\/wp-json\/wp\/v2\/types\/post"}],"author":[{"embeddable":true,"href":"https:\/\/www.europesays.com\/lv\/wp-json\/wp\/v2\/users\/2"}],"replies":[{"embeddable":true,"href":"https:\/\/www.europesays.com\/lv\/wp-json\/wp\/v2\/comments?post=67990"}],"version-history":[{"count":0,"href":"https:\/\/www.europesays.com\/lv\/wp-json\/wp\/v2\/posts\/67990\/revisions"}],"wp:featuredmedia":[{"embeddable":true,"href":"https:\/\/www.europesays.com\/lv\/wp-json\/wp\/v2\/media\/67991"}],"wp:attachment":[{"href":"https:\/\/www.europesays.com\/lv\/wp-json\/wp\/v2\/media?parent=67990"}],"wp:term":[{"taxonomy":"category","embeddable":true,"href":"https:\/\/www.europesays.com\/lv\/wp-json\/wp\/v2\/categories?post=67990"},{"taxonomy":"post_tag","embeddable":true,"href":"https:\/\/www.europesays.com\/lv\/wp-json\/wp\/v2\/tags?post=67990"}],"curies":[{"name":"wp","href":"https:\/\/api.w.org\/{rel}","templated":true}]}}