{"id":67998,"date":"2025-12-07T15:23:21","date_gmt":"2025-12-07T15:23:21","guid":{"rendered":"https:\/\/www.europesays.com\/lv\/67998\/"},"modified":"2025-12-07T15:23:21","modified_gmt":"2025-12-07T15:23:21","slug":"atklats-pirmais-jura-podnieka-dienasgramatu-sejums-ieskats-legendara-operatora-jauniba-lente-lv","status":"publish","type":"post","link":"https:\/\/www.europesays.com\/lv\/67998\/","title":{"rendered":"Atkl\u0101ts pirmais Jura Podnieka dienasgr\u0101matu s\u0113jums: ieskats le\u0123end\u0101r\u0101 operatora jaun\u012bb\u0101\u00a0\u2014\u00a0Lente.lv"},"content":{"rendered":"<p>Jauns skat\u012bjums uz le\u0123end\u0101ro operatoru: Klaj\u0101 n\u0101cis pirm\u0101s Jura Podnieka dienasgr\u0101matu s\u0113jums<\/p>\n<p>Latvijas Kino muzej\u0101 nesen noticis noz\u012bm\u012bgs kult\u016bras notikums \u2013 atkl\u0101ts pirmais Jura Podnieka dienasgr\u0101matu s\u0113jums, kas aptver vi\u0146a jaun\u012bbas gadus no 1975. l\u012bdz 1981. gadam. \u0160is v\u0113rt\u012bgais izdevums, ko sast\u0101d\u012bjis un redi\u0123\u0113jis kinozin\u0101tnieks Agris Redovi\u010ds, sniedz unik\u0101lu ieskatu le\u0123end\u0101r\u0101 operatora un re\u017eisora dom\u0101s, p\u0101rdom\u0101s un rado\u0161aj\u0101 att\u012bst\u012bb\u0101.<\/p>\n<p>Dienasgr\u0101matas \u2013 durvis uz Podnieka pasauli<\/p>\n<p>Gr\u0101mata &#8220;Juris Podnieks. Dienasgr\u0101matas. 1975-1981&#8221; nav tikai vienk\u0101r\u0161s notikumu atst\u0101sts, bet gan dzi\u013c\u0161 person\u012bbas atspogu\u013cojums. Taj\u0101 Podnieks dal\u0101s ar sav\u0101m p\u0101rdom\u0101m par dz\u012bvi, darbu, cilv\u0113kiem un laikmeta ideolo\u0123iskajiem ierobe\u017eojumiem, kas raksturoja t\u0101 laika Padomju Savien\u012bbu. \u0160ie pieraksti atkl\u0101j ne tikai topo\u0161o ideju ieceres, bet ar\u012b pa\u0161u m\u0101kslinieku vi\u0146a profesion\u0101l\u0101s izaugsmes ce\u013c\u0101. T\u0101 ir iesp\u0113ja iepaz\u012bt ne tikai kino v\u0113sturi, bet ar\u012b cilv\u0113ku aiz kameras \u2013 dom\u0101jo\u0161u, j\u016bt\u012bgu un savu skat\u012bjumu stingri aizst\u0101vo\u0161u m\u0101kslinieku. Agris Redovi\u010ds uzsver, ka pierakstos j\u016btama Podnieka v\u0113lme saglab\u0101t gar\u012bgo br\u012bv\u012bbu un paties\u012bbu, k\u0101 ar\u012b atbild\u012bbu pret sabiedr\u012bbu, atkl\u0101jot ar\u012b \u0161aubu un mekl\u0113jumu ce\u013cu, kas ir rakstur\u012bgs jebkuram rado\u0161am cilv\u0113kam. Vi\u0146\u0161 uzskata, ka \u0161\u012b gr\u0101mata ir noz\u012bm\u012bgs kult\u016bras dokuments, kas joproj\u0101m rezon\u0113 ar m\u016bsdienu las\u012bt\u0101ju.<\/p>\n<p>Ce\u013c\u0161 uz kinokartes virsotn\u0113m<\/p>\n<p>\u0160is agr\u012bnais posms Jura Podnieka karjer\u0101 bija \u012bpa\u0161i noz\u012bm\u012bgs, jo tas atspogu\u013co vi\u0146a meistar\u012bbas pilnveido\u0161anos un iepaz\u012b\u0161anos ar kino tap\u0161anas procesu. Gr\u0101mat\u0101 aprakst\u012bts vi\u0146a darbs pie t\u0101d\u0101m film\u0101m k\u0101 &#8220;Aizliegt\u0101 zona&#8221; (1975), &#8220;Liep\u0101jas v\u012bri&#8221; (1976), &#8220;Raimonds Pauls. Portrets ar m\u016bziku&#8221; (1977), &#8220;Br\u0101\u013ci Kokari&#8221; (1978), &#8220;Imants Ziedonis. Portrets loc\u012bjumos&#8221; (1979) un &#8220;Puikas, zirgos!&#8221; (1979). \u012apa\u0161u vietu ie\u0146em ar\u012b vi\u0146a un film\u0113\u0161anas grupas tik\u0161an\u0101s ar latvie\u0161u str\u0113lniekiem, kas v\u0113l\u0101k kalpoja par pamatu ikoniskajai filmai &#8220;Str\u0113lnieku zvaigzn\u0101js&#8221; (1982). \u0160ie darbi ne tikai demonstr\u0113 Podnieka profesion\u0101lo izaugsmi, bet ar\u012b vi\u0146a sp\u0113ju ieraudz\u012bt un att\u0113lot cilv\u0113cisko un v\u0113sturisko. Vi\u0146a filmas bie\u017ei vien bija drosm\u012bgas un aizkustino\u0161as, skarot svar\u012bgus sabiedr\u012bbas un laikmeta jaut\u0101jumus. K\u0101 liecina inform\u0101cija, Juris Podnieks (1950-1992) ir viens no izcil\u0101kajiem latvie\u0161u dokument\u0101l\u0101 kino p\u0101rst\u0101vjiem, kura darbi ir paz\u012bstami gan Latvij\u0101, gan starptautiski. Vi\u0146a sp\u0113ja run\u0101t tie\u0161i un aizkustino\u0161i par savu laiku un sabiedr\u012bbu padar\u012bja vi\u0146u par laikmeta liecinieku.<\/p>\n<p>Atv\u0113r\u0161anas pas\u0101kums un kult\u016bras programma<\/p>\n<p>Gr\u0101matas atv\u0113r\u0161anas pas\u0101kums norisin\u0101j\u0101s Latvijas Kino muzej\u0101 4. decembr\u012b. Pas\u0101kumu kuplin\u0101ja ar\u012b Latvijas Radio kora un horeogr\u0101fes Lilijas Liporas sniegtais koncerts &#8220;Sarunas bez v\u0101rdiem&#8221;, kas bija velt\u012bts re\u017eisoram. \u0160\u012b pas\u0101kumu virkne ir da\u013ca no Jura Podnieka jubilejas gada nosl\u0113guma aktivit\u0101t\u0113m, ko atbalsta Valsts kult\u016brkapit\u0101la fonds. Ar\u012b izst\u0101de &#8220;Podnieka laiktelpa&#8221; Latvijas Kino muzej\u0101, kas velt\u012bta re\u017eisoram, ir apskat\u0101ma l\u012bdz 6. decembrim. \u0160\u012b gr\u0101mata ir k\u0101 logs uz pag\u0101tni, kas \u013cauj mums lab\u0101k saprast ne tikai latvie\u0161u kino att\u012bst\u012bbu, bet ar\u012b pa\u0161u Jura Podnieku k\u0101 person\u012bbu un m\u0101kslinieku. Tas ir aicin\u0101jums iepaz\u012bt vi\u0146a domu pasauli, kas joproj\u0101m ir aktu\u0101la un iedvesmojo\u0161a.<\/p>\n","protected":false},"excerpt":{"rendered":"Jauns skat\u012bjums uz le\u0123end\u0101ro operatoru: Klaj\u0101 n\u0101cis pirm\u0101s Jura Podnieka dienasgr\u0101matu s\u0113jums Latvijas Kino muzej\u0101 nesen noticis noz\u012bm\u012bgs&hellip;\n","protected":false},"author":2,"featured_media":67999,"comment_status":"","ping_status":"","sticky":false,"template":"","format":"standard","meta":{"footnotes":""},"categories":[19],"tags":[17464,89,90,7140,3272,35,39,38,2712,36,37,34,17465,40],"class_list":{"0":"post-67998","1":"post","2":"type-post","3":"status-publish","4":"format-standard","5":"has-post-thumbnail","7":"category-izklaide","8":"tag-dienasgramatas","9":"tag-entertainment","10":"tag-izklaide","11":"tag-juris-podnieks","12":"tag-kino-vesture","13":"tag-latvia","14":"tag-latvian","15":"tag-latviesu","16":"tag-latviesu-kino","17":"tag-latviesu-valoda","18":"tag-latviesuvaloda","19":"tag-latvija","20":"tag-latvijas-kino-muzejs","21":"tag-lv"},"share_on_mastodon":{"url":"https:\/\/pubeurope.com\/@lv\/115678976718160042","error":""},"_links":{"self":[{"href":"https:\/\/www.europesays.com\/lv\/wp-json\/wp\/v2\/posts\/67998","targetHints":{"allow":["GET"]}}],"collection":[{"href":"https:\/\/www.europesays.com\/lv\/wp-json\/wp\/v2\/posts"}],"about":[{"href":"https:\/\/www.europesays.com\/lv\/wp-json\/wp\/v2\/types\/post"}],"author":[{"embeddable":true,"href":"https:\/\/www.europesays.com\/lv\/wp-json\/wp\/v2\/users\/2"}],"replies":[{"embeddable":true,"href":"https:\/\/www.europesays.com\/lv\/wp-json\/wp\/v2\/comments?post=67998"}],"version-history":[{"count":0,"href":"https:\/\/www.europesays.com\/lv\/wp-json\/wp\/v2\/posts\/67998\/revisions"}],"wp:featuredmedia":[{"embeddable":true,"href":"https:\/\/www.europesays.com\/lv\/wp-json\/wp\/v2\/media\/67999"}],"wp:attachment":[{"href":"https:\/\/www.europesays.com\/lv\/wp-json\/wp\/v2\/media?parent=67998"}],"wp:term":[{"taxonomy":"category","embeddable":true,"href":"https:\/\/www.europesays.com\/lv\/wp-json\/wp\/v2\/categories?post=67998"},{"taxonomy":"post_tag","embeddable":true,"href":"https:\/\/www.europesays.com\/lv\/wp-json\/wp\/v2\/tags?post=67998"}],"curies":[{"name":"wp","href":"https:\/\/api.w.org\/{rel}","templated":true}]}}