{"id":68007,"date":"2025-12-07T15:30:12","date_gmt":"2025-12-07T15:30:12","guid":{"rendered":"https:\/\/www.europesays.com\/lv\/68007\/"},"modified":"2025-12-07T15:30:12","modified_gmt":"2025-12-07T15:30:12","slug":"lando-noriss-atnem-maksam-verstapenam-f1-cempiona-kroni-mclaren-pilots-triumfe-pirmo-reizi-kops-2008-gada-jauns-lv","status":"publish","type":"post","link":"https:\/\/www.europesays.com\/lv\/68007\/","title":{"rendered":"Lando Noriss at\u0146em Maksam Verstapenam F1 \u010dempiona kroni, &quot;McLaren&quot; pilots triumf\u0113 pirmo reizi kop\u0161 2008. gada &#8211; Jauns.lv"},"content":{"rendered":"<ol>\n<li><a href=\"https:\/\/news.google.com\/rss\/articles\/CBMi2wFBVV95cUxPNEZabThDV0dlOFpIc05jc0FsbS1Ibm1jbWVTZEFQQXhIMlRTY2RhWG5WSlJHSE05WURNR0Z1cG5wYzVVazNuUW9lNldhTDNlUm5JWUVyV2J3YmdKMTVoc2RwM3JITHpoOWcxTGRFODVsZ0V6OXE3bVNBekNCczBkcFU0dFE0UEVnTWRJM2o5NFpXdzFoS21rVkZ3WU1XQUM3ZXQwZTdfMS05XzNtTHdNakdheWVoNFkyc2tXQTZWVDUxMUozMW8yRy1ZLVhab2loY1hWS2piVFkzXzQ?oc=5\" target=\"_blank\" rel=\"nofollow noopener\">Lando Noriss at\u0146em Maksam Verstapenam F1 \u010dempiona kroni, &#8220;McLaren&#8221; pilots triumf\u0113 pirmo reizi kop\u0161 2008. gada<\/a>&nbsp;&nbsp;Jauns.lv<\/li>\n<li><a href=\"https:\/\/news.google.com\/rss\/articles\/CBMilwFBVV95cUxOMjVWTUdPMFhUZ1NzYk14QU9QNmpheFJwLTlkMm43VGZPNEUyOGtZR1NRcjFFRDBOcGIzbTNVcmZKU090ZnJFNDlHNTFTWFBTano4am8yVFkwbW82Rm5ZN2FUeGRMUExDVngtczNWQXMxSEIxWUFIOHpIZG10Yi1DdTd3NTc1c3JpVjR2RkJSeE84bDVXQk5J?oc=5\" target=\"_blank\" rel=\"nofollow noopener\">Verstapens paveic visu, bet F1 titulu izc\u012bna Noriss \u2013 Motoru sports<\/a>&nbsp;&nbsp;Sportacentrs.com<\/li>\n<li><a href=\"https:\/\/news.google.com\/rss\/articles\/CBMisgFBVV95cUxQd2dCRkUwYmVDWVRBa2NGVU56SXRRUDZxX2dwMnk0MnlSZG5YTmh3MHJoeDduVGZzSFhfUk9mX3lzUVktc3E2N0NDbm11RU8zOXJhZ2l3WkRQTDl4NEF6V0lVTjRjQlpTUVo3aHdmWXg3c3ZMRU9SV2xzTVdvNzZMenpnNjVuUlpsSHVqYUVxVlg1enpyaVdZTzB4a3RoeTZPYVFKSlBQd0tPU3lkU0pHVTBB?oc=5\" target=\"_blank\" rel=\"nofollow noopener\">Lando Noriss izc\u012bna savu pirmo F-1 pasaules \u010dempiona titulu<\/a>&nbsp;&nbsp;Delfi<\/li>\n<li><a href=\"https:\/\/news.google.com\/rss\/articles\/CBMi7wFBVV95cUxPSVpKSnpBNkJUSmlZLWdzSTFyMUNKNjY3SWhFd09ZZ1BOcnlKWEpQZ1VKTU1BenBFc1RDeW5seDNjLW5mOGxQQUpzSmVPaERXRzduVFJrUW1kQmRZZmM4Q2NhNWNwMkVPeEIzdV9Id0dFa1FVbTRIZ0hnN1duOEFhVmFaZkJ3cW5QRWJEcUhLTXFtRG1tLTJsb0NoRC1XWDJOaF85blIwT1VLZ0hwc1d5MU4xTUFjSXpiWFdMdGFQcUhoLTVZMGJVS0Ezbi1XWGVpekVFWWlfOXVRWENoWUtoWlZFN0ttS0VEczhta2RCUQ?oc=5\" target=\"_blank\" rel=\"nofollow noopener\">Tr\u012bs titula pretendenti, vienas p\u0113d\u0113j\u0101s sac\u012bkstes. F-1 sezonas nosl\u0113gum\u0101 sen nebijusi intriga \/ Raksts<\/a>&nbsp;&nbsp;LSM<\/li>\n<li><a href=\"https:\/\/news.google.com\/rss\/articles\/CBMikAFBVV95cUxQQTRHd2VzckxISkkyU0dlRldRZjhDZDM3UGVKTTJQdjNWSTRFRXhxNFVKU09KYmxGRGU5ZGVmdzlRYVd3TDlma3pwNXAydXl4ZnBEbUI2UUt3cUt2YnNrZGU3MUNJb0R1UDN6dlRCS0JPQXR5MEtVbEFpekUyeEM0cjVCclJsYllSaWVHampNNkE?oc=5\" target=\"_blank\" rel=\"nofollow noopener\">C\u012b\u0146a par F-1 titulu \u2013 k\u0101di ir scen\u0101riji sezonas p\u0113d\u0113j\u0101 posm\u0101?<\/a>&nbsp;&nbsp;Sportazinas.com<\/li>\n<\/ol>\n","protected":false},"excerpt":{"rendered":"Lando Noriss at\u0146em Maksam Verstapenam F1 \u010dempiona kroni, &#8220;McLaren&#8221; pilots triumf\u0113 pirmo reizi kop\u0161 2008. gada&nbsp;&nbsp;Jauns.lv Verstapens paveic&hellip;\n","protected":false},"author":2,"featured_media":68008,"comment_status":"","ping_status":"","sticky":false,"template":"","format":"standard","meta":{"footnotes":""},"categories":[17],"tags":[35,39,38,36,37,34,40,67],"class_list":{"0":"post-68007","1":"post","2":"type-post","3":"status-publish","4":"format-standard","5":"has-post-thumbnail","7":"category-sports","8":"tag-latvia","9":"tag-latvian","10":"tag-latviesu","11":"tag-latviesu-valoda","12":"tag-latviesuvaloda","13":"tag-latvija","14":"tag-lv","15":"tag-sports"},"share_on_mastodon":{"url":"https:\/\/pubeurope.com\/@lv\/115679004115653190","error":""},"_links":{"self":[{"href":"https:\/\/www.europesays.com\/lv\/wp-json\/wp\/v2\/posts\/68007","targetHints":{"allow":["GET"]}}],"collection":[{"href":"https:\/\/www.europesays.com\/lv\/wp-json\/wp\/v2\/posts"}],"about":[{"href":"https:\/\/www.europesays.com\/lv\/wp-json\/wp\/v2\/types\/post"}],"author":[{"embeddable":true,"href":"https:\/\/www.europesays.com\/lv\/wp-json\/wp\/v2\/users\/2"}],"replies":[{"embeddable":true,"href":"https:\/\/www.europesays.com\/lv\/wp-json\/wp\/v2\/comments?post=68007"}],"version-history":[{"count":0,"href":"https:\/\/www.europesays.com\/lv\/wp-json\/wp\/v2\/posts\/68007\/revisions"}],"wp:featuredmedia":[{"embeddable":true,"href":"https:\/\/www.europesays.com\/lv\/wp-json\/wp\/v2\/media\/68008"}],"wp:attachment":[{"href":"https:\/\/www.europesays.com\/lv\/wp-json\/wp\/v2\/media?parent=68007"}],"wp:term":[{"taxonomy":"category","embeddable":true,"href":"https:\/\/www.europesays.com\/lv\/wp-json\/wp\/v2\/categories?post=68007"},{"taxonomy":"post_tag","embeddable":true,"href":"https:\/\/www.europesays.com\/lv\/wp-json\/wp\/v2\/tags?post=68007"}],"curies":[{"name":"wp","href":"https:\/\/api.w.org\/{rel}","templated":true}]}}