{"id":68011,"date":"2025-12-07T15:34:14","date_gmt":"2025-12-07T15:34:14","guid":{"rendered":"https:\/\/www.europesays.com\/lv\/68011\/"},"modified":"2025-12-07T15:34:14","modified_gmt":"2025-12-07T15:34:14","slug":"militarpersonas-pazino-ka-benina-gazts-prezidents-kanceleja-to-noliedz","status":"publish","type":"post","link":"https:\/\/www.europesays.com\/lv\/68011\/","title":{"rendered":"Milit\u0101rpersonas pazi\u0146o, ka Benin\u0101 g\u0101zts prezidents; kanceleja to noliedz"},"content":{"rendered":"<p>Grupa, kas sevi d\u0113v\u0113 par &#8220;Milit\u0101ro atjauno\u0161anas komiteju&#8221; (CMR), uzst\u0101joties valsts telev\u012bzij\u0101, pazi\u0146oja, izl\u0113musi atcelt Talonu no prezidenta amata.<\/p>\n<p>Talona atra\u0161an\u0101s vieta nav zin\u0101ma, un Francijas v\u0113stniec\u012bba Kotonu soci\u0101l\u0101s sazi\u0146as vietn\u0113 &#8220;X&#8221; zi\u0146o, ka net\u0101lu no prezidenta ofici\u0101l\u0101s rezidences dzirdami \u0161\u0101vieni.<\/p>\n<p>V\u0113stniec\u012bba aicin\u0101jusi Benin\u0101 eso\u0161os Francijas pilso\u0146us neatst\u0101t savas m\u0101jas.<\/p>\n<p>Tikm\u0113r prezidenta kanceleja pazi\u0146ojusi, ka Talons esot dro\u0161\u012bb\u0101.<\/p>\n<p>&#8220;T\u0101 ir maza cilv\u0113ku grupa, kas kontrol\u0113 vien\u012bgi telev\u012bziju,&#8221; teikts kancelejas pazi\u0146ojum\u0101. &#8220;Regul\u0101r\u0101 armija atg\u016bst kontroli. Pils\u0113ta un valsts ir piln\u012bgi dro\u0161a.&#8221;<\/p>\n<p>Talonam prezidenta amats j\u0101atst\u0101j n\u0101kam\u0101 gada apr\u012bl\u012b. Vi\u0146\u0161 taj\u0101 aizvad\u012bjis jau desmit gadus.<\/p>\n","protected":false},"excerpt":{"rendered":"Grupa, kas sevi d\u0113v\u0113 par &#8220;Milit\u0101ro atjauno\u0161anas komiteju&#8221; (CMR), uzst\u0101joties valsts telev\u012bzij\u0101, pazi\u0146oja, izl\u0113musi atcelt Talonu no prezidenta&hellip;\n","protected":false},"author":2,"featured_media":68012,"comment_status":"","ping_status":"","sticky":false,"template":"","format":"standard","meta":{"footnotes":""},"categories":[5],"tags":[23,5156,63,28,29,32,33,22,30,31,35,39,38,36,37,34,40,20,26,27,24,25,21],"class_list":{"0":"post-68011","1":"post","2":"type-post","3":"status-publish","4":"format-standard","5":"has-post-thumbnail","7":"category-aktualitates","8":"tag-aktualitates","9":"tag-arpolitika","10":"tag-arvalstis","11":"tag-breaking-news","12":"tag-breakingnews","13":"tag-featured-news","14":"tag-featurednews","15":"tag-headlines","16":"tag-latest-news","17":"tag-latestnews","18":"tag-latvia","19":"tag-latvian","20":"tag-latviesu","21":"tag-latviesu-valoda","22":"tag-latviesuvaloda","23":"tag-latvija","24":"tag-lv","25":"tag-news","26":"tag-popularakas-zinas","27":"tag-popularakaszinas","28":"tag-top-stories","29":"tag-topstories","30":"tag-zinas"},"share_on_mastodon":{"url":"https:\/\/pubeurope.com\/@lv\/115679019843132718","error":""},"_links":{"self":[{"href":"https:\/\/www.europesays.com\/lv\/wp-json\/wp\/v2\/posts\/68011","targetHints":{"allow":["GET"]}}],"collection":[{"href":"https:\/\/www.europesays.com\/lv\/wp-json\/wp\/v2\/posts"}],"about":[{"href":"https:\/\/www.europesays.com\/lv\/wp-json\/wp\/v2\/types\/post"}],"author":[{"embeddable":true,"href":"https:\/\/www.europesays.com\/lv\/wp-json\/wp\/v2\/users\/2"}],"replies":[{"embeddable":true,"href":"https:\/\/www.europesays.com\/lv\/wp-json\/wp\/v2\/comments?post=68011"}],"version-history":[{"count":0,"href":"https:\/\/www.europesays.com\/lv\/wp-json\/wp\/v2\/posts\/68011\/revisions"}],"wp:featuredmedia":[{"embeddable":true,"href":"https:\/\/www.europesays.com\/lv\/wp-json\/wp\/v2\/media\/68012"}],"wp:attachment":[{"href":"https:\/\/www.europesays.com\/lv\/wp-json\/wp\/v2\/media?parent=68011"}],"wp:term":[{"taxonomy":"category","embeddable":true,"href":"https:\/\/www.europesays.com\/lv\/wp-json\/wp\/v2\/categories?post=68011"},{"taxonomy":"post_tag","embeddable":true,"href":"https:\/\/www.europesays.com\/lv\/wp-json\/wp\/v2\/tags?post=68011"}],"curies":[{"name":"wp","href":"https:\/\/api.w.org\/{rel}","templated":true}]}}