{"id":68015,"date":"2025-12-07T15:44:13","date_gmt":"2025-12-07T15:44:13","guid":{"rendered":"https:\/\/www.europesays.com\/lv\/68015\/"},"modified":"2025-12-07T15:44:13","modified_gmt":"2025-12-07T15:44:13","slug":"ukrainas-hakeri-paralizejusi-lielu-krievijas-logistikas-uznemumu","status":"publish","type":"post","link":"https:\/\/www.europesays.com\/lv\/68015\/","title":{"rendered":"Ukrainas hakeri paraliz\u0113ju\u0161i lielu Krievijas lo\u0123istikas uz\u0146\u0113mumu"},"content":{"rendered":"<p>Ukrainas milit\u0101r\u0101s izl\u016bko\u0161anas (GUR) Kiberizl\u016bko\u0161anas noda\u013ca sadarb\u012bb\u0101 ar hakeru grupu &#8220;BO Team&#8221; sestdien veica triecienu lo\u0123istikas t\u012bklam &#8220;Eltrans+&#8221;, izjaucot t\u0101 inform\u0101cijas sist\u0113mas un apturot galven\u0101s darb\u012bbas, laikrakstam Kyiv Post pav\u0113st\u012bja Ukrainas specdienestu avoti.<\/p>\n<p>Nakts reida laik\u0101 tika atsl\u0113gti vair\u0101k nek\u0101 700 datori un serveri, dz\u0113sti vair\u0101k nek\u0101 1 000 lietot\u0101ju kontu, k\u0101 ar\u012b izn\u012bcin\u0101ti vai \u0161ifr\u0113ti aptuveni 165 terabaiti vit\u0101li svar\u012bgu datu.<\/p>\n<blockquote class=\"quote ck-widget\" contenteditable=\"false\">\n<p>&#8220;Tas nebija vienk\u0101r\u0161s trauc\u0113jums \u2014 t\u0101 bija piln\u012bga vi\u0146u digit\u0101l\u0101s infrastrukt\u016bras izsl\u0113g\u0161ana,&#8221; v\u0113sta &#8220;Kyiv Post&#8221;.<\/p>\n<\/blockquote>\n<p>Uzbrukuma laik\u0101 nedarboj\u0101s ar\u012b &#8220;Eltrans+&#8221; piek\u013cuves kontroles un videonov\u0113ro\u0161anas sist\u0113mas, tika dz\u0113stas datu glab\u0101tavas un rezerves kopijas, paraliz\u0113ta t\u012bkla iek\u0101rta un datu centra kodols. T\u0101pat tika dz\u0113stas ar\u012b kravu deklar\u0101cijas.<\/p>\n<p>P\u0113c uzbrukuma uz\u0146\u0113muma t\u012bmek\u013ca vietn\u0113 par\u0101d\u012bj\u0101s sveiciens Krievijas lietot\u0101jiem Ukrainas Bru\u0146oto sp\u0113ku dien\u0101, kas tika atz\u012bm\u0113ta sestdien.<\/p>\n<p>GUR avoti &#8220;Kyiv Post&#8221; nor\u0101d\u012bja, ka uzbrukuma laiks izv\u0113l\u0113ts apzin\u0101ti, un nosauca \u0161o oper\u0101ciju par &#8220;atg\u0101din\u0101jumu, ka Ukrainas aizst\u0101vji c\u012bn\u0101s vis\u0101s front\u0113s \u2014 ar\u012b kibertelp\u0101&#8221;.<\/p>\n<p>Uz\u0146\u0113mums &#8220;Eltrans+&#8221;, viens no desmit liel\u0101kajiem Krievijas muitas brokeriem un kravu p\u0101rvad\u0101t\u0101jiem, apkalpo vair\u0101k nek\u0101 5 000 klientu vis\u0101 valst\u012b. Tas veic iek\u0161zemes un starptautiskos kravu p\u0101rvad\u0101jumus pa autoce\u013ciem, j\u016bru, gaisu un multimod\u0101laj\u0101 transport\u0101, k\u0101 ar\u012b p\u0101rvad\u0101 sankcion\u0113tas preces un elektroniskos komponentus no \u0136\u012bnas, kurus, p\u0113c Ukrainas izl\u016bkdienestu datiem, izmanto Krievijas aizsardz\u012bbas r\u016bpniec\u012bb\u0101.<\/p>\n","protected":false},"excerpt":{"rendered":"Ukrainas milit\u0101r\u0101s izl\u016bko\u0161anas (GUR) Kiberizl\u016bko\u0161anas noda\u013ca sadarb\u012bb\u0101 ar hakeru grupu &#8220;BO Team&#8221; sestdien veica triecienu lo\u0123istikas t\u012bklam &#8220;Eltrans+&#8221;,&hellip;\n","protected":false},"author":2,"featured_media":68016,"comment_status":"","ping_status":"","sticky":false,"template":"","format":"standard","meta":{"footnotes":""},"categories":[14],"tags":[23,57,28,29,32,33,6871,22,234,74,30,31,35,39,38,36,37,34,40,20,26,27,24,25,276,54,55,56,21,58],"class_list":{"0":"post-68015","1":"post","2":"type-post","3":"status-publish","4":"format-standard","5":"has-post-thumbnail","7":"category-zinas-no-arvalstim","8":"tag-aktualitates","9":"tag-arvalstim","10":"tag-breaking-news","11":"tag-breakingnews","12":"tag-featured-news","13":"tag-featurednews","14":"tag-hakeri","15":"tag-headlines","16":"tag-krievija","17":"tag-krievijas-iebrukums-ukraina","18":"tag-latest-news","19":"tag-latestnews","20":"tag-latvia","21":"tag-latvian","22":"tag-latviesu","23":"tag-latviesu-valoda","24":"tag-latviesuvaloda","25":"tag-latvija","26":"tag-lv","27":"tag-news","28":"tag-popularakas-zinas","29":"tag-popularakaszinas","30":"tag-top-stories","31":"tag-topstories","32":"tag-ukraina","33":"tag-world","34":"tag-world-news","35":"tag-worldnews","36":"tag-zinas","37":"tag-zinas-no-arvalstim"},"share_on_mastodon":{"url":"https:\/\/pubeurope.com\/@lv\/115679059234535095","error":""},"_links":{"self":[{"href":"https:\/\/www.europesays.com\/lv\/wp-json\/wp\/v2\/posts\/68015","targetHints":{"allow":["GET"]}}],"collection":[{"href":"https:\/\/www.europesays.com\/lv\/wp-json\/wp\/v2\/posts"}],"about":[{"href":"https:\/\/www.europesays.com\/lv\/wp-json\/wp\/v2\/types\/post"}],"author":[{"embeddable":true,"href":"https:\/\/www.europesays.com\/lv\/wp-json\/wp\/v2\/users\/2"}],"replies":[{"embeddable":true,"href":"https:\/\/www.europesays.com\/lv\/wp-json\/wp\/v2\/comments?post=68015"}],"version-history":[{"count":0,"href":"https:\/\/www.europesays.com\/lv\/wp-json\/wp\/v2\/posts\/68015\/revisions"}],"wp:featuredmedia":[{"embeddable":true,"href":"https:\/\/www.europesays.com\/lv\/wp-json\/wp\/v2\/media\/68016"}],"wp:attachment":[{"href":"https:\/\/www.europesays.com\/lv\/wp-json\/wp\/v2\/media?parent=68015"}],"wp:term":[{"taxonomy":"category","embeddable":true,"href":"https:\/\/www.europesays.com\/lv\/wp-json\/wp\/v2\/categories?post=68015"},{"taxonomy":"post_tag","embeddable":true,"href":"https:\/\/www.europesays.com\/lv\/wp-json\/wp\/v2\/tags?post=68015"}],"curies":[{"name":"wp","href":"https:\/\/api.w.org\/{rel}","templated":true}]}}