{"id":68017,"date":"2025-12-07T15:50:07","date_gmt":"2025-12-07T15:50:07","guid":{"rendered":"https:\/\/www.europesays.com\/lv\/68017\/"},"modified":"2025-12-07T15:50:07","modified_gmt":"2025-12-07T15:50:07","slug":"virietis-alpos-nosaldejis-savu-draudzeni-lidz-navei","status":"publish","type":"post","link":"https:\/\/www.europesays.com\/lv\/68017\/","title":{"rendered":"V\u012brietis Alpos nosald\u0113jis savu draudzeni l\u012bdz n\u0101vei"},"content":{"rendered":"<p class=\"descr\">Pieredz\u0113ju\u0161am alp\u012bnistam izvirz\u012btas aps\u016bdz\u012bbas par slepkav\u012bbu p\u0113c tam, kad vi\u0146\u0161, dom\u0101jams, atst\u0101ja savu draudzeni nosalt l\u012bdz n\u0101vei Austrijas augst\u0101kaj\u0101 virsotn\u0113, v\u0113sta \u201cIrish Independent\u201d.<\/p>\n<p>36 gadus vecais <a href=\"https:\/\/nra.lv\/birka\/alpinisti\/\" target=\"_blank\" rel=\"noopener nofollow\">alp\u012bnists<\/a> no Zalcburgas tiek aps\u016bdz\u0113ts par virkni dz\u012bv\u012bbai b\u012bstamu k\u013c\u016bdu pie\u013cau\u0161anu, kad pag\u0101ju\u0161\u0101 gada janv\u0101r\u012b kop\u0101 ar savu draudzeni dev\u0101s k\u0101pt Grosgloknera virsotn\u0113 <a href=\"https:\/\/nra.lv\/birka\/austrija\/\" target=\"_blank\" rel=\"noopener nofollow\">Austrijas<\/a> Alpos.<\/p>\n<p>P\u0101ris atrad\u0101s tikai 45 metru att\u0101lum\u0101 no 3798 metrus augst\u0101s virsotnes, kad ap pulksten devi\u0146iem vakar\u0101 33 gadus vec\u0101 sieviete no izs\u012bkuma sabruka un teica, ka vairs nevar turpin\u0101t.<\/p>\n<p>Vi\u0146as partneris nol\u0113ma vi\u0146u pamest un nok\u0101pt no kalna, lai \u0161\u0137ietami mekl\u0113tu pal\u012bdz\u012bbu. Tom\u0113r vi\u0146\u0161 bija prom vair\u0101k nek\u0101 se\u0161as stundas, kuru laik\u0101 vi\u0146a draudzene nomira no \u0101rk\u0101rt\u012bga <a href=\"https:\/\/nra.lv\/birka\/aukstums\/\" target=\"_blank\" rel=\"noopener nofollow\">aukstuma<\/a>.<\/p>\n<p> T\u012bmek\u013ca kameru att\u0113li sniedz kritiskus pier\u0101d\u012bjumus <\/p>\n<p>P\u0101ra l\u0101pas ir skaidri redzamas, kad vi\u0146i 18. janv\u0101r\u012b ap pulksten 18.00 k\u0101pj virsotnes virzien\u0101. N\u0101kamaj\u0101 att\u0113l\u0101, kas uz\u0146emts se\u0161as stundas v\u0113l\u0101k, redzams neliels gaismas plankums, kad l\u0101pas s\u0101ka zaud\u0113t jaudu.<\/p>\n<p>Tre\u0161aj\u0101 att\u0113l\u0101 redzams draugs ar joproj\u0101m iesl\u0113gtu luktur\u012bti, \u0161\u0137\u0113rsojot kalna virsotni, m\u0113\u0123inot nok\u0101pt otr\u0101 pus\u0113 un mekl\u0113t pal\u012bdz\u012bbu, atst\u0101jot savu draudzeni vienu.<\/p>\n<p>N\u0101kamaj\u0101 dien\u0101 pulksten septi\u0146os no r\u012bta tika nos\u016bt\u012bts <a href=\"https:\/\/nra.lv\/birka\/helikopters\/\" target=\"_blank\" rel=\"noopener nofollow\">helikopters<\/a>, lai m\u0113\u0123in\u0101tu atrast sievieti, ta\u010du misija bija j\u0101atce\u013c sp\u0113c\u012bgu v\u0113ja br\u0101zmu d\u0113\u013c. Tr\u012bs stundas v\u0113l\u0101k kaln\u0101 tika nos\u016bt\u012bta gl\u0101b\u0161anas komanda, ta\u010du, kad vi\u0146i sasniedza sievieti, vi\u0146a jau bija mirusi.<\/p>\n<p>P\u0113c vi\u0146as n\u0101ves lietas izmekl\u0113\u0161anas vi\u0146as draugam tika izvirz\u012btas aps\u016bdz\u012bbas par slepkav\u012bbu un rupju <a href=\"https:\/\/nra.lv\/birka\/nolaidiba\/\" target=\"_blank\" rel=\"noopener nofollow\">nolaid\u012bbu<\/a>. Ja vi\u0146\u0161 tiks atz\u012bts par vain\u012bgu, vi\u0146am var piespriest cietumsodu l\u012bdz trim gadiem. Vi\u0146a tiesas process s\u0101ksies febru\u0101r\u012b.<\/p>\n<p>Prokurori aps\u016bdz v\u012brieti devi\u0146u b\u016btisku k\u013c\u016bdu pie\u013cau\u0161an\u0101. Starp t\u0101m vi\u0146\u0161 nedeva briesmu sign\u0101lu, kad plkst. 22.50 p\u0101rlidoja helikopters, un policijai piezvan\u012bja tikai plkst. 00.35, bet p\u0113c tam iesl\u0113dza klusuma re\u017e\u012bmu un neatbild\u0113ja <a href=\"https:\/\/nra.lv\/birka\/glabsanas-dienests\/\" target=\"_blank\" rel=\"noopener nofollow\">uz gl\u0101b\u0161anas dienestu<\/a> zvaniem.<\/p>\n<p>\t\t\t\t\t\tinfo<\/p>\n<p>Uzzini pirmais<br \/>kas interesants noticis Latvij\u0101 un pasaul\u0113,<br \/>pievienojoties mums <a href=\"https:\/\/t.me\/neatkariga\" rel=\"nofollow\">Telegram<\/a> vai <a href=\"https:\/\/whatsapp.com\/channel\/0029VaMLFUH5K3zLU5s4wm3y\" rel=\"nofollow noopener\" target=\"_blank\">Whatsapp<\/a> kan\u0101l\u0101<\/p>\n","protected":false},"excerpt":{"rendered":"Pieredz\u0113ju\u0161am alp\u012bnistam izvirz\u012btas aps\u016bdz\u012bbas par slepkav\u012bbu p\u0113c tam, kad vi\u0146\u0161, dom\u0101jams, atst\u0101ja savu draudzeni nosalt l\u012bdz n\u0101vei Austrijas&hellip;\n","protected":false},"author":2,"featured_media":68018,"comment_status":"","ping_status":"","sticky":false,"template":"","format":"standard","meta":{"footnotes":""},"categories":[14],"tags":[23,57,28,29,32,33,22,30,31,35,39,38,36,37,34,40,20,26,27,24,25,54,55,56,21,58],"class_list":{"0":"post-68017","1":"post","2":"type-post","3":"status-publish","4":"format-standard","5":"has-post-thumbnail","7":"category-zinas-no-arvalstim","8":"tag-aktualitates","9":"tag-arvalstim","10":"tag-breaking-news","11":"tag-breakingnews","12":"tag-featured-news","13":"tag-featurednews","14":"tag-headlines","15":"tag-latest-news","16":"tag-latestnews","17":"tag-latvia","18":"tag-latvian","19":"tag-latviesu","20":"tag-latviesu-valoda","21":"tag-latviesuvaloda","22":"tag-latvija","23":"tag-lv","24":"tag-news","25":"tag-popularakas-zinas","26":"tag-popularakaszinas","27":"tag-top-stories","28":"tag-topstories","29":"tag-world","30":"tag-world-news","31":"tag-worldnews","32":"tag-zinas","33":"tag-zinas-no-arvalstim"},"share_on_mastodon":{"url":"https:\/\/pubeurope.com\/@lv\/115679082787042409","error":""},"_links":{"self":[{"href":"https:\/\/www.europesays.com\/lv\/wp-json\/wp\/v2\/posts\/68017","targetHints":{"allow":["GET"]}}],"collection":[{"href":"https:\/\/www.europesays.com\/lv\/wp-json\/wp\/v2\/posts"}],"about":[{"href":"https:\/\/www.europesays.com\/lv\/wp-json\/wp\/v2\/types\/post"}],"author":[{"embeddable":true,"href":"https:\/\/www.europesays.com\/lv\/wp-json\/wp\/v2\/users\/2"}],"replies":[{"embeddable":true,"href":"https:\/\/www.europesays.com\/lv\/wp-json\/wp\/v2\/comments?post=68017"}],"version-history":[{"count":0,"href":"https:\/\/www.europesays.com\/lv\/wp-json\/wp\/v2\/posts\/68017\/revisions"}],"wp:featuredmedia":[{"embeddable":true,"href":"https:\/\/www.europesays.com\/lv\/wp-json\/wp\/v2\/media\/68018"}],"wp:attachment":[{"href":"https:\/\/www.europesays.com\/lv\/wp-json\/wp\/v2\/media?parent=68017"}],"wp:term":[{"taxonomy":"category","embeddable":true,"href":"https:\/\/www.europesays.com\/lv\/wp-json\/wp\/v2\/categories?post=68017"},{"taxonomy":"post_tag","embeddable":true,"href":"https:\/\/www.europesays.com\/lv\/wp-json\/wp\/v2\/tags?post=68017"}],"curies":[{"name":"wp","href":"https:\/\/api.w.org\/{rel}","templated":true}]}}