{"id":6805,"date":"2025-09-28T07:52:04","date_gmt":"2025-09-28T07:52:04","guid":{"rendered":"https:\/\/www.europesays.com\/lv\/6805\/"},"modified":"2025-09-28T07:52:04","modified_gmt":"2025-09-28T07:52:04","slug":"atletico-madrides-derbija-negaiditi-graujosi-uzvar-real","status":"publish","type":"post","link":"https:\/\/www.europesays.com\/lv\/6805\/","title":{"rendered":"Atletico&#8221; Madrides derbij\u0101 negaid\u012bti graujo\u0161i uzvar &#8220;Real"},"content":{"rendered":"<p>Madrides &#8220;Atletico&#8221; sestdien sav\u0101 laukum\u0101 ar 5:2 (2:2) sagr\u0101va Madrides &#8220;Real&#8221; Sp\u0101nijas futbola \u010dempion\u0101ta sp\u0113l\u0113.<\/p>\n<p>14.min\u016bt\u0113 Rob\u0113ns Lenorm\u0101ns izvirz\u012bja m\u0101jiniekus vad\u012bb\u0101, bet &#8220;Real&#8221; ar Kiliana Mbap\u0113 v\u0101rtiem 25.min\u016bt\u0113 un Ardas Gilera &#8220;golu&#8221; 36.min\u016bt\u0113 izvirz\u012bj\u0101s vad\u012bb\u0101 ar 2:1.<\/p>\n<p>Izl\u012bdzin\u0101jumu puslaika kompens\u0101cijas laik\u0101 pan\u0101ca Aleksanders S\u0113rlots &#8211; 2:2.<\/p>\n<p>51. un 63.min\u016bt\u0113 divus v\u0101rtus guva Julians Alvaress, 51.min\u016bt\u0113 realiz\u0113jot par Gilera p\u0101rk\u0101pumu sav\u0101 soda laukum\u0101 pie\u0161\u0137irto 11 metru soda sitienu.<\/p>\n<p>5:2 ma\u010da kompens\u0101cijas laik\u0101 pan\u0101ca Antu\u0101ns Gr\u012bzmans.<\/p>\n<p>&#8220;Real&#8221; ar 18 punktiem septi\u0146\u0101s sp\u0113l\u0113s saglab\u0101 pirmo vietu turn\u012bra tabul\u0101, bet to var apsteigt &#8220;Barcelona&#8221;, kam ir 16 punkti se\u0161\u0101s c\u012b\u0146\u0101s. &#8220;Atletico&#8221; ar 12 punktiem septi\u0146\u0101s c\u012b\u0146\u0101s ir ceturt\u0101, piek\u0101pjoties ar\u012b &#8220;Villarreal&#8221;, kas se\u0161\u0101s sp\u0113l\u0113s ir izc\u012bn\u012bjusi 13 punktus.<\/p>\n<p><img decoding=\"async\" src=\"https:\/\/www.europesays.com\/lv\/wp-content\/uploads\/2025\/09\/d8a66a0a41ae191f4fa1c25048557420.jpg\" title=\"Foto: REUTERS\/Susana Vera\/Scanpix\" alt=\"Foto: REUTERS\/Susana Vera\/Scanpix\"\/><\/p>\n<p class=\"article-img-desc\">Foto: REUTERS\/Susana Vera\/Scanpix<\/p>\n","protected":false},"excerpt":{"rendered":"Madrides &#8220;Atletico&#8221; sestdien sav\u0101 laukum\u0101 ar 5:2 (2:2) sagr\u0101va Madrides &#8220;Real&#8221; Sp\u0101nijas futbola \u010dempion\u0101ta sp\u0113l\u0113. 14.min\u016bt\u0113 Rob\u0113ns Lenorm\u0101ns&hellip;\n","protected":false},"author":2,"featured_media":6806,"comment_status":"","ping_status":"","sticky":false,"template":"","format":"standard","meta":{"footnotes":""},"categories":[17],"tags":[129,2064,126,35,39,38,36,37,34,40,2459,127,67,2460,128],"class_list":{"0":"post-6805","1":"post","2":"type-post","3":"status-publish","4":"format-standard","5":"has-post-thumbnail","7":"category-sports","8":"tag-__typenameadvicekeyword","9":"tag-id381","10":"tag-id770","11":"tag-latvia","12":"tag-latvian","13":"tag-latviesu","14":"tag-latviesu-valoda","15":"tag-latviesuvaloda","16":"tag-latvija","17":"tag-lv","18":"tag-slugfutbols","19":"tag-slugsports","20":"tag-sports","21":"tag-titlefutbols","22":"tag-titlesports"},"share_on_mastodon":{"url":"","error":""},"_links":{"self":[{"href":"https:\/\/www.europesays.com\/lv\/wp-json\/wp\/v2\/posts\/6805","targetHints":{"allow":["GET"]}}],"collection":[{"href":"https:\/\/www.europesays.com\/lv\/wp-json\/wp\/v2\/posts"}],"about":[{"href":"https:\/\/www.europesays.com\/lv\/wp-json\/wp\/v2\/types\/post"}],"author":[{"embeddable":true,"href":"https:\/\/www.europesays.com\/lv\/wp-json\/wp\/v2\/users\/2"}],"replies":[{"embeddable":true,"href":"https:\/\/www.europesays.com\/lv\/wp-json\/wp\/v2\/comments?post=6805"}],"version-history":[{"count":0,"href":"https:\/\/www.europesays.com\/lv\/wp-json\/wp\/v2\/posts\/6805\/revisions"}],"wp:featuredmedia":[{"embeddable":true,"href":"https:\/\/www.europesays.com\/lv\/wp-json\/wp\/v2\/media\/6806"}],"wp:attachment":[{"href":"https:\/\/www.europesays.com\/lv\/wp-json\/wp\/v2\/media?parent=6805"}],"wp:term":[{"taxonomy":"category","embeddable":true,"href":"https:\/\/www.europesays.com\/lv\/wp-json\/wp\/v2\/categories?post=6805"},{"taxonomy":"post_tag","embeddable":true,"href":"https:\/\/www.europesays.com\/lv\/wp-json\/wp\/v2\/tags?post=6805"}],"curies":[{"name":"wp","href":"https:\/\/api.w.org\/{rel}","templated":true}]}}