{"id":68058,"date":"2025-12-07T16:46:12","date_gmt":"2025-12-07T16:46:12","guid":{"rendered":"https:\/\/www.europesays.com\/lv\/68058\/"},"modified":"2025-12-07T16:46:12","modified_gmt":"2025-12-07T16:46:12","slug":"mekle-sevi-%e2%9f%a9-ar-treso-koncertu-arena-mesa-izzino-lielkoncertu-mezaparka","status":"publish","type":"post","link":"https:\/\/www.europesays.com\/lv\/68058\/","title":{"rendered":"MEKL\u0112 SEVI \u27e9 Ar tre\u0161o koncertu &#8220;Ar\u0113n\u0101&#8221; MESA izzi\u0146o lielkoncertu Me\u017eapark\u0101"},"content":{"rendered":"<p>&#8220;\u0160\u012b koncertt\u016bre \u201cAtbalss\u201d bija k\u0101 ce\u013cojums gada garum\u0101, kur\u0101 apce\u013coj\u0101m Latvijas pils\u0113tas pavasar\u012b ar akustisko programmu un tikko nosl\u0113dz\u0101m p\u0113c skaita nu jau tre\u0161o koncertu \u201cXiaomiAr\u0113n\u0101\u201d. Tikai da\u017ei cilv\u0113ki zin\u0101ja, ka m\u0113s \u0161\u012bs t\u016bres laik\u0101 str\u0101d\u0101j\u0101m pie sava n\u0101kam\u0101 liel\u0101 notikuma \u2013 n\u0101kam\u0101s vasaras <a href=\"https:\/\/www.apollo.lv\/term\/556904\/gacho\" class=\"topicLink\" target=\"_blank\" rel=\"nofollow noopener\">GACHO<\/a> un <a href=\"https:\/\/www.apollo.lv\/term\/616964\/mesa\" class=\"topicLink\" target=\"_blank\" rel=\"nofollow noopener\">MESA<\/a> kopkoncerta \u201cRoku Rok\u0101\u201d, kas notiks vasaras izska\u0146\u0101 Me\u017eaparka Lielaj\u0101 estr\u0101d\u0113,&#8221; teic projekta autors Gatis Irbe.<\/p>\n<p>P\u0113c neaizmirstama un emocion\u0101li pies\u0101tin\u0101ta triumfa 2023. gad\u0101, m\u016bzikas projekti MESA un GACHO atgriez\u012bsies uz Latvijas liel\u0101k\u0101s skatuves \u2013 Me\u017eaparka Liel\u0101s estr\u0101des, lai sniegtu savu otro lielkoncertu. Pas\u0101kums norisin\u0101sies 2026. gada 22. august\u0101, solot v\u0113l dzi\u013c\u0101ku ieskatu m\u016bzi\u0137a Gata Irbes dai\u013crades pasaul\u0113 un turpinot unik\u0101lo abu projektu siner\u0123iju kopkoncert\u0101, kam dots z\u012bm\u012bgs nosaukums \u201cRoku Rok\u0101\u201d.<\/p>\n","protected":false},"excerpt":{"rendered":"&#8220;\u0160\u012b koncertt\u016bre \u201cAtbalss\u201d bija k\u0101 ce\u013cojums gada garum\u0101, kur\u0101 apce\u013coj\u0101m Latvijas pils\u0113tas pavasar\u012b ar akustisko programmu un tikko&hellip;\n","protected":false},"author":2,"featured_media":68059,"comment_status":"","ping_status":"","sticky":false,"template":"","format":"standard","meta":{"footnotes":""},"categories":[5],"tags":[23,28,29,32,33,8415,22,30,31,35,39,38,36,37,34,40,14605,274,20,26,27,24,25,1327,1068,21],"class_list":{"0":"post-68058","1":"post","2":"type-post","3":"status-publish","4":"format-standard","5":"has-post-thumbnail","7":"category-aktualitates","8":"tag-aktualitates","9":"tag-breaking-news","10":"tag-breakingnews","11":"tag-featured-news","12":"tag-featurednews","13":"tag-gacho","14":"tag-headlines","15":"tag-latest-news","16":"tag-latestnews","17":"tag-latvia","18":"tag-latvian","19":"tag-latviesu","20":"tag-latviesu-valoda","21":"tag-latviesuvaloda","22":"tag-latvija","23":"tag-lv","24":"tag-mesa","25":"tag-mezaparka-liela-estrade","26":"tag-news","27":"tag-popularakas-zinas","28":"tag-popularakaszinas","29":"tag-top-stories","30":"tag-topstories","31":"tag-tvnet-kultura","32":"tag-xiaomi-arena","33":"tag-zinas"},"share_on_mastodon":{"url":"https:\/\/pubeurope.com\/@lv\/115679302988966925","error":""},"_links":{"self":[{"href":"https:\/\/www.europesays.com\/lv\/wp-json\/wp\/v2\/posts\/68058","targetHints":{"allow":["GET"]}}],"collection":[{"href":"https:\/\/www.europesays.com\/lv\/wp-json\/wp\/v2\/posts"}],"about":[{"href":"https:\/\/www.europesays.com\/lv\/wp-json\/wp\/v2\/types\/post"}],"author":[{"embeddable":true,"href":"https:\/\/www.europesays.com\/lv\/wp-json\/wp\/v2\/users\/2"}],"replies":[{"embeddable":true,"href":"https:\/\/www.europesays.com\/lv\/wp-json\/wp\/v2\/comments?post=68058"}],"version-history":[{"count":0,"href":"https:\/\/www.europesays.com\/lv\/wp-json\/wp\/v2\/posts\/68058\/revisions"}],"wp:featuredmedia":[{"embeddable":true,"href":"https:\/\/www.europesays.com\/lv\/wp-json\/wp\/v2\/media\/68059"}],"wp:attachment":[{"href":"https:\/\/www.europesays.com\/lv\/wp-json\/wp\/v2\/media?parent=68058"}],"wp:term":[{"taxonomy":"category","embeddable":true,"href":"https:\/\/www.europesays.com\/lv\/wp-json\/wp\/v2\/categories?post=68058"},{"taxonomy":"post_tag","embeddable":true,"href":"https:\/\/www.europesays.com\/lv\/wp-json\/wp\/v2\/tags?post=68058"}],"curies":[{"name":"wp","href":"https:\/\/api.w.org\/{rel}","templated":true}]}}