{"id":68068,"date":"2025-12-07T16:59:07","date_gmt":"2025-12-07T16:59:07","guid":{"rendered":"https:\/\/www.europesays.com\/lv\/68068\/"},"modified":"2025-12-07T16:59:07","modified_gmt":"2025-12-07T16:59:07","slug":"novembra-ture-saksies-ar-koncertsinglu-kopa-ar-igo-lente-lv","status":"publish","type":"post","link":"https:\/\/www.europesays.com\/lv\/68068\/","title":{"rendered":"\u201cNovembra t\u016bre\u201d s\u0101ksies ar koncertsinglu kop\u0101 ar Igo\u00a0\u2014\u00a0Lente.lv"},"content":{"rendered":"<p>Latvie\u0161u rokgrupu le\u0123endas apvienojas: \u00abR.A.P.\u00bb izzi\u0146o \u201cNovembra t\u016bri\u201d ar jaunu koncertsinglu un Igo l\u012bdzdal\u012bbu<\/p>\n<p>P\u0113c 17 gadu p\u0101rtraukuma Kuld\u012bgas alternat\u012bv\u0101 roka apvien\u012bba \u201cR.A.P.\u201d atjaunojusi savu darb\u012bbu un gatavojas pla\u0161ai Latvijas \u201cNovembra t\u016brei\u201d, ko ies\u0101k ener\u0123isks koncertsingls un videoklips dziesmai \u201cDz\u012bve bez apst\u0101jas\u201d. \u0160aj\u0101 ener\u0123iskaj\u0101 ska\u0146darb\u0101 dzirdama ar\u012b le\u0123end\u0101r\u0101 dzied\u0101t\u0101ja Igo balss, kur\u0161 ir ar\u012b dziesmas l\u012bdzautors, pie\u0161\u0137irot tai \u012bpa\u0161u dzi\u013cumu un sp\u0113ku. Dziesmas ori\u0123in\u0101l\u0101 studijas versija tapa 2007. gad\u0101 un ieguva iev\u0113rojamu atzin\u012bbu, k\u013c\u016bstot par vienu no desmitgades popul\u0101r\u0101kajiem poproka ska\u0146darbiem Latvij\u0101. Koncertsingls un t\u0101 videoklips ir iem\u016b\u017ein\u0101ti grupas atgrie\u0161an\u0101s koncert\u0101 \u201cPalladium\u201d, demonstr\u0113jot nemain\u012bgi sp\u0113c\u012bgo un kaisl\u012bgo rokm\u016bzikas ener\u0123iju.<\/p>\n<p>Koncertu mar\u0161ruts un muzik\u0101lais spektrs<\/p>\n<p>\u201cNovembra t\u016bres\u201d ietvaros grupa \u201cR.A.P.\u201d sniegs \u010detrus noz\u012bm\u012bgus koncertus Latvijas pils\u0113t\u0101s. T\u016bre s\u0101ksies 8. novembr\u012b Jelgav\u0101, \u201cMelno cepur\u012b\u0161u balerij\u0101\u201d, turpin\u0101sies 14. novembr\u012b C\u0113s\u012bs, \u201cFonoklub\u0101\u201d, un 15. novembr\u012b Liep\u0101j\u0101, kult\u016bras nam\u0101 \u201cWiktorija\u201d. Grandioz\u0101kais pas\u0101kums notiks 22. novembr\u012b R\u012bg\u0101, koncertz\u0101l\u0113 \u201cAng\u0101rs\u201d. Grupas vok\u0101lists Artis Dvarionas sola, ka koncertos tiks apl\u016bkota visa grupas dai\u013crade, sniedzot klaus\u012bt\u0101jiem iesp\u0113ju izbaud\u012bt gan dziesmas no visiem trim studijas albumiem, tostarp t\u0101dus hitus k\u0101 \u201cNekas vairs nav t\u0101\u201d, \u201cEsot vienatn\u0113\u201d un \u201cViss jau sapl\u0101nots\u201d, gan ar\u012b jaunus ska\u0146darbus, kas rad\u012bti p\u0113c grupas atkalapvieno\u0161an\u0101s. Tiek izcelts ar\u012b jaun\u0101kais singls \u201cMeln\u0101 (Ak n\u0113, n\u0113, n\u0113!)\u201d, kas jau guvis pan\u0101kumus Latvijas radiostacij\u0101s.<\/p>\n<p>\u012apa\u0161ie viesi un grupas \u201cIndygo\u201d piedal\u012b\u0161an\u0101s<\/p>\n<p>T\u016bres nosl\u0113guma koncert\u0101 R\u012bgas koncertz\u0101l\u0113 \u201cAng\u0101rs\u201d uzst\u0101sies ar\u012b \u012bpa\u0161ie viesi \u2013 ilggad\u0113j\u0101 un cien\u012bjam\u0101 pa\u0161m\u0101ju alternat\u012bv\u0101 roka apvien\u012bba \u201cIndygo\u201d. \u0160\u012b sadarb\u012bba sola v\u0113l vienu neaizmirstamu vakaru Latvijas rokm\u016bzikas cien\u012bt\u0101jiem, apvienojot divu sp\u0113c\u012bgu Latvijas m\u016bzikas kolekt\u012bvu ener\u0123iju vienuviet. \u201cIndygo\u201d, kas izveidota 2002. gad\u0101, ir paz\u012bstama ar savu progres\u012bvo un alternat\u012bvo rokm\u016bziku, un nesen izdevusi savu jaun\u0101ko albumu \u201c6\u201d.<\/p>\n<p>Atgrie\u0161an\u0101s ar ener\u0123iju un sp\u0113c\u012bgu kopsp\u0113li<\/p>\n<p>Grupa \u201cR.A.P.\u201d atgriezusies sav\u0101 ori\u0123in\u0101lsast\u0101v\u0101, kur\u0101 darbojas vok\u0101lists Artis Dvarionas, \u0123it\u0101rists Aleksandrs \u0160tro, basists Artis Roz\u012btis un bundzinieks Gatis Kaizers. Vi\u0146u atgrie\u0161an\u0101s koncerts mart\u0101 koncertz\u0101l\u0113 \u201cPalladium\u201d tika sagaid\u012bts ar ov\u0101cij\u0101m un saj\u016bsmu, apliecinot grupas sp\u0113ju atdz\u012bvin\u0101t savas visiem zin\u0101m\u0101s dziesmas ar svaigu skan\u0113jumu un dzi\u013cumu. Grupa ir sa\u0146\u0113musi vair\u0101kk\u0101rt\u0113jas Latvijas M\u016bzikas ierakstu gada balvas, apliecinot savu noz\u012bm\u012bgo vietu Latvijas alternat\u012bv\u0101s rokm\u016bzikas v\u0113stur\u0113.<\/p>\n","protected":false},"excerpt":{"rendered":"Latvie\u0161u rokgrupu le\u0123endas apvienojas: \u00abR.A.P.\u00bb izzi\u0146o \u201cNovembra t\u016bri\u201d ar jaunu koncertsinglu un Igo l\u012bdzdal\u012bbu P\u0113c 17 gadu p\u0101rtraukuma&hellip;\n","protected":false},"author":2,"featured_media":68069,"comment_status":"","ping_status":"","sticky":false,"template":"","format":"standard","meta":{"footnotes":""},"categories":[19],"tags":[89,4943,1340,90,10020,35,39,38,36,37,34,40,2015,2014],"class_list":{"0":"post-68068","1":"post","2":"type-post","3":"status-publish","4":"format-standard","5":"has-post-thumbnail","7":"category-izklaide","8":"tag-entertainment","9":"tag-igo","10":"tag-indygo","11":"tag-izklaide","12":"tag-koncertsingls","13":"tag-latvia","14":"tag-latvian","15":"tag-latviesu","16":"tag-latviesu-valoda","17":"tag-latviesuvaloda","18":"tag-latvija","19":"tag-lv","20":"tag-novembra-ture","21":"tag-r-a-p"},"share_on_mastodon":{"url":"https:\/\/pubeurope.com\/@lv\/115679354021680042","error":""},"_links":{"self":[{"href":"https:\/\/www.europesays.com\/lv\/wp-json\/wp\/v2\/posts\/68068","targetHints":{"allow":["GET"]}}],"collection":[{"href":"https:\/\/www.europesays.com\/lv\/wp-json\/wp\/v2\/posts"}],"about":[{"href":"https:\/\/www.europesays.com\/lv\/wp-json\/wp\/v2\/types\/post"}],"author":[{"embeddable":true,"href":"https:\/\/www.europesays.com\/lv\/wp-json\/wp\/v2\/users\/2"}],"replies":[{"embeddable":true,"href":"https:\/\/www.europesays.com\/lv\/wp-json\/wp\/v2\/comments?post=68068"}],"version-history":[{"count":0,"href":"https:\/\/www.europesays.com\/lv\/wp-json\/wp\/v2\/posts\/68068\/revisions"}],"wp:featuredmedia":[{"embeddable":true,"href":"https:\/\/www.europesays.com\/lv\/wp-json\/wp\/v2\/media\/68069"}],"wp:attachment":[{"href":"https:\/\/www.europesays.com\/lv\/wp-json\/wp\/v2\/media?parent=68068"}],"wp:term":[{"taxonomy":"category","embeddable":true,"href":"https:\/\/www.europesays.com\/lv\/wp-json\/wp\/v2\/categories?post=68068"},{"taxonomy":"post_tag","embeddable":true,"href":"https:\/\/www.europesays.com\/lv\/wp-json\/wp\/v2\/tags?post=68068"}],"curies":[{"name":"wp","href":"https:\/\/api.w.org\/{rel}","templated":true}]}}