{"id":68070,"date":"2025-12-07T17:03:11","date_gmt":"2025-12-07T17:03:11","guid":{"rendered":"https:\/\/www.europesays.com\/lv\/68070\/"},"modified":"2025-12-07T17:03:11","modified_gmt":"2025-12-07T17:03:11","slug":"sestdienas-vakara-ugunsgreka-ulbroka-gajis-boja-cilveks","status":"publish","type":"post","link":"https:\/\/www.europesays.com\/lv\/68070\/","title":{"rendered":"Sestdienas vakar\u0101 ugunsgr\u0113k\u0101 Ulbrok\u0101 g\u0101jis boj\u0101 cilv\u0113ks"},"content":{"rendered":"<p>V\u0113l\u0101 sestdienas vakar\u0101 ugunsgr\u0113k\u0101 Ropa\u017eu novad\u0101 g\u0101jis boj\u0101 cilv\u0113ks, inform\u0113ja Valsts ugunsdz\u0113s\u012bbas un gl\u0101b\u0161anas dienest\u0101 (VUGD).<\/p>\n<p>Plkst. 23.19 VUGD sa\u0146emts izsaukums Ropa\u017eu novad\u0101, kur ugunsgr\u0113ks bija izc\u0113lies piecst\u0101vu dz\u012bvojam\u0101 m\u0101j\u0101. Notikuma viet\u0101 konstat\u0113ts, ka \u0113kas tre\u0161\u0101 st\u0101va dz\u012bvokl\u012b deg sadz\u012bves mantas un gr\u012bda septi\u0146u kvadr\u0101tmetru plat\u012bb\u0101. No telp\u0101m evaku\u0113ti devi\u0146i cilv\u0113ki, v\u0113l divi cilv\u0113ki izgl\u0101bti, bet no dz\u012bvok\u013ca, kur\u0101 izc\u0113l\u0101s ugunsgr\u0113ks, iznests cilv\u0113ks, kuram NMPD medi\u0137i konstat\u0113ja n\u0101vi.<\/p>\n<p>Nakt\u012b plkst. 1.34 ugunsdz\u0113s\u0113ju darbs notikum\u0101 nosl\u0113dz\u0101s.<\/p>\n<p>Ropa\u017eu novada pa\u0161vald\u012bba preciz\u0113, ka tra\u0123iskais ugunsgr\u0113ks noticis Ulbrok\u0101. Novada pa\u0161vald\u012bbas policija, veicot patrul\u0113\u0161anu, paman\u012bja, ka pie daudzdz\u012bvok\u013cu nama atrodas Valsts policijas ekip\u0101\u017ea un ir redzami d\u016bmi no \u0113kas, par ko nekav\u0113joties tika inform\u0113ti operat\u012bvie dienesti.<\/p>\n<p>Saska\u0146\u0101 ar pa\u0161vald\u012bbas zi\u0146oto divi iedz\u012bvot\u0101ji p\u0113c nelaimes ir hospitaliz\u0113ti.<\/p>\n<p>Ugunsgr\u0113ka c\u0113lo\u0146i un apst\u0101k\u013ci tiek noskaidroti.<\/p>\n<p>Cilv\u0113kus, kuru \u012bpa\u0161ums cietis ugunsgr\u0113k\u0101 un kuriem nepiecie\u0161ams psiholo\u0123isks, materi\u0101ls vai soci\u0101ls atbalsts, pa\u0161vald\u012bba l\u016bdz sazin\u0101ties ar Ropa\u017eu novada Soci\u0101lo dienestu, lai izv\u0113rt\u0113tu iesp\u0113jam\u0101s pal\u012bdz\u012bbas apjomu un nepiecie\u0161am\u012bbu.<\/p>\n","protected":false},"excerpt":{"rendered":"V\u0113l\u0101 sestdienas vakar\u0101 ugunsgr\u0113k\u0101 Ropa\u017eu novad\u0101 g\u0101jis boj\u0101 cilv\u0113ks, inform\u0113ja Valsts ugunsdz\u0113s\u012bbas un gl\u0101b\u0161anas dienest\u0101 (VUGD). Plkst. 23.19&hellip;\n","protected":false},"author":2,"featured_media":68071,"comment_status":"","ping_status":"","sticky":false,"template":"","format":"standard","meta":{"footnotes":""},"categories":[12],"tags":[23,28,29,47,32,33,22,381,64,30,31,35,39,38,36,37,34,40,20,385,26,27,172,382,384,383,24,25,21],"class_list":{"0":"post-68070","1":"post","2":"type-post","3":"status-publish","4":"format-standard","5":"has-post-thumbnail","7":"category-latvija","8":"tag-aktualitates","9":"tag-breaking-news","10":"tag-breakingnews","11":"tag-ekonomika","12":"tag-featured-news","13":"tag-featurednews","14":"tag-headlines","15":"tag-jaunumi","16":"tag-kultura","17":"tag-latest-news","18":"tag-latestnews","19":"tag-latvia","20":"tag-latvian","21":"tag-latviesu","22":"tag-latviesu-valoda","23":"tag-latviesuvaloda","24":"tag-latvija","25":"tag-lv","26":"tag-news","27":"tag-pieriga","28":"tag-popularakas-zinas","29":"tag-popularakaszinas","30":"tag-riga","31":"tag-sabiedriba","32":"tag-sludinajumi","33":"tag-sports-afisa","34":"tag-top-stories","35":"tag-topstories","36":"tag-zinas"},"share_on_mastodon":{"url":"https:\/\/pubeurope.com\/@lv\/115679369912041383","error":""},"_links":{"self":[{"href":"https:\/\/www.europesays.com\/lv\/wp-json\/wp\/v2\/posts\/68070","targetHints":{"allow":["GET"]}}],"collection":[{"href":"https:\/\/www.europesays.com\/lv\/wp-json\/wp\/v2\/posts"}],"about":[{"href":"https:\/\/www.europesays.com\/lv\/wp-json\/wp\/v2\/types\/post"}],"author":[{"embeddable":true,"href":"https:\/\/www.europesays.com\/lv\/wp-json\/wp\/v2\/users\/2"}],"replies":[{"embeddable":true,"href":"https:\/\/www.europesays.com\/lv\/wp-json\/wp\/v2\/comments?post=68070"}],"version-history":[{"count":0,"href":"https:\/\/www.europesays.com\/lv\/wp-json\/wp\/v2\/posts\/68070\/revisions"}],"wp:featuredmedia":[{"embeddable":true,"href":"https:\/\/www.europesays.com\/lv\/wp-json\/wp\/v2\/media\/68071"}],"wp:attachment":[{"href":"https:\/\/www.europesays.com\/lv\/wp-json\/wp\/v2\/media?parent=68070"}],"wp:term":[{"taxonomy":"category","embeddable":true,"href":"https:\/\/www.europesays.com\/lv\/wp-json\/wp\/v2\/categories?post=68070"},{"taxonomy":"post_tag","embeddable":true,"href":"https:\/\/www.europesays.com\/lv\/wp-json\/wp\/v2\/tags?post=68070"}],"curies":[{"name":"wp","href":"https:\/\/api.w.org\/{rel}","templated":true}]}}