{"id":68106,"date":"2025-12-07T17:51:21","date_gmt":"2025-12-07T17:51:21","guid":{"rendered":"https:\/\/www.europesays.com\/lv\/68106\/"},"modified":"2025-12-07T17:51:21","modified_gmt":"2025-12-07T17:51:21","slug":"piektdien-celu-satiksmes-negadijumos-boja-gajusi-divi-cilveki","status":"publish","type":"post","link":"https:\/\/www.europesays.com\/lv\/68106\/","title":{"rendered":"Piektdien ce\u013cu satiksmes negad\u012bjumos boj\u0101 g\u0101ju\u0161i divi cilv\u0113ki"},"content":{"rendered":"<p>Piektdien ap plkst. 13.30 Dienvidkurzemes novada Rucavas pagast\u0101 uz autoce\u013ca Liep\u0101ja-Lietuvas robe\u017ea (A11) notika ce\u013cu <a href=\"https:\/\/www.apollo.lv\/term\/649259\/satiksmes-negadijums\" class=\"topicLink\" target=\"_blank\" rel=\"nofollow noopener\">satiksmes negad\u012bjums<\/a>, kur\u0101 iesaist\u012bts traktors un vieglais transportl\u012bdzeklis &#8220;Ford Focus&#8221;. Negad\u012bjum\u0101 g\u0101ja boj\u0101 viegl\u0101s automa\u0161\u012bnas vad\u012bt\u0101js, savuk\u0101rt traktora vad\u012bt\u0101js ar g\u016btaj\u0101m traum\u0101m nog\u0101d\u0101ts medic\u012bnas iest\u0101d\u0113. Par notiku\u0161o s\u0101kts krimin\u0101lprocess.<\/p>\n<p>Valsts ugunsdz\u0113s\u012bbas un gl\u0101b\u0161anas dienest\u0101 (<a href=\"https:\/\/www.apollo.lv\/term\/555464\/vugd\" class=\"topicLink\" target=\"_blank\" rel=\"nofollow noopener\">VUGD<\/a>) a\u0123ent\u016bru LETA inform\u0113ja, ka gl\u0101b\u0113ji no traktora atbr\u012bvoja cietu\u0161u cilv\u0113ku, izmantojot hidrauliskos instrumentus, un nodeva NMPD medi\u0137iem, bet no viegl\u0101s automa\u0161\u012bnas tika atbr\u012bvots cilv\u0113ks, kas notikum\u0101 bija g\u0101jis boj\u0101. Tika sak\u0101rtota ce\u013ca braucam\u0101 da\u013ca, izmantojot absorbentu, un plkst. 18.01 darbs notikuma viet\u0101 nosl\u0113dz\u0101s.<\/p>\n<p>Savuk\u0101rt Dienvidkurzemes novada Kalvenes pagast\u0101 bija avar\u0113jusi kravas automa\u0161\u012bna. Ugunsdz\u0113s\u0113jiem ierodoties notikuma viet\u0101, konstat\u0113ts, ka kravas automa\u0161\u012bna atrodas uz s\u0101niem un no t\u0101s izbirusi \u0137\u012bmiska viela. Notikuma viet\u0101 piesaist\u012bts Valsts vides dienests. Gl\u0101b\u0113ji sav\u0101ca izbiru\u0161o kravu un sak\u0101rtoja ce\u013ca braucamo da\u013cu. Vakar\u0101 plkst. 23.10 ugunsdz\u0113s\u0113ju-gl\u0101b\u0113ju darbs notikum\u0101 nosl\u0113dz\u0101s.<\/p>\n<p>Savuk\u0101rt Ropa\u017eu novada Rumbul\u0101, Latgales iel\u0101 automa\u0161\u012bnas &#8220;Volkswagen Tiguan&#8221; vad\u012bt\u0101js uzbrauca g\u0101j\u0113jai, kura no g\u016btaj\u0101m traum\u0101m mira notikuma viet\u0101. Par notiku\u0161o s\u0101kts krimin\u0101lprocess.<\/p>\n<p>R\u012bgas re\u0123ion\u0101 piektdien negad\u012bjumos cietu\u0161i se\u0161i cilv\u0113ki, tostarp viens g\u0101j\u0113js. Kurzem\u0113 cietu\u0161i septi\u0146i cilv\u0113ki, tostarp viens g\u0101j\u0113js. V\u0113l \u010detri cietu\u0161ie biju\u0161i negad\u012bjumos Zemgal\u0113, tr\u012bs cietu\u0161ie &#8211; Vidzem\u0113, bet divi cietu\u0161ie &#8211; Latgal\u0113.<\/p>\n<p>Kopum\u0101 pag\u0101ju\u0161aj\u0101 diennakt\u012b re\u0123istr\u0113ts 171 ce\u013cu satiksmes negad\u012bjums, no tiem 96 negad\u012bjumi biju\u0161i R\u012bgas re\u0123ion\u0101, 23 &#8211; Zemgal\u0113, 20 &#8211; Latgal\u0113, 18- Kurzem\u0113, bet 14 negad\u012bjumi notiku\u0161i Zemgal\u0113, inform\u0113 policij\u0101.<\/p>\n","protected":false},"excerpt":{"rendered":"Piektdien ap plkst. 13.30 Dienvidkurzemes novada Rucavas pagast\u0101 uz autoce\u013ca Liep\u0101ja-Lietuvas robe\u017ea (A11) notika ce\u013cu satiksmes negad\u012bjums, kur\u0101&hellip;\n","protected":false},"author":2,"featured_media":68107,"comment_status":"","ping_status":"","sticky":false,"template":"","format":"standard","meta":{"footnotes":""},"categories":[12],"tags":[23,12213,28,29,32,33,22,30,31,35,39,38,36,37,34,40,20,26,27,15401,24,25,4908,21],"class_list":{"0":"post-68106","1":"post","2":"type-post","3":"status-publish","4":"format-standard","5":"has-post-thumbnail","7":"category-latvija","8":"tag-aktualitates","9":"tag-boja-gajusie","10":"tag-breaking-news","11":"tag-breakingnews","12":"tag-featured-news","13":"tag-featurednews","14":"tag-headlines","15":"tag-latest-news","16":"tag-latestnews","17":"tag-latvia","18":"tag-latvian","19":"tag-latviesu","20":"tag-latviesu-valoda","21":"tag-latviesuvaloda","22":"tag-latvija","23":"tag-lv","24":"tag-news","25":"tag-popularakas-zinas","26":"tag-popularakaszinas","27":"tag-satiksmes-negadijums","28":"tag-top-stories","29":"tag-topstories","30":"tag-vugd","31":"tag-zinas"},"share_on_mastodon":{"url":"https:\/\/pubeurope.com\/@lv\/115679558577567503","error":""},"_links":{"self":[{"href":"https:\/\/www.europesays.com\/lv\/wp-json\/wp\/v2\/posts\/68106","targetHints":{"allow":["GET"]}}],"collection":[{"href":"https:\/\/www.europesays.com\/lv\/wp-json\/wp\/v2\/posts"}],"about":[{"href":"https:\/\/www.europesays.com\/lv\/wp-json\/wp\/v2\/types\/post"}],"author":[{"embeddable":true,"href":"https:\/\/www.europesays.com\/lv\/wp-json\/wp\/v2\/users\/2"}],"replies":[{"embeddable":true,"href":"https:\/\/www.europesays.com\/lv\/wp-json\/wp\/v2\/comments?post=68106"}],"version-history":[{"count":0,"href":"https:\/\/www.europesays.com\/lv\/wp-json\/wp\/v2\/posts\/68106\/revisions"}],"wp:featuredmedia":[{"embeddable":true,"href":"https:\/\/www.europesays.com\/lv\/wp-json\/wp\/v2\/media\/68107"}],"wp:attachment":[{"href":"https:\/\/www.europesays.com\/lv\/wp-json\/wp\/v2\/media?parent=68106"}],"wp:term":[{"taxonomy":"category","embeddable":true,"href":"https:\/\/www.europesays.com\/lv\/wp-json\/wp\/v2\/categories?post=68106"},{"taxonomy":"post_tag","embeddable":true,"href":"https:\/\/www.europesays.com\/lv\/wp-json\/wp\/v2\/tags?post=68106"}],"curies":[{"name":"wp","href":"https:\/\/api.w.org\/{rel}","templated":true}]}}