{"id":68119,"date":"2025-12-07T18:26:10","date_gmt":"2025-12-07T18:26:10","guid":{"rendered":"https:\/\/www.europesays.com\/lv\/68119\/"},"modified":"2025-12-07T18:26:10","modified_gmt":"2025-12-07T18:26:10","slug":"bijusas-es-augstakas-diplomates-mogerini-lieta-prokuratura-interesejas-ari-par-ekas-iegadi-brige-raksts","status":"publish","type":"post","link":"https:\/\/www.europesays.com\/lv\/68119\/","title":{"rendered":"Biju\u0161\u0101s ES augst\u0101k\u0101s diplom\u0101tes Moger\u012bni liet\u0101 prokurat\u016bra interes\u0113jas ar\u012b par \u0113kas ieg\u0101di Brig\u0113 \/ Raksts"},"content":{"rendered":"<p>Bijus\u012b ES augst\u0101k\u0101 diplom\u0101te, it\u0101liete Federika Moger\u012bni \u0161oned\u0113\u013c piedz\u012bvoja negaid\u012btu kritienu \u2013 Be\u013c\u0123ijas policija veica krat\u012b\u0161anu vi\u0146as darba viet\u0101 Eiropas koled\u017e\u0101, pati <a href=\"https:\/\/www.lsm.lv\/raksts\/zinas\/arzemes\/02.12.2025-avots-pec-kratisanam-es-diplomatiska-dienesta-biroja-aiztureta-bijusi-galvena-diplomate-mogerini.a624723\/?utm_source=lsm&amp;utm_medium=article-body&amp;utm_campaign=admin\" rel=\"nofollow noopener\" target=\"_blank\">Moger\u012bni tika aiztur\u0113ta<\/a> un t\u016bl\u012bt p\u0113c tam <a href=\"https:\/\/www.lsm.lv\/article-preview\/zinas\/arzemes\/05.12.2025-bijusi-es-galvena-diplomate-mogerini-atkapjas-no-eiropas-koledzas-rektores-amata-apsudzibas-korupcija-noliedz.a625170\/\" rel=\"nofollow noopener\" target=\"_blank\">atk\u0101p\u0101s no koled\u017eas direktores amata<\/a>. Vi\u0146u tur aizdom\u0101s par kr\u0101p\u0161anu, kas met nel\u0101gu \u0113nu uz visu Eiropas \u0101r\u0113j\u0101s darb\u012bbas dienestu, un prokurat\u016bru ieinteres\u0113ja ar\u012b koled\u017eas dar\u012bjums \u2013 \u0113kas ieg\u0101de Brig\u0113. \u00a0<\/p>\n<p>P\u0113c 5 gadiem ES Augst\u0101s p\u0101rst\u0101ves \u0101rliet\u0101s amat\u0101 2020.gad\u0101 Frederika Moger\u012bni k\u013cuva par Eiropas koled\u017eas rektori. Koled\u017ea ir skola, kas sagatavo topo\u0161os Eiropas ier\u0113d\u0146us un kas izveidojusi ar\u012b \u012bpa\u0161u programmu jaunajiem diplom\u0101tiem, ES Diplom\u0101tijas akad\u0113miju.<\/p>\n<p>Otrdien Be\u013c\u0123ijas policija aiztur\u0113ja 3 cilv\u0113kus \u2013 Moger\u012bni un vi\u0146as kol\u0113\u0123i koled\u017e\u0101, un Stefano Sannino, biju\u0161o Eiropas \u0100r\u0113j\u0101s darb\u012bbas dienesta \u0123ener\u0101lsekret\u0101ru.<\/p>\n<p>Dienu v\u0113l\u0101k policija vi\u0146us atbr\u012bvoja, un Eiropas Prokurat\u016bra ofici\u0101li vi\u0146us <a href=\"https:\/\/www.lsm.lv\/raksts\/zinas\/arzemes\/03.12.2025-korupcijas-un-krapsanas-lieta-apsudz-bijuso-es-galveno-diplomati-federiku-mogerini.a624874\/?utm_source=lsm&amp;utm_medium=article-body&amp;utm_campaign=admin\" class=\"lsm-link\" data-type=\"article\" data-id=\"624874\" rel=\"nofollow noopener\" target=\"_blank\">atzinusi par aizdom\u0101s turamajiem.<\/a> Saist\u012bb\u0101 ar \u0161o notika ar\u012b vair\u0101kas krat\u012b\u0161anas \u2013 gan Eiropas koled\u017e\u0101 Brig\u0113, gan ar\u012b Eiropas \u0100r\u0113j\u0101s darb\u012bbas dienest\u0101 Brisel\u0113, kas faktiski ir Eiropas \u0101rlietu ministrija, gan vair\u0101k\u0101s priv\u0101t\u0101s rezidenc\u0113s.<\/p>\n<p style=\"margin-left:0cm; margin-right:0cm\">&#8220;Patie\u0161\u0101m, m\u0113s varam apstiprin\u0101t, ka policija ierad\u0101s \u0101r\u0113j\u0101s darb\u012bbas dienest\u0101, un t\u0101 ir da\u013ca no notieko\u0161\u0101s izmekl\u0113\u0161anas par darb\u012bb\u0101m, kas notika iepriek\u0161\u0113j\u0101 pilnvaru termi\u0146\u0101,&#8221; pazi\u0146oja Eiropas Komisijas runaspersona Anita Hipera.<\/p>\n<p style=\"margin-left:0cm; margin-right:0cm\">Prokurat\u016bra pazi\u0146oja, ka past\u0101v &#8220;nopietnas aizdomas&#8221; par \u0100r\u0113j\u0101s darb\u012bbas dienesta favor\u012btismu saist\u012bb\u0101 ar konkursu par devi\u0146u m\u0113ne\u0161u apm\u0101c\u012bbu kursu jaun\u0101kajiem diplom\u0101tiem.<\/p>\n<p style=\"margin-left:0cm; margin-right:0cm\">Izmekl\u0113t\u0101jus ieinteres\u0113ja fakts, ka Eiropas koled\u017ea 2022.gad\u0101 \u2013 laik\u0101, kad iest\u0101dei bija finansi\u0101las gr\u016bt\u012bbas \u2013 par 3,2 miljoniem eiro ieg\u0101d\u0101j\u0101s \u0113ku Brig\u0113, kur\u0101 tagad atrodas kopm\u012btnes diplom\u0101tiem, kuri apmekl\u0113 akad\u0113miju.<\/p>\n<p style=\"margin-left:0cm; margin-right:0cm\">Neilgi p\u0113c tam Eiropas \u0100r\u0113j\u0101s darb\u012bbas dienests pie\u0161\u0137\u012bra Eiropas koled\u017eai 654 000 eiro lielu finans\u0113jumu.<\/p>\n<p style=\"margin-left:0cm; margin-right:0cm\">Prokurat\u016bra ar\u012b dom\u0101, ka Moger\u012bni piek\u013cuva konfidenci\u0101lai inform\u0101cijai par konkursu uz jauno diplom\u0101tu apm\u0101c\u012b\u0161anu, kas vi\u0146ai deva negod\u012bgas priek\u0161roc\u012bbas sal\u012bdzin\u0101jum\u0101 ar citiem pretendentiem. Taj\u0101 laik\u0101 Moger\u012bni bija Eiropas koled\u017eas rektore, bet Sannino, kur\u0161 bija str\u0101d\u0101jis Moger\u012bni vad\u012bb\u0101 It\u0101lijas \u0100rlietu ministrij\u0101, bija ES \u0101rlietu dienesta \u0123ener\u0101lsekret\u0101rs, un \u0161is amats, iesp\u0113jams, deva vi\u0146am ietekmi uz konkursu.<\/p>\n<p style=\"margin-left:0cm; margin-right:0cm\">Kriti\u0137i gan nor\u0101da, ka Be\u013c\u0123ijas policijas uzs\u0101kt\u0101s izmekl\u0113\u0161an\u0101s ES instit\u016bcij\u0101s, lai ar\u012b s\u0101ku\u0161\u0101s ska\u013ci, bie\u017ei vien tiesas z\u0101l\u0113 nav tiku\u0161as pier\u0101d\u012btas.<\/p>\n<p>                    Valodas k\u013c\u016bda rakst\u0101?<\/p>\n<p class=\"d-none d-md-block\">Iez\u012bm\u0113jiet tekstu un spiediet Ctrl+Enter, lai nos\u016bt\u012btu labojamo teksta fragmentu redaktoram! Par faktu k\u013c\u016bd\u0101m l\u016bdzam zi\u0146ot e-past\u0101 <a href=\"https:\/\/www.lsm.lv\/cdn-cgi\/l\/email-protection\" class=\"__cf_email__\" data-cfemail=\"10627574717b73797a71507c637d3e7c66\" rel=\"nofollow noopener\" target=\"_blank\">[email\u00a0protected]<\/a>.<\/p>\n<p class=\"d-md-none\">Iez\u012bm\u0113jiet tekstu un spiediet uz Zi\u0146ot par k\u013c\u016bdu pogas, lai nos\u016bt\u012btu labojamo teksta fragmentu redaktoram!<\/p>\n<p>\n                    Zi\u0146ot par k\u013c\u016bdu\n                <\/p>\n","protected":false},"excerpt":{"rendered":"Bijus\u012b ES augst\u0101k\u0101 diplom\u0101te, it\u0101liete Federika Moger\u012bni \u0161oned\u0113\u013c piedz\u012bvoja negaid\u012btu kritienu \u2013 Be\u013c\u0123ijas policija veica krat\u012b\u0161anu vi\u0146as darba&hellip;\n","protected":false},"author":2,"featured_media":68120,"comment_status":"","ping_status":"","sticky":false,"template":"","format":"standard","meta":{"footnotes":""},"categories":[14],"tags":[23,57,28,29,32,33,22,30,31,35,39,38,36,37,34,40,20,26,27,24,25,54,55,56,21,58],"class_list":{"0":"post-68119","1":"post","2":"type-post","3":"status-publish","4":"format-standard","5":"has-post-thumbnail","7":"category-zinas-no-arvalstim","8":"tag-aktualitates","9":"tag-arvalstim","10":"tag-breaking-news","11":"tag-breakingnews","12":"tag-featured-news","13":"tag-featurednews","14":"tag-headlines","15":"tag-latest-news","16":"tag-latestnews","17":"tag-latvia","18":"tag-latvian","19":"tag-latviesu","20":"tag-latviesu-valoda","21":"tag-latviesuvaloda","22":"tag-latvija","23":"tag-lv","24":"tag-news","25":"tag-popularakas-zinas","26":"tag-popularakaszinas","27":"tag-top-stories","28":"tag-topstories","29":"tag-world","30":"tag-world-news","31":"tag-worldnews","32":"tag-zinas","33":"tag-zinas-no-arvalstim"},"share_on_mastodon":{"url":"https:\/\/pubeurope.com\/@lv\/115679696203335453","error":""},"_links":{"self":[{"href":"https:\/\/www.europesays.com\/lv\/wp-json\/wp\/v2\/posts\/68119","targetHints":{"allow":["GET"]}}],"collection":[{"href":"https:\/\/www.europesays.com\/lv\/wp-json\/wp\/v2\/posts"}],"about":[{"href":"https:\/\/www.europesays.com\/lv\/wp-json\/wp\/v2\/types\/post"}],"author":[{"embeddable":true,"href":"https:\/\/www.europesays.com\/lv\/wp-json\/wp\/v2\/users\/2"}],"replies":[{"embeddable":true,"href":"https:\/\/www.europesays.com\/lv\/wp-json\/wp\/v2\/comments?post=68119"}],"version-history":[{"count":0,"href":"https:\/\/www.europesays.com\/lv\/wp-json\/wp\/v2\/posts\/68119\/revisions"}],"wp:featuredmedia":[{"embeddable":true,"href":"https:\/\/www.europesays.com\/lv\/wp-json\/wp\/v2\/media\/68120"}],"wp:attachment":[{"href":"https:\/\/www.europesays.com\/lv\/wp-json\/wp\/v2\/media?parent=68119"}],"wp:term":[{"taxonomy":"category","embeddable":true,"href":"https:\/\/www.europesays.com\/lv\/wp-json\/wp\/v2\/categories?post=68119"},{"taxonomy":"post_tag","embeddable":true,"href":"https:\/\/www.europesays.com\/lv\/wp-json\/wp\/v2\/tags?post=68119"}],"curies":[{"name":"wp","href":"https:\/\/api.w.org\/{rel}","templated":true}]}}