{"id":68127,"date":"2025-12-07T18:37:07","date_gmt":"2025-12-07T18:37:07","guid":{"rendered":"https:\/\/www.europesays.com\/lv\/68127\/"},"modified":"2025-12-07T18:37:07","modified_gmt":"2025-12-07T18:37:07","slug":"darbibu-apturejusi-aviokompanija-smartlynx-tiesiskas-aizsardzibas-procesu-neturpinas-raksts","status":"publish","type":"post","link":"https:\/\/www.europesays.com\/lv\/68127\/","title":{"rendered":"Darb\u012bbu aptur\u0113jus\u012b aviokomp\u0101nija \u00abSmartlynx\u00bb tiesisk\u0101s aizsardz\u012bbas procesu neturpin\u0101s \/ Raksts"},"content":{"rendered":"<p>Pirms div\u0101m ned\u0113\u013c\u0101m <a href=\"https:\/\/www.lsm.lv\/raksts\/zinas\/ekonomika\/24.11.2025-latvijas-aviokompanija-smartlynx-airlines-partrauc-darbibu.a623633\/?utm_source=lsm&amp;utm_medium=theme&amp;utm_campaign=theme\" rel=\"nofollow noopener\" target=\"_blank\">darb\u012bbu aptur\u0113ja<\/a> Latvij\u0101 b\u0101z\u0113t\u0101 aviokomp\u0101nija &#8220;Smartlynx Airlines&#8221;, kura past\u0101v\u0113ja vair\u0101k nek\u0101 30 gadus un v\u0113l p\u0113rn tika atz\u012bta par v\u0113rt\u012bg\u0101ko pa\u0161m\u0101ju komp\u0101niju transporta nozar\u0113. &#8220;Smartlynx&#8221; paliku\u0161i miljonu par\u0101di, un daudzi \u0101rzem\u0113s dz\u012bvojo\u0161i apkalpes locek\u013ci s\u016bdzas par algu nesa\u0146em\u0161anu. LTV raid\u012bjums &#8220;De facto&#8221; v\u0113st\u012bja, ka ierosin\u0101tais uz\u0146\u0113muma tiesisk\u0101s aizsardz\u012bbas process, kas bija paredz\u0113ts, lai nor\u0113\u0137in\u0101tos ar kreditoriem, visticam\u0101k tiks izbeigts.<\/p>\n<p><a id=\"1\" name=\"1\"\/>Avi\u0101cijas asoci\u0101cijas: Tas ir negaid\u012bts pav\u0113rsiens un sitiens nozarei<\/p>\n<p style=\"margin-left:0cm; margin-right:0cm\">\u00a0&#8220;Smartlynx&#8221; nodarboj\u0101s ar pilna servisa <a href=\"https:\/\/www.lsm.lv\/raksts\/zinas\/ekonomika\/25.05.2024-aviokompanija-smartlynx-samazina-carterlidojumu-kapacitati-un-koncentresies-uz-pamatbiznesa-modeli.a555367\/?utm_source=lsm&amp;utm_medium=theme&amp;utm_campaign=theme\" class=\"lsm-link\" data-type=\"article\" data-id=\"555367\" rel=\"nofollow noopener\" target=\"_blank\">lidma\u0161\u012bnu nomas<\/a> un \u010darteru pakalpojumiem vis\u0101 pasaul\u0113. Uz\u0146\u0113muma m\u0101jaslap\u0101 min\u0113ts, ka tam biju\u0161i vair\u0101k nek\u0101 500 ofisa un tehniskie darbinieki, k\u0101 ar\u012b 1300 apkalpes locek\u013cu.\u00a0<\/p>\n<p style=\"margin-left:0cm; margin-right:0cm\">&#8220;Sign\u0101li, kaut k\u0101das paz\u012bmes nedaudz bija vasar\u0101, bet ne tuvu nebija domas, ka tas rezult\u0113sies \u0161\u0101d\u0101 notikumu att\u012bst\u012bb\u0101.<\/p>\n<blockquote>\n<p style=\"margin-left:0cm; margin-right:0cm\">T\u0101 ka, j\u0101, tas ir diezgan negaid\u012bts pav\u0113rsiens, un j\u016btams sitiens avi\u0101cijas nozarei,&#8221; secin\u0101ja Latvijas Avi\u0101cijas asoci\u0101cijas valdes loceklis Zigm\u0101rs Vestf\u0101ls.<\/p>\n<\/blockquote>\n<p style=\"margin-left:0cm; margin-right:0cm\">Novembra p\u0113d\u0113j\u0101 ned\u0113\u013c\u0101 &#8220;Smartlynx Airlines&#8221; str\u0101d\u0101jo\u0161ajiem pied\u0101v\u0101ja labpr\u0101t\u012bgi izbeigt darba l\u012bgumu, parakstot konfidenci\u0101lu vieno\u0161anos. &#8220;De facto&#8221; zin\u0101ms, ka &#8220;Smartlynx Airlines&#8221; ap\u0146\u0113m\u0101s izmaks\u0101t darba samaksu, ta\u010du inform\u0113ja, ka var\u0113tu nepietikt l\u012bdzek\u013cu, lai nekav\u0113joties ieskait\u012btu neiz\u0146emt\u0101 atva\u013cin\u0101juma naudu.<\/p>\n<p style=\"margin-left:0cm; margin-right:0cm\">\u00a0Darbiniekiem tika paskaidrots, ka &#8220;Smartlynx&#8221; izv\u0113rt\u0113jot iesp\u0113ju uzs\u0101kt maks\u0101tnesp\u0113ju. T\u0101d\u0101 gad\u012bjum\u0101 darbinieki savus pras\u012bjumus var\u0113s apmierin\u0101t no garantiju fonda.<\/p>\n<p><a id=\"2\" name=\"2\"\/>Darba inspekcija s\u0101k p\u0101rbaudi par darbinieku atlai\u0161anu <\/p>\n<p style=\"margin-left:0cm; margin-right:0cm\">Biznesa soci\u0101laj\u0101 medij\u0101 &#8220;LinkedIn&#8221; p\u0113d\u0113j\u0101s ned\u0113\u013c\u0101s vair\u0101ki &#8220;Smartlynx&#8221; apkalpes locek\u013ci no da\u017e\u0101d\u0101m valst\u012bm public\u0113ju\u0161i ierakstus, ka nav sa\u0146\u0113mu\u0161i algu, k\u0101ds pat par diviem m\u0113ne\u0161iem.<\/p>\n<p style=\"margin-left:0cm; margin-right:0cm\">&#8220;Smartlynx&#8221; p\u0101rst\u0101ve Agija Kola-Kan\u010da sazvan\u012bta LTV raid\u012bjumam apgalvoja, ka uz\u0146\u0113mums darbiniekiem neko neesot par\u0101d\u0101. Uz jaut\u0101jumu par daudzaj\u0101m s\u016bdz\u012bb\u0101m &#8220;LinkedIn&#8221; vi\u0146a atbild, ka tie neesot &#8220;Smartlinx Airlines&#8221; darbinieki, un nekad t\u0101di neesot biju\u0161i.<\/p>\n<blockquote>\n<p style=\"margin-left:0cm; margin-right:0cm\">Raid\u012bjums secin\u0101ja, ka \u0161ie cilv\u0113ki tiku\u0161i nodarbin\u0101ti nevis pa tie\u0161o, bet caur starpniekiem \u2013 rekrut\u0113\u0161anas uz\u0146\u0113mumiem.<\/p>\n<\/blockquote>\n<p style=\"margin-left:0cm; margin-right:0cm\">&#8220;Piloti, stjuarti prim\u0101ri un tehni\u0137i, t\u0101 ir v\u0113l viena grupa, vi\u0146i netiek nodarbin\u0101ti pie re\u0101l\u0101, faktisk\u0101 darba dev\u0113ja, vi\u0146iem nav soci\u0101l\u0101s garantijas, vi\u0146iem nav nek\u0101das aizsardz\u012bbas \u0161\u0101d\u0101s situ\u0101cij\u0101s,&#8221; par nozares specifiku st\u0101st\u012bja Latvijas Avi\u0101cijas arodbiedr\u012bbas vad\u012bt\u0101ja Dace Kavasa.\u00a0<\/p>\n<blockquote>\n<p style=\"margin-left:0cm; margin-right:0cm\">P\u0101rbaudi par darbinieku atbr\u012bvo\u0161anu ir s\u0101kusi Valsts darba inspekcija, ta\u010du secin\u0101jumiem v\u0113l p\u0101ragri.<\/p>\n<\/blockquote>\n<p style=\"margin-left:0cm; margin-right:0cm\">&#8220;Ir sagatavoti jaut\u0101jumi, un jau nos\u016bt\u012bti pa\u0161am uz\u0146\u0113mumam, kas mums interes\u0113. L\u012bdz ar to esam iesaist\u012bju\u0161ies, un veicam visu nepiecie\u0161amo, lai saprastu, vai viss tiek iev\u0113rots likuma robe\u017e\u0101s,&#8221; \u00a0inform\u0113ja Zemgales re\u0123ion\u0101l\u0101s valsts darba inspekcijas vad\u012bt\u0101js Andris Saul\u012btis.<\/p>\n<p style=\"margin-left:0cm; margin-right:0cm\">P\u0113c p\u0113d\u0113jiem Uz\u0146\u0113mumu re\u0123istr\u0101 pieejamajiem datiem par 2023. gadu &#8220;Smartlynx Airlines&#8221; biju\u0161i 382 darbinieki. Vismaz vair\u0101k nek\u0101 desmit neesot parakst\u012bju\u0161i pied\u0101v\u0101to vieno\u0161anos par l\u012bguma izbeig\u0161anu, apliecin\u0101ja Avi\u0101cijas arodbiedr\u012bb\u0101.<\/p>\n<p><a id=\"3\" name=\"3\"\/>Par\u0101di saist\u012btiem uz\u0146\u0113mumiem un VID<\/p>\n<p style=\"margin-left:0cm; margin-right:0cm\">L\u012bdz \u0161\u0101 gada oktobra vidum &#8220;Smartlynx Airlines&#8221; \u012bpa\u0161nieks pastarpin\u0101ti bija bag\u0101t\u0101kais Lietuvas pilsonis \u0122edimins \u017diemelis. Vi\u0146a akt\u012bvus p\u0113rn nov\u0113rt\u0113ja 2,8 miljardu eiro v\u0113rt\u012bb\u0101. \u017diemelim piedero\u0161\u0101 &#8220;Avia Solutions Group&#8221; sevi d\u0113v\u0113 par pasaul\u0113 liel\u0101ko pilna servisa lidma\u0161\u012bnu nomas uz\u0146\u0113mumu.<\/p>\n<p style=\"margin-left:0cm; margin-right:0cm\">M\u0113nesi pirms &#8220;Smartlynx Airlines&#8221; darb\u012bbas aptur\u0113\u0161anas tas tika p\u0101rrakst\u012bts N\u012bderland\u0113 b\u0101z\u0113tam invest\u012bciju fondam, un pa 5% da\u013cu ieguva izpilddirektors Edvins Deme\u0146us un finan\u0161u direktors Mindaugs Kazakevi\u010ds.<\/p>\n<blockquote>\n<p style=\"margin-left:0cm; margin-right:0cm\">Saska\u0146\u0101 ar nopl\u016bdu\u0161u kreditoru sarakstu, aviosabiedr\u012bba palikusi par\u0101d\u0101 238,4 miljonus eiro,<\/p>\n<\/blockquote>\n<p style=\"margin-left:0cm; margin-right:0cm\">liel\u0101koties saist\u012btiem uz\u0146\u0113mumiem, bet 64 miljoni eiro nav samaks\u0101ti citiem kreditoriem. Viena miljona eiro par\u0101ds &#8220;Smartlynx&#8221; uzkr\u0101jies pret Valsts ie\u0146\u0113mumu dienestu.<\/p>\n<p style=\"margin-left:0cm; margin-right:0cm\">&#8220;Smartlynx&#8221; p\u0101rst\u0101vji uz &#8220;De facto&#8221; l\u016bgumu sniegt interviju \u0161oned\u0113\u013c neatsauc\u0101s, bet ats\u016bt\u012bja rakstisku koment\u0101ru: &#8220;Br\u012bd\u012b, kad eso\u0161\u0101 uz\u0146\u0113muma vad\u012bbas komanda ieg\u0101d\u0101j\u0101s &#8220;SmartLynx Airlines&#8221;, bija konkr\u0113ti biznesa att\u012bst\u012bbas pl\u0101ni, uz kuru pamata ar\u012b bija iesp\u0113ja piesaist\u012bt investoru. Diem\u017e\u0113l da\u017e\u0101du apst\u0101k\u013cu d\u0113\u013c (to vid\u016b, sankcion\u0113to GTLK lidma\u0161\u012bnu sare\u017e\u0123\u012bt\u0101s tiesved\u012bbas, ko ietekm\u0113ja Krievijas uzs\u0101ktais kar\u0161 Ukrain\u0101, lidma\u0161\u012bnu iznom\u0101t\u0101ju v\u0113lme p\u0113c t\u016bl\u012bt\u0113jiem, ne ilgtermi\u0146a ie\u0146\u0113mumiem, tirgus main\u012bg\u0101 situ\u0101cija), \u0161ie pl\u0101ni nevar\u0113ja tikt \u012bstenoti un viss strauji main\u012bj\u0101s.&#8221;<\/p>\n<p><a id=\"4\" name=\"4\"\/>Ce\u013c\u0161 uz maks\u0101tnesp\u0113ju? <\/p>\n<p style=\"margin-left:0cm; margin-right:0cm\">&#8220;Smartlynx Airlines&#8221; s\u0101kts tiesisk\u0101s aizsardz\u012bbas process. Tas noz\u012bm\u0113, ka tiek dots laiks sak\u0101rtot attiec\u012bbas ar kreditoriem.<\/p>\n<p style=\"margin-left:0cm; margin-right:0cm\">Ta\u010du k\u0101 &#8220;De facto&#8221; atkl\u0101ja procesu uzraugo\u0161\u0101 persona Armands Rasa, vi\u0146\u0161 iesniedzis pieteikumu par tiesisk\u0101s aizsardz\u012bbas procesa izbeig\u0161anu, jo valde inform\u0113jusi, ka pras\u012btais pas\u0101kumu pl\u0101ns netiks izstr\u0101d\u0101ts.<\/p>\n<blockquote>\n<p style=\"margin-left:0cm; margin-right:0cm\">Rasas un uz\u0146\u0113muma iesniegtie pieteikumi par tiesisk\u0101s aizsardz\u012bbas procesa izbeig\u0161anu tiks rakstveid\u0101 izskat\u012bti 10. decembr\u012b.<\/p>\n<\/blockquote>\n<p style=\"margin-left:0cm; margin-right:0cm\">LTV raid\u012bjums secina, ka tas, visdr\u012bz\u0101k, ir ce\u013c\u0161 uz maks\u0101tnesp\u0113ju.<\/p>\n<p style=\"margin-left:0cm; margin-right:0cm\">&#8220;Cilv\u0113ki, es ceru, darbu atrad\u012bs \u013coti \u0101tri, cits jaut\u0101jums, vai vi\u0146i visi paliks Latvij\u0101, un dos savu pienesumu Latvijas avi\u0101cijas nozarei. Tas ir cits jaut\u0101jums. Visticam\u0101k, ka da\u013ca nepaliks Latvij\u0101. Tas ir tas b\u0113d\u012bgais \u0161aj\u0101 st\u0101st\u0101,&#8221; uzskata asoci\u0101cijas vad\u012bt\u0101js Vestf\u0101ls.<\/p>\n<p style=\"margin-left:0cm; margin-right:0cm\">&#8220;Smartlyx Airlines&#8221; biju\u0161\u0101 \u012bpa\u0161nieka grupa turpina papla\u0161in\u0101t biznesu citviet pasaul\u0113. Piem\u0113ram, &#8220;Smartlynx Australia&#8221; k\u013cuvusi par re\u0123ion\u0101lo p\u0101rvad\u0101t\u0101ju Sidnejas lidost\u0101 un &#8220;Smartlynx&#8221; nesen ieguvusi sertifik\u0101tu <a href=\"https:\/\/www.lsm.lv\/raksts\/zinas\/ekonomika\/22.03.2025-latvija-bazetas-lidsabiedribas-smartlynx-masas-kompanija-piedavas-lidmasinu-nomu-taizeme.a592554\/?utm_source=lsm&amp;utm_medium=theme&amp;utm_campaign=theme\" class=\"lsm-link\" data-type=\"article\" data-id=\"592554\" rel=\"nofollow noopener\" target=\"_blank\">lidojumiem Taizem\u0113<\/a>. Tas nozar\u0113 rad\u012bjis jaut\u0101jumus, vai Latvijas bizness nav ticis izdal\u012bts no grupas, lai norakst\u012btu par\u0101dus.<\/p>\n<p style=\"margin-left:0cm; margin-right:0cm\">Satiksmes ministrija ir s\u0101kusi lidsabiedr\u012bbas \u0101rpusk\u0101rtas finan\u0161u atbilst\u012bbas izv\u0113rt\u0113\u0161anu. &#8220;Smartlynx Airlines&#8221; \u012bpa\u0161nieku mai\u0146a pati par sevi neapliecinot sh\u0113mu, bet rada pamatu p\u0101rbaud\u012bt atbilst\u012bbu likumam, skaidroja ministrij\u0101. \u00a0<\/p>\n","protected":false},"excerpt":{"rendered":"Pirms div\u0101m ned\u0113\u013c\u0101m darb\u012bbu aptur\u0113ja Latvij\u0101 b\u0101z\u0113t\u0101 aviokomp\u0101nija &#8220;Smartlynx Airlines&#8221;, kura past\u0101v\u0113ja vair\u0101k nek\u0101 30 gadus un v\u0113l&hellip;\n","protected":false},"author":2,"featured_media":68128,"comment_status":"","ping_status":"","sticky":false,"template":"","format":"standard","meta":{"footnotes":""},"categories":[16],"tags":[77,76,35,39,38,36,37,34,40],"class_list":{"0":"post-68127","1":"post","2":"type-post","3":"status-publish","4":"format-standard","5":"has-post-thumbnail","7":"category-bizness","8":"tag-bizness","9":"tag-business","10":"tag-latvia","11":"tag-latvian","12":"tag-latviesu","13":"tag-latviesu-valoda","14":"tag-latviesuvaloda","15":"tag-latvija","16":"tag-lv"},"share_on_mastodon":{"url":"https:\/\/pubeurope.com\/@lv\/115679739578663615","error":""},"_links":{"self":[{"href":"https:\/\/www.europesays.com\/lv\/wp-json\/wp\/v2\/posts\/68127","targetHints":{"allow":["GET"]}}],"collection":[{"href":"https:\/\/www.europesays.com\/lv\/wp-json\/wp\/v2\/posts"}],"about":[{"href":"https:\/\/www.europesays.com\/lv\/wp-json\/wp\/v2\/types\/post"}],"author":[{"embeddable":true,"href":"https:\/\/www.europesays.com\/lv\/wp-json\/wp\/v2\/users\/2"}],"replies":[{"embeddable":true,"href":"https:\/\/www.europesays.com\/lv\/wp-json\/wp\/v2\/comments?post=68127"}],"version-history":[{"count":0,"href":"https:\/\/www.europesays.com\/lv\/wp-json\/wp\/v2\/posts\/68127\/revisions"}],"wp:featuredmedia":[{"embeddable":true,"href":"https:\/\/www.europesays.com\/lv\/wp-json\/wp\/v2\/media\/68128"}],"wp:attachment":[{"href":"https:\/\/www.europesays.com\/lv\/wp-json\/wp\/v2\/media?parent=68127"}],"wp:term":[{"taxonomy":"category","embeddable":true,"href":"https:\/\/www.europesays.com\/lv\/wp-json\/wp\/v2\/categories?post=68127"},{"taxonomy":"post_tag","embeddable":true,"href":"https:\/\/www.europesays.com\/lv\/wp-json\/wp\/v2\/tags?post=68127"}],"curies":[{"name":"wp","href":"https:\/\/api.w.org\/{rel}","templated":true}]}}