{"id":68131,"date":"2025-12-07T18:44:11","date_gmt":"2025-12-07T18:44:11","guid":{"rendered":"https:\/\/www.europesays.com\/lv\/68131\/"},"modified":"2025-12-07T18:44:11","modified_gmt":"2025-12-07T18:44:11","slug":"virietis-sasalde-savu-miruso-sievu-bet-driz-tiek-pie-jaunas-brutes-kur-nu-liks-sasaldeto","status":"publish","type":"post","link":"https:\/\/www.europesays.com\/lv\/68131\/","title":{"rendered":"V\u012brietis sasald\u0113 savu miru\u0161o sievu, bet dr\u012bz tiek pie jaunas br\u016btes. Kur nu liks sasald\u0113to?"},"content":{"rendered":"<p>K\u0101ds \u0137\u012bnie\u0161u v\u012brietis soci\u0101lajos t\u012bklos izrais\u012bjis dedz\u012bgas diskusijas par visai v\u0113su tematu, proti, v\u012brietis pirms teju desmit gadiem bija sasald\u0113jis savu ar plau\u0161u v\u0113zi miru\u0161o sievu, cerot n\u0101kotn\u0113 vi\u0146u atdz\u012bvin\u0101t. Tom\u0113r tagad mediji atkl\u0101ju\u0161i, ka \u0161is v\u012brietis nu s\u0101cis staig\u0101t pa randi\u0146iem ar citu sievieti, kam\u0113r vi\u0146a sieva, neko nezinot, gu\u013c \u0161\u0137idraj\u0101 sl\u0101pekl\u012b.<\/p>\n","protected":false},"excerpt":{"rendered":"K\u0101ds \u0137\u012bnie\u0161u v\u012brietis soci\u0101lajos t\u012bklos izrais\u012bjis dedz\u012bgas diskusijas par visai v\u0113su tematu, proti, v\u012brietis pirms teju desmit gadiem&hellip;\n","protected":false},"author":2,"featured_media":68132,"comment_status":"","ping_status":"","sticky":false,"template":"","format":"standard","meta":{"footnotes":""},"categories":[14],"tags":[23,57,28,29,32,33,22,17501,4213,30,31,35,39,38,36,37,34,40,186,296,20,26,27,3522,24,25,297,54,55,56,21,58,61],"class_list":{"0":"post-68131","1":"post","2":"type-post","3":"status-publish","4":"format-standard","5":"has-post-thumbnail","7":"category-zinas-no-arvalstim","8":"tag-aktualitates","9":"tag-arvalstim","10":"tag-breaking-news","11":"tag-breakingnews","12":"tag-featured-news","13":"tag-featurednews","14":"tag-headlines","15":"tag-interesanti","16":"tag-kina","17":"tag-latest-news","18":"tag-latestnews","19":"tag-latvia","20":"tag-latvian","21":"tag-latviesu","22":"tag-latviesu-valoda","23":"tag-latviesuvaloda","24":"tag-latvija","25":"tag-lv","26":"tag-medicina","27":"tag-nave","28":"tag-news","29":"tag-popularakas-zinas","30":"tag-popularakaszinas","31":"tag-slimiba","32":"tag-top-stories","33":"tag-topstories","34":"tag-tvnet-planeta","35":"tag-world","36":"tag-world-news","37":"tag-worldnews","38":"tag-zinas","39":"tag-zinas-no-arvalstim","40":"tag-zinatne"},"share_on_mastodon":{"url":"https:\/\/pubeurope.com\/@lv\/115679766996605854","error":""},"_links":{"self":[{"href":"https:\/\/www.europesays.com\/lv\/wp-json\/wp\/v2\/posts\/68131","targetHints":{"allow":["GET"]}}],"collection":[{"href":"https:\/\/www.europesays.com\/lv\/wp-json\/wp\/v2\/posts"}],"about":[{"href":"https:\/\/www.europesays.com\/lv\/wp-json\/wp\/v2\/types\/post"}],"author":[{"embeddable":true,"href":"https:\/\/www.europesays.com\/lv\/wp-json\/wp\/v2\/users\/2"}],"replies":[{"embeddable":true,"href":"https:\/\/www.europesays.com\/lv\/wp-json\/wp\/v2\/comments?post=68131"}],"version-history":[{"count":0,"href":"https:\/\/www.europesays.com\/lv\/wp-json\/wp\/v2\/posts\/68131\/revisions"}],"wp:featuredmedia":[{"embeddable":true,"href":"https:\/\/www.europesays.com\/lv\/wp-json\/wp\/v2\/media\/68132"}],"wp:attachment":[{"href":"https:\/\/www.europesays.com\/lv\/wp-json\/wp\/v2\/media?parent=68131"}],"wp:term":[{"taxonomy":"category","embeddable":true,"href":"https:\/\/www.europesays.com\/lv\/wp-json\/wp\/v2\/categories?post=68131"},{"taxonomy":"post_tag","embeddable":true,"href":"https:\/\/www.europesays.com\/lv\/wp-json\/wp\/v2\/tags?post=68131"}],"curies":[{"name":"wp","href":"https:\/\/api.w.org\/{rel}","templated":true}]}}