{"id":68135,"date":"2025-12-07T18:56:14","date_gmt":"2025-12-07T18:56:14","guid":{"rendered":"https:\/\/www.europesays.com\/lv\/68135\/"},"modified":"2025-12-07T18:56:14","modified_gmt":"2025-12-07T18:56:14","slug":"kaja-kallas-noraida-asv-kritiku-uzsver-eiropas-un-amerikas-vienotibu-globalu-izaicinajumu-prieksa-lente-lv","status":"publish","type":"post","link":"https:\/\/www.europesays.com\/lv\/68135\/","title":{"rendered":"Kaja Kallas noraida ASV kritiku, uzsver Eiropas un Amerikas vienot\u012bbu glob\u0101lu izaicin\u0101jumu priek\u0161\u0101\u00a0\u2014\u00a0Lente.lv"},"content":{"rendered":"<p>Kallas Ignor\u0113 ASV Kritiku, Uzsverot Vienot\u012bbu Glob\u0101lu Probl\u0113mu Risin\u0101\u0161an\u0101<\/p>\n<p>Eiropas Savien\u012bbas \u0101rlietu ministre Kaja Kallas noraid\u012bjusi negaid\u012btu un neparastu kritiku no biju\u0161\u0101 ASV prezidenta Donalda Trampa administr\u0101cijas, kas sav\u0101 Nacion\u0101l\u0101s dro\u0161\u012bbas strat\u0113\u0123ijas zi\u0146ojum\u0101 nor\u0101d\u012bjis uz Eiropas virz\u012b\u0161anos uz \u201cciviliz\u0101cijas izn\u012bcin\u0101\u0161anu\u201d. \u0160is zi\u0146ojums, kas \u012bpa\u0161i izc\u0113la imigr\u0101cijas, cenz\u016bras un supranacion\u0101lu politiku negat\u012bvo ietekmi, vienlaikus pauda atbalstu \u201ceiropie\u0161u patriotiskaj\u0101m partij\u0101m\u201d kontinenta \u201cliel\u012bbas atjauno\u0161anai\u201d. Neskatoties uz konfront\u0113jo\u0161o un nedaudz augstpr\u0101t\u012bgo toni attiec\u012bb\u0101 pret tradicion\u0101lajiem sabiedrotajiem, Kallas uzsv\u0113ra nepiecie\u0161am\u012bbu saglab\u0101t vienot\u012bbu un sadarb\u012bbu, \u012bpa\u0161i attiec\u012bb\u0101 uz glob\u0101liem izaicin\u0101jumiem.<\/p>\n<p>Sabiedrotie Sastopas Ar Glob\u0101liem Draudiem<\/p>\n<p>Kallas intervij\u0101 Euronews Doho forum\u0101 Katar\u0101 mier\u012bgi pauda, ka Amerikas Savienot\u0101s Valstis joproj\u0101m ir Eiropas galvenais sabiedrotais, pat ja viedok\u013ci par da\u017eiem jaut\u0101jumiem at\u0161\u0137iras. Vi\u0146a mudin\u0101ja koncentr\u0113ties uz kop\u012bgajiem m\u0113r\u0137iem un probl\u0113m\u0101m, piem\u0113ram, uz\u0146\u0113m\u012bgaj\u0101m \u0136\u012bnas ekonomiskaj\u0101m praks\u0113m un \u013caunpr\u0101t\u012bgo aktieru, k\u0101 Krievijas, \u0136\u012bnas un Ir\u0101nas, rad\u012btajiem draudiem. \u0160ie ir izaicin\u0101jumi, kas skar gan Eiropu, gan ASV. Kallas metaforiski sal\u012bdzin\u0101ja \u0161o situ\u0113tu ar situ\u0101ciju, kur\u0101 divi cilv\u0113ki ce\u013co vien\u0101 laiv\u0101 \u2013 nesaska\u0146as par navig\u0101ciju ir iesp\u0113jamas, ta\u010du svar\u012bg\u0101kais ir kop\u012bgi tikt gal\u0101 ar v\u0113tr\u0101m.<\/p>\n<p>Saspringta Ned\u0113\u013ca ASV un ES Attiec\u012bb\u0101s<\/p>\n<p>\u0160\u012b ASV Nacion\u0101l\u0101s dro\u0161\u012bbas strat\u0113\u0123ijas publik\u0101cija sekoja p\u0113c saspringtas ned\u0113\u013cas ASV un Eiropas Savien\u012bbas attiec\u012bb\u0101s. Iepriek\u0161\u0113j\u0101 piektdien\u0101 Eiropas Komisija piem\u0113roja 120 miljonu eiro sodu Elona Maska soci\u0101lo mediju platformai X (agr\u0101k Twitter) par p\u0101rk\u0101pumiem, kas saist\u012bti ar p\u0101rredzam\u012bbas noteikumiem ES likumdo\u0161anas ietvaros. Maska reakcija bija aicin\u0101jums ES \u201ctikt demont\u0113tai\u201d un \u201catgriezties pie atsevi\u0161\u0137\u0101m valst\u012bm\u201d, ko ASV valsts sekret\u0101rs Mark R\u016bbio nosauca par \u201cabomin\u0101ciju\u201d. Tas rada sare\u017e\u0123\u012bt\u012bbu ar\u012b Ukrainas kara izbeig\u0161anas sarun\u0101m, ko pa\u0161laik vada ASV. Eiropie\u0161i cen\u0161as atg\u016bt savu poz\u012bciju sarunu proces\u0101, p\u0113c tam, kad s\u0101kotn\u0113ji tika atstumti no tie\u0161aj\u0101m Va\u0161ingtonas un Maskavas sarun\u0101m.<\/p>\n<p>V\u0101cija, Francija, Lielbrit\u0101nija un Ukraina Mekl\u0113 Kop\u012bgus Risin\u0101jumus<\/p>\n<p>Lai gan pagaid\u0101m neskaidr\u012bbas par sadarb\u012bbas n\u0101kotni past\u0101v, Kallas uzsv\u0113ra nepiecie\u0161am\u012bbu tur\u0113t kop\u0101 un str\u0101d\u0101t pie starptautisk\u0101s dro\u0161\u012bbas stiprin\u0101\u0161anas. Eiropas l\u012bderi turpina mekl\u0113t kop\u012bgus risin\u0101jumus sare\u017e\u0123\u012btaj\u0101m probl\u0113m\u0101m. Ned\u0113\u013cas s\u0101kum\u0101, pirmdien, gaid\u0101ma noz\u012bm\u012bga tik\u0161an\u0101s London\u0101, kur pl\u0101no tikties V\u0101cijas kanclers Olafs \u0160olcs, Francijas prezidents Emanuels Makrons, Lielbrit\u0101nijas premjerministrs K\u012brs Starmers un Ukrainas prezidents Volodimirs Zelenskis. \u0160\u012bs sarunas notiks, lai apspriestu turpm\u0101kos so\u013cus Ukrainas konflikta risin\u0101\u0161an\u0101 un citos \u0123eopolitiskos jaut\u0101jumos.<\/p>\n","protected":false},"excerpt":{"rendered":"Kallas Ignor\u0113 ASV Kritiku, Uzsverot Vienot\u012bbu Glob\u0101lu Probl\u0113mu Risin\u0101\u0161an\u0101 Eiropas Savien\u012bbas \u0101rlietu ministre Kaja Kallas noraid\u012bjusi negaid\u012btu un&hellip;\n","protected":false},"author":2,"featured_media":68136,"comment_status":"","ping_status":"","sticky":false,"template":"","format":"standard","meta":{"footnotes":""},"categories":[14],"tags":[23,57,17502,28,29,514,32,33,17503,22,12744,30,31,35,39,38,36,37,34,40,20,26,27,24,25,3113,54,55,56,21,58],"class_list":{"0":"post-68135","1":"post","2":"type-post","3":"status-publish","4":"format-standard","5":"has-post-thumbnail","7":"category-zinas-no-arvalstim","8":"tag-aktualitates","9":"tag-arvalstim","10":"tag-asv-drosibas-strategija","11":"tag-breaking-news","12":"tag-breakingnews","13":"tag-eiropas-savieniba","14":"tag-featured-news","15":"tag-featurednews","16":"tag-globala-sadarbiba","17":"tag-headlines","18":"tag-kaja-kallas","19":"tag-latest-news","20":"tag-latestnews","21":"tag-latvia","22":"tag-latvian","23":"tag-latviesu","24":"tag-latviesu-valoda","25":"tag-latviesuvaloda","26":"tag-latvija","27":"tag-lv","28":"tag-news","29":"tag-popularakas-zinas","30":"tag-popularakaszinas","31":"tag-top-stories","32":"tag-topstories","33":"tag-ukrainas-kars","34":"tag-world","35":"tag-world-news","36":"tag-worldnews","37":"tag-zinas","38":"tag-zinas-no-arvalstim"},"share_on_mastodon":{"url":"","error":"Validation failed: Text character limit of 500 exceeded"},"_links":{"self":[{"href":"https:\/\/www.europesays.com\/lv\/wp-json\/wp\/v2\/posts\/68135","targetHints":{"allow":["GET"]}}],"collection":[{"href":"https:\/\/www.europesays.com\/lv\/wp-json\/wp\/v2\/posts"}],"about":[{"href":"https:\/\/www.europesays.com\/lv\/wp-json\/wp\/v2\/types\/post"}],"author":[{"embeddable":true,"href":"https:\/\/www.europesays.com\/lv\/wp-json\/wp\/v2\/users\/2"}],"replies":[{"embeddable":true,"href":"https:\/\/www.europesays.com\/lv\/wp-json\/wp\/v2\/comments?post=68135"}],"version-history":[{"count":0,"href":"https:\/\/www.europesays.com\/lv\/wp-json\/wp\/v2\/posts\/68135\/revisions"}],"wp:featuredmedia":[{"embeddable":true,"href":"https:\/\/www.europesays.com\/lv\/wp-json\/wp\/v2\/media\/68136"}],"wp:attachment":[{"href":"https:\/\/www.europesays.com\/lv\/wp-json\/wp\/v2\/media?parent=68135"}],"wp:term":[{"taxonomy":"category","embeddable":true,"href":"https:\/\/www.europesays.com\/lv\/wp-json\/wp\/v2\/categories?post=68135"},{"taxonomy":"post_tag","embeddable":true,"href":"https:\/\/www.europesays.com\/lv\/wp-json\/wp\/v2\/tags?post=68135"}],"curies":[{"name":"wp","href":"https:\/\/api.w.org\/{rel}","templated":true}]}}