{"id":68143,"date":"2025-12-07T19:08:20","date_gmt":"2025-12-07T19:08:20","guid":{"rendered":"https:\/\/www.europesays.com\/lv\/68143\/"},"modified":"2025-12-07T19:08:20","modified_gmt":"2025-12-07T19:08:20","slug":"zviedrija-aicina-draudzes-nesadarboties-ar-baltkrievija-esoso-svetas-elizabetes-klosteri-raksts","status":"publish","type":"post","link":"https:\/\/www.europesays.com\/lv\/68143\/","title":{"rendered":"Zviedrij\u0101 aicina draudzes nesadarboties ar Baltkrievij\u0101 eso\u0161o Sv\u0113t\u0101s Elizabetes klosteri \/ Raksts"},"content":{"rendered":"<p>Zviedrijas bazn\u012bca ir aicin\u0101jusi savas draudzes nesadarboties ar Baltkrievijas galvaspils\u0113t\u0101 Minsk\u0101 eso\u0161o Sv\u0113t\u0101s Elizabetes klosteri, ko aps\u016bdz Krievijas kara Ukrain\u0101 atbalst\u012b\u0161an\u0101.\u00a0<\/p>\n<p>Aicin\u0101jums izplat\u012bts p\u0113c tam, kad Sv\u0113t\u0101 Elizabetes klostera darbinieces p\u0101rdeva ikonas un ad\u012btas ze\u0137es pie bazn\u012bcas T\u0113bi pils\u0113t\u0101 net\u0101lu no Stokholmas.\u00a0<\/p>\n<p>Zviedrijas bazn\u012bcas p\u0101rst\u0101ve L\u012bsa Guna Bernersteta apgalvoja, ka Sv\u0113t\u0101s Elizabetes klostera ien\u0101kumi tiek novirz\u012bti Krievijas armijas atbalstam, bet t\u0101 vad\u012bbai esot cie\u0161as saites ar Krievijas milit\u0101ro izl\u016bkdienestu.<\/p>\n<p>Klostera vad\u012bt\u0101js, virspriesteris Andrejs Leme\u0161onoks publiski ir pazi\u0146ojis, ka vi\u0146a klosteris &#8220;ir ar\u012b kaujas vien\u012bba&#8221;, kura\u00a0m\u016b\u0137enes &#8220;c\u012bn\u0101s par m\u016bsu n\u0101kotni&#8221;, t\u0101 iepriek\u0161 zi\u0146oja Ukrainas medijs &#8220;Euromaidan Press&#8221;.<\/p>\n<p>Sv\u0113t\u0101s Elizabetes klostera p\u0101rst\u0101vji noliedza atbalstu Krievijas agresijai Ukrain\u0101 un apgalvoja, ka Zviedrij\u0101 sav\u0101ktie l\u012bdzek\u013ci tiks izmantoti, lai nodro\u0161in\u0101tu malt\u012btes tr\u016bc\u012bgajiem un apr\u016bpi veciem cilv\u0113kiem.<\/p>\n<p>                    Valodas k\u013c\u016bda rakst\u0101?<\/p>\n<p class=\"d-none d-md-block\">Iez\u012bm\u0113jiet tekstu un spiediet Ctrl+Enter, lai nos\u016bt\u012btu labojamo teksta fragmentu redaktoram! Par faktu k\u013c\u016bd\u0101m l\u016bdzam zi\u0146ot e-past\u0101 <a href=\"https:\/\/www.lsm.lv\/cdn-cgi\/l\/email-protection\" class=\"__cf_email__\" data-cfemail=\"ddafb8b9bcb6beb4b7bc9db1aeb0f3b1ab\" rel=\"nofollow noopener\" target=\"_blank\">[email\u00a0protected]<\/a>.<\/p>\n<p class=\"d-md-none\">Iez\u012bm\u0113jiet tekstu un spiediet uz Zi\u0146ot par k\u013c\u016bdu pogas, lai nos\u016bt\u012btu labojamo teksta fragmentu redaktoram!<\/p>\n<p>\n                    Zi\u0146ot par k\u013c\u016bdu\n                <\/p>\n","protected":false},"excerpt":{"rendered":"Zviedrijas bazn\u012bca ir aicin\u0101jusi savas draudzes nesadarboties ar Baltkrievijas galvaspils\u0113t\u0101 Minsk\u0101 eso\u0161o Sv\u0113t\u0101s Elizabetes klosteri, ko aps\u016bdz Krievijas&hellip;\n","protected":false},"author":2,"featured_media":68144,"comment_status":"","ping_status":"","sticky":false,"template":"","format":"standard","meta":{"footnotes":""},"categories":[14],"tags":[23,57,28,29,32,33,22,30,31,35,39,38,36,37,34,40,20,26,27,24,25,54,55,56,21,58],"class_list":{"0":"post-68143","1":"post","2":"type-post","3":"status-publish","4":"format-standard","5":"has-post-thumbnail","7":"category-zinas-no-arvalstim","8":"tag-aktualitates","9":"tag-arvalstim","10":"tag-breaking-news","11":"tag-breakingnews","12":"tag-featured-news","13":"tag-featurednews","14":"tag-headlines","15":"tag-latest-news","16":"tag-latestnews","17":"tag-latvia","18":"tag-latvian","19":"tag-latviesu","20":"tag-latviesu-valoda","21":"tag-latviesuvaloda","22":"tag-latvija","23":"tag-lv","24":"tag-news","25":"tag-popularakas-zinas","26":"tag-popularakaszinas","27":"tag-top-stories","28":"tag-topstories","29":"tag-world","30":"tag-world-news","31":"tag-worldnews","32":"tag-zinas","33":"tag-zinas-no-arvalstim"},"share_on_mastodon":{"url":"https:\/\/pubeurope.com\/@lv\/115679861490430370","error":""},"_links":{"self":[{"href":"https:\/\/www.europesays.com\/lv\/wp-json\/wp\/v2\/posts\/68143","targetHints":{"allow":["GET"]}}],"collection":[{"href":"https:\/\/www.europesays.com\/lv\/wp-json\/wp\/v2\/posts"}],"about":[{"href":"https:\/\/www.europesays.com\/lv\/wp-json\/wp\/v2\/types\/post"}],"author":[{"embeddable":true,"href":"https:\/\/www.europesays.com\/lv\/wp-json\/wp\/v2\/users\/2"}],"replies":[{"embeddable":true,"href":"https:\/\/www.europesays.com\/lv\/wp-json\/wp\/v2\/comments?post=68143"}],"version-history":[{"count":0,"href":"https:\/\/www.europesays.com\/lv\/wp-json\/wp\/v2\/posts\/68143\/revisions"}],"wp:featuredmedia":[{"embeddable":true,"href":"https:\/\/www.europesays.com\/lv\/wp-json\/wp\/v2\/media\/68144"}],"wp:attachment":[{"href":"https:\/\/www.europesays.com\/lv\/wp-json\/wp\/v2\/media?parent=68143"}],"wp:term":[{"taxonomy":"category","embeddable":true,"href":"https:\/\/www.europesays.com\/lv\/wp-json\/wp\/v2\/categories?post=68143"},{"taxonomy":"post_tag","embeddable":true,"href":"https:\/\/www.europesays.com\/lv\/wp-json\/wp\/v2\/tags?post=68143"}],"curies":[{"name":"wp","href":"https:\/\/api.w.org\/{rel}","templated":true}]}}