{"id":68153,"date":"2025-12-07T19:20:07","date_gmt":"2025-12-07T19:20:07","guid":{"rendered":"https:\/\/www.europesays.com\/lv\/68153\/"},"modified":"2025-12-07T19:20:07","modified_gmt":"2025-12-07T19:20:07","slug":"apversums-cina-ar-radiaciju-sene","status":"publish","type":"post","link":"https:\/\/www.europesays.com\/lv\/68153\/","title":{"rendered":"Apv\u0113rsums c\u012b\u0146\u0101 ar radi\u0101ciju &#8211; s\u0113ne"},"content":{"rendered":"<p class=\"descr\">\u010cernobi\u013cas atomelektrostacijas p\u0113tnieki ir atkl\u0101ju\u0161i s\u0113ni Cladosporium sphaerospermum, kas radi\u0101cijas iedarb\u012bbas ietekm\u0113 aug \u0101tr\u0101k un da\u013c\u0113ji to absorb\u0113, raksta &#8220;Nexta&#8221;.<\/p>\n<p>Pateicoties melan\u012bnam, t\u0101 burtiski &#8220;p\u0101rveido&#8221; <a href=\"https:\/\/nra.lv\/pasaule\/505355-cernobilas-suni-kapec-paradijusies-dzivnieki-ar-zilu-kazoku.htm\" data-item-link=\"true\" data-item-id=\"505355\" rel=\"nofollow noopener\" target=\"_blank\">radi\u0101ciju <\/a>ener\u0123ij\u0101. Starptautiskaj\u0101 kosmosa stacij\u0101 t\u0101s aug\u0161anas \u0101trums bija par 20% liel\u0101ks nek\u0101 uz Zemes \u2014 kosmosa apst\u0101k\u013ci to tikai veicina.<\/p>\n<p>Zin\u0101tnieki uzskata, ka \u0161\u0101du biovairogu var\u0113tu izaudz\u0113t tie\u0161i kosmos\u0101. T\u0101 ir l\u0113ta, viegla un pa\u0161atjaunojo\u0161a alternat\u012bva smagiem aizsargmateri\u0101liem.<\/p>\n<p>\u0160is atkl\u0101jums var\u0113tu k\u013c\u016bt par praktisku izr\u0101vienu n\u0101kotnes kosmosa misij\u0101s. T\u0101 viet\u0101, lai p\u0101rvad\u0101tu mas\u012bvus met\u0101la radi\u0101cijas vairogus, p\u0113tnieki apsver iesp\u0113ju izveidot &#8220;dz\u012bvas&#8221; <a href=\"https:\/\/nra.lv\/pasaule\/505355-cernobilas-suni-kapec-paradijusies-dzivnieki-ar-zilu-kazoku.htm\" data-item-link=\"true\" data-item-id=\"505355\" rel=\"nofollow noopener\" target=\"_blank\">s\u0113n\u012b\u0161u sienas<\/a>, kas sp\u0113tu aizsarg\u0101t astronautus uz M\u0113ness un Marsa.<\/p>\n<p>\t\t\t\t\t\tinfo<\/p>\n<p>Uzzini pirmais<br \/>kas interesants noticis Latvij\u0101 un pasaul\u0113,<br \/>pievienojoties mums <a href=\"https:\/\/t.me\/neatkariga\" rel=\"nofollow\">Telegram<\/a> vai <a href=\"https:\/\/whatsapp.com\/channel\/0029VaMLFUH5K3zLU5s4wm3y\" rel=\"nofollow noopener\" target=\"_blank\">Whatsapp<\/a> kan\u0101l\u0101<\/p>\n","protected":false},"excerpt":{"rendered":"\u010cernobi\u013cas atomelektrostacijas p\u0113tnieki ir atkl\u0101ju\u0161i s\u0113ni Cladosporium sphaerospermum, kas radi\u0101cijas iedarb\u012bbas ietekm\u0113 aug \u0101tr\u0101k un da\u013c\u0113ji to absorb\u0113,&hellip;\n","protected":false},"author":2,"featured_media":68154,"comment_status":"","ping_status":"","sticky":false,"template":"","format":"standard","meta":{"footnotes":""},"categories":[14],"tags":[23,57,28,29,32,33,22,30,31,35,39,38,36,37,34,40,20,26,27,24,25,54,55,56,21,58],"class_list":{"0":"post-68153","1":"post","2":"type-post","3":"status-publish","4":"format-standard","5":"has-post-thumbnail","7":"category-zinas-no-arvalstim","8":"tag-aktualitates","9":"tag-arvalstim","10":"tag-breaking-news","11":"tag-breakingnews","12":"tag-featured-news","13":"tag-featurednews","14":"tag-headlines","15":"tag-latest-news","16":"tag-latestnews","17":"tag-latvia","18":"tag-latvian","19":"tag-latviesu","20":"tag-latviesu-valoda","21":"tag-latviesuvaloda","22":"tag-latvija","23":"tag-lv","24":"tag-news","25":"tag-popularakas-zinas","26":"tag-popularakaszinas","27":"tag-top-stories","28":"tag-topstories","29":"tag-world","30":"tag-world-news","31":"tag-worldnews","32":"tag-zinas","33":"tag-zinas-no-arvalstim"},"share_on_mastodon":{"url":"https:\/\/pubeurope.com\/@lv\/115679908606598286","error":""},"_links":{"self":[{"href":"https:\/\/www.europesays.com\/lv\/wp-json\/wp\/v2\/posts\/68153","targetHints":{"allow":["GET"]}}],"collection":[{"href":"https:\/\/www.europesays.com\/lv\/wp-json\/wp\/v2\/posts"}],"about":[{"href":"https:\/\/www.europesays.com\/lv\/wp-json\/wp\/v2\/types\/post"}],"author":[{"embeddable":true,"href":"https:\/\/www.europesays.com\/lv\/wp-json\/wp\/v2\/users\/2"}],"replies":[{"embeddable":true,"href":"https:\/\/www.europesays.com\/lv\/wp-json\/wp\/v2\/comments?post=68153"}],"version-history":[{"count":0,"href":"https:\/\/www.europesays.com\/lv\/wp-json\/wp\/v2\/posts\/68153\/revisions"}],"wp:featuredmedia":[{"embeddable":true,"href":"https:\/\/www.europesays.com\/lv\/wp-json\/wp\/v2\/media\/68154"}],"wp:attachment":[{"href":"https:\/\/www.europesays.com\/lv\/wp-json\/wp\/v2\/media?parent=68153"}],"wp:term":[{"taxonomy":"category","embeddable":true,"href":"https:\/\/www.europesays.com\/lv\/wp-json\/wp\/v2\/categories?post=68153"},{"taxonomy":"post_tag","embeddable":true,"href":"https:\/\/www.europesays.com\/lv\/wp-json\/wp\/v2\/tags?post=68153"}],"curies":[{"name":"wp","href":"https:\/\/api.w.org\/{rel}","templated":true}]}}