{"id":68155,"date":"2025-12-07T19:21:11","date_gmt":"2025-12-07T19:21:11","guid":{"rendered":"https:\/\/www.europesays.com\/lv\/68155\/"},"modified":"2025-12-07T19:21:11","modified_gmt":"2025-12-07T19:21:11","slug":"sogad-valdiba-vairakkart-neieveroja-algu-pieauguma-slieksni","status":"publish","type":"post","link":"https:\/\/www.europesays.com\/lv\/68155\/","title":{"rendered":"\u0160ogad vald\u012bba vair\u0101kk\u0101rt neiev\u0113roja algu pieauguma slieksni"},"content":{"rendered":"<p>Septembr\u012b person\u0101la izmaksas Evikas Sili\u0146as vald\u012bba virs noteiktaj\u0101 limita \u013c\u0101va palielin\u0101t ar\u012b &#8220;Latvenergo&#8221; str\u0101d\u0101jo\u0161ajiem Ar\u012b par \u0161o vald\u012bbas m\u0101jas lap\u0101 inform\u0101ciju pla\u0161\u0101k ieg\u016bt nevar.<\/p>\n<p>Opoz\u012bcija kritiz\u0113 ar\u012b to, k\u0101 n\u0101kam\u0101 gada bud\u017eet\u0101 ir atrisin\u0101ts liel\u0101kais finans\u0113juma iztr\u016bkums. No sol\u012bt\u0101s birokr\u0101tijas mazin\u0101\u0161anas nekas neesot san\u0101cis. Ikdienas t\u0113ri\u0146i nav tiku\u0161i p\u0101rskat\u012bti, un l\u0113mums izmaks\u0101t dividend\u0113s 70% l\u012bdz pat 100%-tiem no lielo valsts uz\u0146\u0113mumu pe\u013c\u0146as, tuvredz\u012bgs.<\/p>\n<p>Ekonomists Dainis Ga\u0161puitis v\u0113rt\u0113, ka savu lomu nosp\u0113l\u0113jis priek\u0161v\u0113l\u0113\u0161anu laiks, un koal\u012bcija nav sp\u0113jusi rast v\u0113r\u0101 \u0146emamus izdevumu ietaup\u012bjumus. Ar\u012b nodok\u013cu izmai\u0146as k\u0101rt\u0113jo reizi p\u0101rvirz\u012btas uz n\u0101kamo gadu. Fisk\u0101l\u0101 situ\u0101cija draud v\u0113l tikai pasliktin\u0101ties, t\u0101p\u0113c iztuk\u0161ot valsts uz\u0146\u0113mumu kabatas vair\u0101kus gadus p\u0113c k\u0101rtas rad\u012bs ne tikai nopietnas sekas \u0161o kapit\u0101lsabiedr\u012bbu, bet ar\u012b ekonomikas att\u012bst\u012bbai, uzskata Dainis Ga\u0161puitis.<\/p>\n<p>P\u0113c \u0161o nesam\u0113r\u012bgi augsto dividen\u017eu izmaksas valsts uz\u0146\u0113mumi b\u016bs spiesti mekl\u0113t citus finans\u0113juma avotus, lai nodro\u0161in\u0101tu ilgtermi\u0146a att\u012bst\u012bbu. Ekonomisti uzskata, ka viens no variantiem b\u016btu aiz\u0146em\u0161an\u0101s, kas noteikti rad\u012bs papildu izmaksas un maz\u0101ku pe\u013c\u0146u n\u0101kotn\u0113.<\/p>\n","protected":false},"excerpt":{"rendered":"Septembr\u012b person\u0101la izmaksas Evikas Sili\u0146as vald\u012bba virs noteiktaj\u0101 limita \u013c\u0101va palielin\u0101t ar\u012b &#8220;Latvenergo&#8221; str\u0101d\u0101jo\u0161ajiem Ar\u012b par \u0161o vald\u012bbas&hellip;\n","protected":false},"author":2,"featured_media":68156,"comment_status":"","ping_status":"","sticky":false,"template":"","format":"standard","meta":{"footnotes":""},"categories":[12],"tags":[23,28,29,259,32,33,22,30,31,35,39,38,36,37,34,40,5604,20,26,27,141,24,25,21],"class_list":{"0":"post-68155","1":"post","2":"type-post","3":"status-publish","4":"format-standard","5":"has-post-thumbnail","7":"category-latvija","8":"tag-aktualitates","9":"tag-breaking-news","10":"tag-breakingnews","11":"tag-budzets","12":"tag-featured-news","13":"tag-featurednews","14":"tag-headlines","15":"tag-latest-news","16":"tag-latestnews","17":"tag-latvia","18":"tag-latvian","19":"tag-latviesu","20":"tag-latviesu-valoda","21":"tag-latviesuvaloda","22":"tag-latvija","23":"tag-lv","24":"tag-ministru-kabinets","25":"tag-news","26":"tag-popularakas-zinas","27":"tag-popularakaszinas","28":"tag-saeima","29":"tag-top-stories","30":"tag-topstories","31":"tag-zinas"},"share_on_mastodon":{"url":"https:\/\/pubeurope.com\/@lv\/115679912647215044","error":""},"_links":{"self":[{"href":"https:\/\/www.europesays.com\/lv\/wp-json\/wp\/v2\/posts\/68155","targetHints":{"allow":["GET"]}}],"collection":[{"href":"https:\/\/www.europesays.com\/lv\/wp-json\/wp\/v2\/posts"}],"about":[{"href":"https:\/\/www.europesays.com\/lv\/wp-json\/wp\/v2\/types\/post"}],"author":[{"embeddable":true,"href":"https:\/\/www.europesays.com\/lv\/wp-json\/wp\/v2\/users\/2"}],"replies":[{"embeddable":true,"href":"https:\/\/www.europesays.com\/lv\/wp-json\/wp\/v2\/comments?post=68155"}],"version-history":[{"count":0,"href":"https:\/\/www.europesays.com\/lv\/wp-json\/wp\/v2\/posts\/68155\/revisions"}],"wp:featuredmedia":[{"embeddable":true,"href":"https:\/\/www.europesays.com\/lv\/wp-json\/wp\/v2\/media\/68156"}],"wp:attachment":[{"href":"https:\/\/www.europesays.com\/lv\/wp-json\/wp\/v2\/media?parent=68155"}],"wp:term":[{"taxonomy":"category","embeddable":true,"href":"https:\/\/www.europesays.com\/lv\/wp-json\/wp\/v2\/categories?post=68155"},{"taxonomy":"post_tag","embeddable":true,"href":"https:\/\/www.europesays.com\/lv\/wp-json\/wp\/v2\/tags?post=68155"}],"curies":[{"name":"wp","href":"https:\/\/api.w.org\/{rel}","templated":true}]}}