{"id":68158,"date":"2025-12-07T19:23:15","date_gmt":"2025-12-07T19:23:15","guid":{"rendered":"https:\/\/www.europesays.com\/lv\/68158\/"},"modified":"2025-12-07T19:23:15","modified_gmt":"2025-12-07T19:23:15","slug":"apple-iphone-air-plana-viedtalruna-apskats-aifons-ka-aifons-bet-tikai-super-plans","status":"publish","type":"post","link":"https:\/\/www.europesays.com\/lv\/68158\/","title":{"rendered":"\u201cApple iPhone Air\u201d pl\u0101n\u0101 viedt\u0101lru\u0146a apskats \u2013 aifons k\u0101\u00a0aifons, bet tikai super pl\u0101ns"},"content":{"rendered":"<p>Pat\u012bk tas mums vai n\u0113, bet \u012bpa\u0161i pl\u0101nie viedt\u0101lru\u0146i ir viena no izteikt\u0101m <a href=\"https:\/\/kursors.lv\/2025\/12\/05\/2025-gada-viedtalrunu-tendences-un-subjektivakais-tops-pasaule\/\" rel=\"nofollow noopener\" target=\"_blank\">2025. gada viedt\u0101lru\u0146u tendenc\u0113m<\/a>. Un t\u0101 ir interesanta tendence, jo es nepaz\u012bstu nevienu cilv\u0113ku, kas b\u016btu izteicies, ka vi\u0146\u0161 grib\u0113tu pl\u0101n\u0101ku telefonu. Ar lab\u0101k\u0101m kamer\u0101m, j\u0101. Ar liel\u0101ku akumulatoru, j\u0101. Bet k\u0101p\u0113c telefonu ra\u017eot\u0101ji izdom\u0101ja, ka ier\u012bces pl\u0101nums ir kaut kas t\u0101ds, ko pieprasa pirc\u0113ji? Tom\u0113r \u0161\u0101di telefoni ir un \u0161ovasar man bija iesp\u0113ja notest\u0113t \u012bpa\u0161i pl\u0101no <a href=\"https:\/\/kursors.lv\/2025\/09\/09\/samsung-galaxy-s25-edge-ipasi-plana-viedtalruna-apskats-negaidits-parsteigums\/\" rel=\"nofollow noopener\" target=\"_blank\">Samsung Galaxy S25 Edge<\/a>, kas praks\u0113 izr\u0101d\u012bj\u0101s krietni l\u0101dz\u012bg\u0101ks telefons nek\u0101 s\u0101kotn\u0113ji biju dom\u0101jis. Kad \u0161oruden kop\u0101 ar jaunajiem iPhone 17 s\u0113rijas viedt\u0101lru\u0146iem tika izzi\u0146ots \u012bpa\u0161i pl\u0101nais iPhone Air, zin\u0101ju, ka agr\u0101k vai v\u0113l\u0101k notest\u0113\u0161u ar\u012b \u0161o t\u0101lruni. K\u0101du str\u0113\u0137\u012bti laika esmu aizvad\u012bjis ar \u0161o visnota\u013c savdab\u012bgo telefonu un man ir sakr\u0101jies sak\u0101mais.<br \/>\n<a href=\"https:\/\/www.europesays.com\/lv\/wp-content\/uploads\/2025\/12\/Screenshot-2025-12-07-at-17.28.55.png\"><img fetchpriority=\"high\" decoding=\"async\" class=\"wp-image-341082 size-full\" src=\"https:\/\/www.europesays.com\/lv\/wp-content\/uploads\/2025\/12\/Screenshot-2025-12-07-at-17.28.55.png\" alt=\"\" width=\"1363\" height=\"537\"  \/><\/a>iPhone Air ir traki pl\u0101ns telefons\n<\/p>\n<p>Kas visp\u0101r ir <a href=\"https:\/\/www.apple.com\/iphone-air\/\" rel=\"nofollow noopener\" target=\"_blank\">iPhone Air<\/a>? Manupr\u0101t, \u0161o telefonu nevar v\u0113rt\u0113t k\u0101 parastu un praktisku iPhone. Tam \u012bsti nevajag analiz\u0113t ar\u012b cenu. iPhone Air ir cit\u0101d\u0101ks\u00a0aifons, tas ir statusa\u00a0aifons. Sak, nevajag man j\u016bsu parasto iPhone 17, bet es ar\u012b neesmu nek\u0101ds Zavadskis un man nav nepiecie\u0161ams ar\u012b iPhone 17 Pro kameru monstrs. \u0160im telefonam ir lielisks piekl\u0101j\u012bga 6.5 collu izm\u0113ra LTPO OLED tipa displejs ar 120Hz atsvaidzi un seks\u012bgi pl\u0101ns korpuss, ta\u010du ar to visi labumi beidzas. A19 Pro procesors ir mazliet knap\u0101ks par to, ko atrad\u012bsim iPhone 17 Pro telefonos, 3149 mAh akumulators ir maz\u0101ks nek\u0101 \u201cparastajam\u201d iPhone 17 un aizmugur\u0113 ir tikai viena kamera. Ak, j\u0101, \u0161is ir ar\u012b viens no nedaudzajiem jaunajiem telefoniem pasaul\u0113 (un pavisam noteikti viens no pirmajiem Latvij\u0101), kur\u0101 nevar ieb\u0101zt fizisku SIM karti. Te b\u016bs ko no\u0146emties, lai tiktu pie eSIM un p\u0113c tam vajadz\u012bbas gad\u012bjum\u0101 atg\u016btu savam numuram fizisku SIM karti. No jums, l\u016bdzu, ap 1250 eiro.\n<\/p>\n<p><a href=\"https:\/\/www.bite.lv\/lv\/telefoni\" target=\"_blank\" rel=\"noopener nofollow\"><img loading=\"lazy\" decoding=\"async\" class=\"aligncenter wp-image-215760 size-full\" src=\"https:\/\/www.europesays.com\/lv\/wp-content\/uploads\/2025\/12\/Kursors_Bite_Baneris2.jpg\" alt=\"\" width=\"700\" height=\"200\"  \/><\/a>\n<\/p>\n<p>Apple iPhone Air tehnisk\u0101 specifik\u0101cija<\/p>\n<ul>\n<li>Oper\u0113t\u0101jsist\u0113ma: Apple iOS 26<\/li>\n<li>Ekr\u0101ns: 6.5 collu LTPO Super Retina XDR OLED displejs ar 1260 x 2737 pikse\u013cu iz\u0161\u0137irtsp\u0113ju (~460 ppi) un 120Hz atsvaidzi, HDR10, Dolby Vision atbalstu un l\u012bdz 3000 nitu maksim\u0101lo spilgtumu. Ceramic Shield 2 aizsargstikls<\/li>\n<li>Procesors: Apple A19 Pro (3 nm) procesors<\/li>\n<li>Pamatatmi\u0146a un operat\u012bv\u0101 atmi\u0146a: 256GB 12GB RAM, 512GB 12GB RAM, 1TB 12GB RAM<\/li>\n<li>Savienojumi: Wi-Fi 802.11 a\/b\/g\/n\/ac\/6e\/7, tri-band, Bluetooth 6.0 (A2DP, LE), Ultra Wideband (UWB), satel\u012btu SOS sakari, NFC, USB Type-C 2.0, 3G\/4G\/5G mobilie sakari<\/li>\n<li>Pozicion\u0113\u0161ana: GPS, GALILEO, GLONASS, QZSS, BDS, NavIC<\/li>\n<li>Papildu: FaceID sejas atpaz\u012b\u0161ana, \u017eiroskops, kompass, barometrs, IP68 putek\u013cu un \u016bdens aizsardz\u012bba<\/li>\n<li>Kameras:\n<ul>\n<li>48 MP, f\/1.6, 26mm (plat\u0101), 1\/1.56\u2033, 1.0\u00b5m, dual pixel PDAF, sensor-shift OIS<\/li>\n<\/ul>\n<ul>\n<li>18 MP multi-aspect, f\/1.9, 20mm (ultraplat\u0101), PDAF selfiju kamera<\/li>\n<\/ul>\n<\/li>\n<li>Izm\u0113ri un svars: 156.2 x 74.7 x 5.6 mm, 165 grami<\/li>\n<li>Akumulators: 3149 mAh litija jonu, PD 2.0 standarta vada uzl\u0101de, 20W bezvadu MagSafe\/Qi2 uzl\u0101de, 4.5 vatu vada revers\u0101 uzl\u0101de<\/li>\n<li>Cena: ap 1250 eiro<\/li>\n<\/ul>\n<p>Ar iepakojumu un komplekt\u0101ciju ir tie\u0161i t\u0101pat, k\u0101 ar pa\u0161u telefonu. Viss te ir pl\u0101ns. Pl\u0101na kartona kast\u012bte un \u201cpl\u0101na\u201d komplekt\u0101cija. Princip\u0101 kast\u012bt\u0113 ir tikai telefons un t\u0101 uzl\u0101des kabelis. Pat SIM kartes \u0161tubja nav, jo telefon\u0101 fizisku SIM karti nevaram ievietot. Un ar\u012b sienas l\u0101d\u0113t\u0101ja nav, jo Eiropas birokr\u0101ti.\n<\/p>\n<p><a href=\"https:\/\/www.europesays.com\/lv\/wp-content\/uploads\/2025\/12\/20251206_120012.webp.webp\"><img loading=\"lazy\" decoding=\"async\" class=\"aligncenter size-full wp-image-340938\" src=\"https:\/\/www.europesays.com\/lv\/wp-content\/uploads\/2025\/12\/20251206_120012.webp.webp\" alt=\"\" width=\"1500\" height=\"825\"  \/><\/a><a href=\"https:\/\/www.europesays.com\/lv\/wp-content\/uploads\/2025\/12\/20251206_120035.webp.webp\"><img loading=\"lazy\" decoding=\"async\" class=\"aligncenter size-full wp-image-340939\" src=\"https:\/\/www.europesays.com\/lv\/wp-content\/uploads\/2025\/12\/20251206_120035.webp.webp\" alt=\"\" width=\"1500\" height=\"1037\"  \/><\/a>Interesanti, ka iPhone 17 un iPhone 17 Pro kast\u012bt\u0113m virs\u016b ir telefonu bildes no aizmugures, bet iPhone Air gad\u012bjum\u0101 bija j\u0101par\u0101da telefons no s\u0101na. Sak, paskatieties, cik tas pl\u0101ns!\n<\/p>\n<p>\u0100rk\u0101rt\u012bgi pl\u0101ns dizains un kvalitat\u012bva uzb\u016bve<\/p>\n<p>Jau izpakojot un pa\u0146emot rok\u0101 \u0161o telefonu, uzreiz ir skaidrs, ka \u0161is ir cit\u0101d\u0101ks zv\u0113rs. Telefons ir \u0101rpr\u0101t\u012bgi viegls (165 grami) un pl\u0101ns (5.6 mm). Sal\u012bdzin\u0101jumam, Samsung Galaxy S25 Edge sver 163 gramus, bet ir tu\u010d-tu\u010d biez\u0101ks (5.8 mm). Sal\u012bdzinot ar \u201cnorm\u0101liem\u201d telefoniem \u2013 iPhone 17 Pro sver 206 gramus un ir 8.8 mm biezs. \u0160\u012b tik tie\u0161\u0101m ir no parastajiem telefoniem at\u0161\u0137ir\u012bga klase.\n<\/p>\n<p>Bet vis\u0101di cit\u0101di tas izskat\u0101s un darbojas k\u0101\u00a0aifons. Telefonam ir tit\u0101na r\u0101mis, k\u0101 iztur\u012bgs Ceramic Shield stikls priek\u0161\u0101 un aizmugur\u0113. J\u0101, traki pl\u0101na, ta\u010du p\u0113c saj\u016bt\u0101m kvalitat\u012bvi uzb\u016bv\u0113ta ier\u012bce.\n<\/p>\n<p><a href=\"https:\/\/www.europesays.com\/lv\/wp-content\/uploads\/2025\/12\/20251206_120054.webp.webp\"><img loading=\"lazy\" decoding=\"async\" class=\"aligncenter size-full wp-image-340940\" src=\"https:\/\/www.europesays.com\/lv\/wp-content\/uploads\/2025\/12\/20251206_120054.webp.webp\" alt=\"\" width=\"1500\" height=\"1500\"  \/><\/a>Uz testu sa\u0146emtais telefons ir viegli zilgans (Sky Blue), ta\u010du praks\u0113 ier\u012bce izskat\u0101s gl\u012bti mat\u0113ti balta. Ar\u012b p\u0101r\u0113j\u0101s gai\u0161\u0101s kr\u0101sas izskat\u0101s \u013coti\u2026 baltas un tikai melnais iPhone Air ir patie\u0161\u0101m melns. Ja es pats sev pirktu \u0161o telefonu, izv\u0113l\u0113tos to melnu. Tas, protams, ir gaumes jaut\u0101jums.\n<\/p>\n<p><a href=\"https:\/\/www.europesays.com\/lv\/wp-content\/uploads\/2025\/12\/20251206_120112.webp.webp\"><img loading=\"lazy\" decoding=\"async\" class=\"aligncenter size-full wp-image-340941\" src=\"https:\/\/www.europesays.com\/lv\/wp-content\/uploads\/2025\/12\/20251206_120112.webp.webp\" alt=\"\" width=\"1500\" height=\"1500\"  \/><\/a><a href=\"https:\/\/www.europesays.com\/lv\/wp-content\/uploads\/2025\/12\/apple-iphone-air.jpg\"><img loading=\"lazy\" decoding=\"async\" class=\"aligncenter size-full wp-image-340936\" src=\"https:\/\/www.europesays.com\/lv\/wp-content\/uploads\/2025\/12\/apple-iphone-air.jpg\" alt=\"\" width=\"1500\" height=\"847\"  \/><\/a>Telefona labaj\u0101 s\u0101n\u0101 aug\u0161\u0101 ir ekr\u0101na blo\u0137\u0113\u0161anas tausti\u0146\u0161, kas, lai ar\u012b \u013coti pl\u0101ns, ir viegli sataust\u0101ms un pat\u012bkami klik\u0161\u0137, kad uzspie\u017eam. Zem\u0101k ir izvietota kapacit\u012bvi fizisk\u0101 kameras poga, ko m\u0113\u0123in\u0101m iem\u012bl\u0113t kop\u0161 iPhone 16 s\u0113rijas laikiem. Jo vair\u0101k ar to darbojos, jo vair\u0101k pierodu un s\u0101ku nov\u0113rt\u0113t to, cik filigr\u0101ni t\u0101 \u013cauj apieties ar kameru. Telefona otraj\u0101 s\u0101n\u0101 aug\u0161pus\u0113 ir Action poga, kurai varam pie\u0161\u0137irt da\u017e\u0101das funkcijas, piem\u0113ram, iesl\u0113gt kluso re\u017e\u012bmu vai iesl\u0113gt luktur\u012bti. Zem \u0161\u012bs spogas divas fiziskas ska\u013cuma regul\u0113\u0161anas pogas. Visp\u0101r ar pog\u0101m \u0161im telefonam viss ir k\u0101rt\u012bb\u0101 \u2013 visas sav\u0101s viet\u0101s un \u0113rti izmantojamas.\n<\/p>\n<p><a href=\"https:\/\/www.europesays.com\/lv\/wp-content\/uploads\/2025\/12\/20251206_120126.webp.webp\"><img loading=\"lazy\" decoding=\"async\" class=\"aligncenter size-full wp-image-340942\" src=\"https:\/\/www.europesays.com\/lv\/wp-content\/uploads\/2025\/12\/20251206_120126.webp.webp\" alt=\"\" width=\"1500\" height=\"533\"  \/><\/a><a href=\"https:\/\/www.europesays.com\/lv\/wp-content\/uploads\/2025\/12\/20251206_120142.webp.webp\"><img loading=\"lazy\" decoding=\"async\" class=\"aligncenter size-full wp-image-340943\" src=\"https:\/\/www.europesays.com\/lv\/wp-content\/uploads\/2025\/12\/20251206_120142.webp.webp\" alt=\"\" width=\"1500\" height=\"479\"  \/><\/a>Ja telefona aug\u0161pus\u0113 nav nek\u0101, tad apak\u0161\u0101 atrad\u012bsim gan mazas mikrofona rest\u012btes, gan USB-C piesl\u0113gvietu ier\u012bces uzl\u0101dei (slava Eiropas birokr\u0101tiem!) un datu p\u0101rraidei. Un tas ar\u012b viss, fizisku SIM karti \u0161aj\u0101 telefon\u0101 nav kur ieb\u0101zt.\n<\/p>\n<p><a href=\"https:\/\/www.europesays.com\/lv\/wp-content\/uploads\/2025\/12\/20251206_120146.webp.webp\"><img loading=\"lazy\" decoding=\"async\" class=\"aligncenter size-full wp-image-340944\" src=\"https:\/\/www.europesays.com\/lv\/wp-content\/uploads\/2025\/12\/20251206_120146.webp.webp\" alt=\"\" width=\"1500\" height=\"596\"  \/><\/a><a href=\"https:\/\/www.europesays.com\/lv\/wp-content\/uploads\/2025\/12\/20251206_120136.webp.webp\"><img loading=\"lazy\" decoding=\"async\" class=\"aligncenter size-full wp-image-340945\" src=\"https:\/\/www.europesays.com\/lv\/wp-content\/uploads\/2025\/12\/20251206_120136.webp.webp\" alt=\"\" width=\"1500\" height=\"579\"  \/><\/a>\u0160is telefons ir j\u0101pa\u0146em rok\u0101, lai sajustu at\u0161\u0137ir\u012bbu no parastajiem telefoniem. To nek\u0101 cit\u0101d\u0101k caur tekstu un bild\u0113m es nodot nevaru. Latvij\u0101 \u0161im telefonam tie\u0161\u0101kais konkurents ir jau iepriek\u0161 piemin\u0113tais Samsung Galaxy S25 Edge, bet tas ar\u012b saj\u016btu zi\u0146\u0101 ir mazliet liel\u0101ks (tam gan ir mazulieti\u0146 liel\u0101ks displejs un vair\u0101k kameru). Glob\u0101li pl\u0101nus telefonus ra\u017eo v\u0113l ar\u012b citi ra\u017eot\u0101ji (piem\u0113ram, Infinix vai Tecno), ta\u010du \u0161os telefonus pie mums ofici\u0101li nopirkt nevar.\n<\/p>\n<p>Lielisks 6.5 collu LTPO OLED tipa displejs<\/p>\n<p>Viena lieta ar ko \u0161aj\u0101 telefon\u0101 viss ir pavisam labi pavisam noteikti ir t\u0101 displejs. Tas ir gan izm\u0113ros pietiekami liels (6.5 collas), gan apvelt\u012bts ar augstu iz\u0161\u0137irtsp\u0113ju un 120Hz atsvaidzi. T\u012bri tehniski tas ir teju t\u0101ds pats displejs, k\u0101ds ieb\u016bv\u0113ts jaunajos d\u0101rg\u0101 gala iPhone 17 Pro un iPhone 17 Pro Max mode\u013cos. Tikai izm\u0113rs cits.\n<\/p>\n<p><a href=\"https:\/\/www.europesays.com\/lv\/wp-content\/uploads\/2025\/12\/20251206_120101.webp.webp\"><img loading=\"lazy\" decoding=\"async\" class=\"aligncenter size-full wp-image-340946\" src=\"https:\/\/www.europesays.com\/lv\/wp-content\/uploads\/2025\/12\/20251206_120101.webp.webp\" alt=\"\" width=\"1500\" height=\"833\"  \/><\/a>T\u0101 k\u0101 \u0161obr\u012bd m\u0113s dz\u012bvojam pel\u0113kaj\u0101 gada posm\u0101, man ir gr\u016bti pateikt, k\u0101 \u0161is displejs uzved\u012bsies spilgta apgaismojuma apst\u0101k\u013cos, ta\u010du vismaz pagaid\u0101m gan telp\u0101s, gan \u0101rpus\u0113 tas man \u0161\u0137ita adekv\u0101ti spilgts un ar\u012b autom\u0101tisk\u0101 apgaismojuma regul\u0113\u0161anas funkcija nerad\u012bja nek\u0101dus jaut\u0101jumus. Telefons pied\u0101v\u0101 ar\u012b\u00a0Always On displeja funkciju un to varam diezgan gl\u012bti piel\u0101got. Tiesa, ar \u0161itik mazu akumulatoru apr\u012bkotam telefonam lab\u0101k to neizmantot.\n<\/p>\n<p>\u012asum\u0101 \u2013 \u0161is ir lielisks un kvalitat\u012bvs displejs, k\u0101dus m\u0113s jau gadiem esam pieradu\u0161i sa\u0146emt d\u0101rg\u0101 gala aifonos.\n<\/p>\n<p>FaceID sejas atpaz\u012b\u0161ana ir ma\u0123iska<\/p>\n<p>Viena lieta, ko neviens Android telefons \u012bsti v\u0113l nav p\u0101rsp\u0113jis ir Apple izveidot\u0101 FaceID sejas atpaz\u012b\u0161anas sist\u0113ma. T\u0101 darbojas vienk\u0101r\u0161i, prec\u012bzi un dro\u0161i. Katru reizi, kad lietoju iPhone telefonus, esmu star\u0101 par \u0161o funkciju, jo t\u0101 atvieglo dz\u012bvi ik uz so\u013ca. Ar to \u0101tri un prec\u012bzi tiek atblo\u0137\u0113ts displejs, to var izmantot maks\u0101jumu veik\u0161anai un da\u017e\u0101d\u0101s cit\u0101s lietotn\u0113s.\n<\/p>\n<p>Veiktsp\u0113ja ir p\u0101rsteidzo\u0161i augst\u0101 l\u012bmen\u012b<\/p>\n<p>iPhone Air ir tik pl\u0101ns, ka tam noteikti b\u016btu j\u0101atst\u0101j iespaids uz ier\u012bces \u0101trdarb\u012bbu. Gan, j\u0101, gan, n\u0113. Telefons ir apr\u012bkots ar Apple A19 Pro procesoru, kas ir sp\u0113j\u012bg\u0101ks par Apple A19, ko sa\u0146\u0113mis iPhone 17, ta\u010du maz\u0101k jaud\u012bgs par tie\u0161i t\u0101pat nosaukto procesoru, ko izmanto abi iPhone 17 Pro mode\u013ci. At\u0161\u0137ir\u012bba ir t\u0101da, ka iPhone Air procesoram ir par vienu videosist\u0113mas (GPU) kodolu maz\u0101k nek\u0101 Pro mode\u013cos. Toties ir gana daudz operat\u012bv\u0101s atmi\u0146as \u2013 12 GB (t\u0101pat k\u0101 Pro mode\u013ciem) un telefons ir ar\u012b sa\u0146\u0113mis Apple izstr\u0101d\u0101to N1 t\u012bkla procesoru, kas atbalsta bezvadu interneta standartus l\u012bdz pat mod\u012bgajam Wi-Fi 7, k\u0101 ar\u012b Bluetooth 6.0. Ja run\u0101jam par ieb\u016bv\u0113to atmi\u0146u, tad \u0161o telefonu varam nopirkt ar 256 GB, 512 GB vai 1 TB atmi\u0146u. USB-C piesl\u0113gvieta gan darbojas ar aizv\u0113sturisku un l\u0113nu USB-C 2.0 standartu. Attiec\u012bgi, nevaram gaid\u012bt nek\u0101das di\u017ei \u0101tras datu p\u0101rraides ar vadu.\n<\/p>\n<p>K\u0101 redzam p\u0113c Geekbench sint\u0113tisko veiktsp\u0113jas testu rezult\u0101tiem gan procesors, gan videosist\u0113ma sp\u0113j uzr\u0101d\u012bt patie\u0161\u0101m iespaid\u012bgus rezult\u0101tus un iPhone Air pat neskatoties uz savu pl\u0101no korpusu (un attiec\u012bgi slikt\u0101ku dzes\u0113\u0161anu) princip\u0101 ir \u0101tr\u0101ks par iepriek\u0161\u0113j\u0101s paaudzes flagma\u0146iem. Vismaz \u0161\u0101dos \u012bsos testos. Jo ilg\u0101k telefonam liksim dar\u012bt kaut ko smagu, k\u0101, piem\u0113ram, videosp\u0113\u013cu sp\u0113l\u0113\u0161ana vai 4K video film\u0113\u0161ana\/render\u0113\u0161ana, jo \u0101tr\u0101k telefons uzkars\u012bs un b\u016btiski samazin\u0101s savu jaudu.\n<\/p>\n<p>Tom\u0113r ikdienas lieto\u0161an\u0101 (soci\u0101lie t\u012bkli, t\u012bmek\u013ca p\u0101rl\u016bko\u0161ana, e-pastu las\u012b\u0161ana, m\u016bzikas straum\u0113\u0161ana) \u0161is telefons darbojas v\u0101jpr\u0101t\u012bgi ziben\u012bgi. P\u0113d\u0113j\u0101 laik\u0101 es ikdien\u0101 lietoju da\u017e\u0101dus d\u0101rg\u0101 gala jaud\u012bgos Android telefonus, kas darbojas naski, ta\u010du iPhone Air darbojas v\u0113l pl\u016bden\u0101k. Es jau biju piemirsis, ka ar\u012b \u0161is ir viens no iPhone trumpjiem p\u0101r Android telefoniem.\n<\/p>\n<p>V\u0113l p\u0113d\u0113jo reizi \u0161aj\u0101 apskat\u0101 parun\u0101\u0161u par SIM kart\u0113m. K\u0101 jau min\u0113ju iepriek\u0161, \u0161is ir viens no pavisam nedaudziem telefoniem glob\u0101li un pavisam noteikti Latvij\u0101, kas darbojas tikai ar eSIM. Pirms ieg\u0101d\u0101jies \u0161o telefonu, noskaidro pie sava mobilo sakaru operatora, k\u0101 notiek p\u0101reja no tavas fizisk\u0101s SIM kartes uz eSIM un, kas ne maz\u0101k svar\u012bgi, k\u0101 \u0161is process notiek otr\u0101 virzien\u0101. Lai nesan\u0101k situ\u0101cija, ka gad\u012bjum\u0101, ja kaut kas nel\u0101gs atgad\u0101s ar tavu iPhone Air, bet savu numuru izmantot cit\u0101 telefon\u0101 vari vien p\u0113c mobilo sakaru operatora klientu centra apmekl\u0113juma. Man\u0101 gad\u012bjum\u0101 pie v\u0113sturisk\u0101 mobilo sakaru operatora es t\u0101 pa\u0161apkalpo\u0161an\u0101s port\u0101l\u0101 savam numuram var\u0113ju p\u0101ris klik\u0161\u0137u att\u0101lum\u0101 pieteikt SIM kartes mai\u0146u uz eSIM un p\u0113c \u012bsa br\u012b\u017ea jau var\u0113ju ar jauno telefonu nosken\u0113t QR kodu. eSIM p\u0101rv\u0113r\u0161ana par fizisko SIM karti notika turpat pa\u0161apkalpo\u0161an\u0101s port\u0101l\u0101 un p\u0113c t\u0101da pa\u0161a \u012bsa br\u012b\u017ea autom\u0101tiski ats\u0101ka darboties cit\u0101 telefon\u0101 ielikt\u0101 vec\u0101 SIM karte. Aleluja!\n<\/p>\n<p>Neliels akumulators, bet iespaid\u012bga optimiz\u0101cija<\/p>\n<p>\u0160is telefons ir sa\u0146\u0113mis p\u0113c m\u016bsdienu standartiem nelielu 3149 mAh akumulatoru. Bet ar\u012b korpusa biezums ir\u2026 mazs un taj\u0101 nek\u0101du liel\u0101ku akumulatoru nemaz nav iesp\u0113jams iestr\u0101d\u0101t. Tom\u0113r neskatoties uz to iPhone Air sp\u0113j uzr\u0101d\u012bt iespaid\u012bgu darb\u012bbas laiku ar vienu uzl\u0101di un atst\u0101t kaun\u0101 Android telefonus ar krietni liel\u0101kas ietilp\u012bbas akumulatoriem. Princip\u0101 lieki netrakojot iPhone Air sp\u0113s darboties pilnu darba dienu un pats Apple sola 27 stundu darb\u012bbu (video atska\u0146o\u0161ana), kas tikai mazliet atpaliek no iPhone 17 sol\u012btaj\u0101m 30 stund\u0101m (video atska\u0146o\u0161ana). Protams, mums katram at\u0161\u0137irsies telefona lieto\u0161anas paradumi, bet nav t\u0101, ka \u0161is telefons izl\u0101d\u0113sies p\u0101ris stundu laik\u0101. Nav ar\u012b t\u0101, ka to var\u0113sim nel\u0101d\u0113t tr\u012bs dienas. Te tad nu redzam to slaveno Apple programmat\u016bras un dzel\u017eu optimiz\u0101ciju!\n<\/p>\n<p>Telefons pied\u0101v\u0101s vair\u0101kas funkcijas ar kur\u0101m varam paildzin\u0101t gan ier\u012bces darb\u012bbas laiku, gan akumulatora ilgm\u016b\u017e\u012bbu. T\u0101 ir standarta prakse ar\u012b Android telefonos un aicinu piev\u0113rst uzman\u012bbu \u0161\u012bm funkcij\u0101m. M\u016bsdien\u0101s tie d\u0101rg\u0101 gala telefoni maks\u0101 lielu naudu un k\u0101p\u0113c labpr\u0101t\u012bgi nobeigt to akumulatorus, ja to varam nedar\u012bt?\n<\/p>\n<p>iPhone nav tie telefoni no kuriem m\u0113s sagaid\u0101m \u0101tru uzl\u0101di un ar\u012b iPhone Air m\u016bs \u0161aj\u0101 zi\u0146\u0101 nepievi\u013c. \u0160\u012b telefona uzl\u0101di var\u0113tu sal\u012bdzin\u0101t ar led\u0101ju ku\u0161anas \u0101trumu un situ\u0101ciju \u201cgl\u0101bj\u201d tikai tas, ka telefonam ir mazas ietilp\u012bbas akumulators. Ier\u012bce ar vadu uzl\u0101d\u0113jas tikai l\u012bdz nepilnu 20 vatu jaudai un atbalsta ar\u012b MagSafe bezvadu uzl\u0101di. Pusstundas laik\u0101 \u0161o telefonu m\u0113s var\u0113sim uzl\u0101d\u0113t l\u012bdz k\u0101dai pusei, bet pilnai uzl\u0101dei b\u016bs nepiecie\u0161ama aptuveni pusotra stunda. Sal\u012bdzin\u0101jumam, Samsung Galaxy S25 Edge pilns uzl\u0101d\u0113sies par nepilnu pusstundu \u0101tr\u0101k.\n<\/p>\n<p>Starp citu, Apple kop\u0101 ar iPhone Air ir atgriezis p\u0101rdo\u0161an\u0101 MagSafe magn\u0113tisko bateriju, jo laikam saprot, ka \u0161im telefonam t\u0101 var\u0113tu noder\u0113t. T\u0101 gan \u0161o telefonu sp\u0113s uzl\u0101d\u0113t tikai par 65%, bet no jums, l\u016bdzu, 115 eiro.\n<\/p>\n<p><a href=\"https:\/\/www.europesays.com\/lv\/wp-content\/uploads\/2025\/12\/Screenshot-2025-12-07-at-20.09.32.png\"><img loading=\"lazy\" decoding=\"async\" class=\"aligncenter size-full wp-image-341116\" src=\"https:\/\/www.europesays.com\/lv\/wp-content\/uploads\/2025\/12\/Screenshot-2025-12-07-at-20.09.32.png\" alt=\"\" width=\"1283\" height=\"1201\"  \/><\/a>\n<\/p>\n<p>iOS 26 ar Liquid Glass saskarni<\/p>\n<p>iPhone Air darbojas ar t\u0101du pa\u0161u iOS 26, ko sa\u0146emam kop\u0101 ar citiem aktu\u0101l\u0101s paaudzes jaunajiem iPhone viedt\u0101lru\u0146iem un kas pieejama ar\u012b vec\u0101ku paaud\u017eu\u00a0aifoniem. Es kaut k\u0101 neesmu l\u012bdz galam apradis ar jauno Liquid Glass dizainu, jo nesaprotu, k\u0101du tie\u0161i probl\u0113mu \u0161\u012b jaun\u0101 dizaina pieeja risina. Man pat br\u012b\u017eiem tas stiklainuma efekts kaitina un trauc\u0113. Par laimi, to displeja iestat\u012bjumu sada\u013c\u0101 var da\u013c\u0113ji atsl\u0113gt un tad saskarne k\u013c\u016bst mazliet mier\u012bg\u0101ka. Es ar\u012b ne l\u012bdz galam saprotu, k\u0101p\u0113c Apple bija j\u0101m\u0101\u017eojas un j\u0101pied\u0101v\u0101 iesp\u0113ja main\u012bt ikonu dizainu, ko jau gadiem varam dar\u012bt uz Android ier\u012bc\u0113m. Bet atmetot \u0161o manu purpin\u0101\u0161anu par liet\u0101m, ko es nevaru ietekm\u0113t, piez\u012bm\u0113\u0161u tikai to, ka viss kop\u0101 te darbojas stabili un super pl\u016bdeni, k\u0101 ar\u012b iesaku paklik\u0161\u0137in\u0101ties pa da\u017e\u0101d\u0101m Apple lietotn\u0113m, jo vairums no t\u0101m ir krietni p\u0101rstr\u0101d\u0101tas un k\u013cuvu\u0161as \u0113rt\u0101k lietojamas.\n<\/p>\n<p>L\u012bdz ar jauno iOS 26 mazliet uzfri\u0161in\u0101ts ir ar\u012b Apple CarPlay. T\u0101 k\u0101 es ikdien\u0101 ma\u0161\u012bn\u0101 ar visiem maniem telefoniem izmantoju CarPlay un Android Auto, tad gribu teikt, ka beidzot \u0161is iPhone pagarin\u0101jums izskat\u0101s lab\u0101k un darbojas \u0113rt\u0101k. Protams, Android Auto kopum\u0101 man \u0161\u0137iet m\u016bsu pus\u0113 lab\u0101ka sist\u0113ma.\n<\/p>\n<p><a href=\"https:\/\/www.europesays.com\/lv\/wp-content\/uploads\/2025\/12\/ios26-carplay.webp.webp\"><img loading=\"lazy\" decoding=\"async\" class=\"aligncenter size-full wp-image-341112\" src=\"https:\/\/www.europesays.com\/lv\/wp-content\/uploads\/2025\/12\/ios26-carplay.webp.webp\" alt=\"\" width=\"1200\" height=\"675\"  \/><\/a>T\u0101pat beidzot pie mums s\u0101k non\u0101kt kaut k\u0101di Apple Intelligence labumi. Protams, katram pa\u0161am j\u0101saprot, kas no t\u0101 visa ir izmantojams, ta\u010du tagad varam\u00a0aifonos izmantot Googles Circle to Search alternat\u012bvu (tiesa, ar ekstra soli) un vismaz ar angliskajiem epastiem varam izmantot apkopo\u0161anas funkciju. T\u0101 darbojas, bet ne vienm\u0113r un pat kad darbojas, ne visu laiku paredzami. Apple v\u0113l tik, tik daudz j\u0101izdara, lai m\u0101ksl\u012bg\u0101 intelekta jom\u0101 pietuvotos Android ier\u012bc\u0113m.\n<\/p>\n<p>Necila ska\u0146a, bet pietikami laba vibr\u0101cija<\/p>\n<p>Ar ska\u0146u ir t\u0101 interesanti. iPhone Air vizu\u0101li izskat\u0101s, ka ska\u013crunim b\u016btu j\u0101b\u016bt ier\u012bces apak\u0161\u0101, jo tur ta\u010du ir atveres. Tom\u0113r nek\u0101da ska\u013cru\u0146a tur nav un vien\u012bgais ska\u013crunis ir tas, kas ieb\u016bv\u0113ts virs displeja un reiz\u0113 kalpo ar\u012b k\u0101 balss zvanu ska\u013crunis. Attiec\u012bgi, nek\u0101da di\u017e\u0101 skan\u0113\u0161ana te nesan\u0101ks. Balss zvaniem ar ska\u013cumu un kvalit\u0101ti princip\u0101 ir pietiekami (bet ne perfekti), ta\u010du ska\u013caj\u0101 re\u017e\u012bm\u0101 telefona skan\u0113jumu es nosauktu par viduv\u0113ju un sliktu, ja pagriez\u012bsim ska\u013cumu virs k\u0101diem 60%. Bet nek\u0101ds di\u017ei pat\u012bkamais skan\u0113jums nebija ar\u012b Samsung Galaxy S25 Edge un t\u0101da laikam ir \u0161o pl\u0101no telefonu b\u016bt\u012bba. Mikrofonu sist\u0113ma gan savu darbu dara godam un ar\u012b vibr\u0113 telefons pietiekami sp\u0113c\u012bgi un nians\u0113ti. Par \u0161o aspektu man p\u0101rmetumu nav.<br \/>\n<a href=\"https:\/\/cdn.kursors.lv\/2025\/12\/iPhone-Air-mic.wav\" rel=\"nofollow noopener\" target=\"_blank\">https:\/\/cdn.kursors.lv\/2025\/12\/iPhone-Air-mic.wav<\/a>\n<\/p>\n<p>Vienas kameras telefons<\/p>\n<p>OK, esam noskaidroju\u0161i, ka ar veiktsp\u0113ju un baterijas darb\u012bbu \u0161im telefonam princip\u0101 viss ir diezgan labi. Bet kas ir ar kameras sp\u0113j\u0101m, jo \u0161im telefonam aizmugur\u0113 ir nevis divas kameras, k\u0101, piem\u0113ram, Samsung Galaxy S25 Edge, bet tikai viena?\n<\/p>\n<p>Apple iPhone Air ir apr\u012bkots ar \u0161\u0101d\u0101m kamer\u0101m:\n<\/p>\n<ul>\n<li>48 MP, f\/1.6, 26mm (plat\u0101), 1\/1.56\u2033, 1.0\u00b5m, dual pixel PDAF, sensor-shift OIS<\/li>\n<li>18 MP multi-aspect, f\/1.9, 20mm (ultraplat\u0101), PDAF selfiju kamera<\/li>\n<\/ul>\n<p>T\u0101 k\u0101 ier\u012bces pl\u0101naj\u0101 korpus\u0101 nek\u0101du di\u017eo kameru sist\u0113mu ieb\u016bv\u0113t fiziski nebija iesp\u0113jams, Apple izv\u0113l\u0113j\u0101s ier\u012bces aizmugur\u0113 iestr\u0101d\u0101t vienu 48 megapikse\u013cu 1\/1.56\u2033 tipa kameru, k\u0101du varam atrast parastaj\u0101 iPhone 17. T\u0101tad, nek\u0101du di\u017eo sniegumu te sagaid\u012bt nevajadz\u0113tu. Man ar\u012b nepat\u012bk, k\u0101 vizu\u0101li izskat\u0101s \u0161\u012b viena kameras acs. Kameras izcilnis ir j\u016btams un ar\u012b kameras acti\u0146a ir mazliet piepacelta virs t\u0101. Noteikti. noder\u0113s k\u0101ds v\u0101ci\u0146\u0161, kas \u0161os pampakus izl\u012bdzina, bet\u2026 tad tas ar\u012b liks telefonam zaud\u0113t iespaid\u012bgo pl\u0101nu. Paskat, vienas vien\u012bgas probl\u0113mas.\n<\/p>\n<p><a href=\"https:\/\/www.europesays.com\/lv\/wp-content\/uploads\/2025\/12\/20251206_120154.webp.webp\"><img loading=\"lazy\" decoding=\"async\" class=\"aligncenter size-full wp-image-340953\" src=\"https:\/\/www.europesays.com\/lv\/wp-content\/uploads\/2025\/12\/20251206_120154.webp.webp\" alt=\"\" width=\"1500\" height=\"953\"  \/><\/a><a href=\"https:\/\/www.europesays.com\/lv\/wp-content\/uploads\/2025\/12\/20251206_120200.webp.webp\"><img loading=\"lazy\" decoding=\"async\" class=\"aligncenter size-full wp-image-340954\" src=\"https:\/\/www.europesays.com\/lv\/wp-content\/uploads\/2025\/12\/20251206_120200.webp.webp\" alt=\"\" width=\"1500\" height=\"578\"  \/><\/a>Krietni interesant\u0101ka ir iPhone Air priek\u0161\u0113j\u0101 kamera. Tai varb\u016bt nav iespaid\u012bgs megapikse\u013cu skaits (18 MP), ta\u010du tai ir nepierastas formas sensors un kamera atbalsta Apple izveidoto Center Stage funkciju, kas autom\u0101tiski \u013cauj iekadr\u0113t run\u0101t\u0101ju. Tas noder videozvanos, ta\u010du ar\u012b uz\u0146emot vienk\u0101r\u0161us selfijus, kamera prec\u012bz\u0101k sp\u0113s iekadr\u0113t m\u016bs. T\u0101pat ar \u0161o jauno kameru varam uz\u0146emt portreta un ainavas tipa (landscape) selfijus negrozot telefonu. Tas ir kas nebijis.\n<\/p>\n<p>Katru reizi, kad Apple prezent\u0113 savus Pro\u00a0aifonus un pusstundu st\u0101sta par kameru funkcij\u0101m, es izsl\u0113dzos. Man\u00a0aifons\u00a0pat\u012bk ar to, ka tas ir telefons ar ko absol\u016bti autom\u0101tisk\u0101 re\u017e\u012bm\u0101 bez nek\u0101d\u0101m papildus darb\u012bb\u0101m var uz\u0146emt labas kvalit\u0101tes att\u0113lus da\u017e\u0101dos apst\u0101k\u013cos. Un ar\u012b iPhone Air kameras lietotni es izklik\u0161\u0137in\u0101ju, lai apskat\u012btos funkcijas, kuras nekad nelietoju, ta\u010du ikdien\u0101 ar \u0161o telefonu ar\u012b bild\u0113ju piln\u012bb\u0101 autom\u0101tiskaj\u0101 re\u017e\u012bm\u0101.\n<\/p>\n<p><a href=\"https:\/\/www.europesays.com\/lv\/wp-content\/uploads\/2025\/12\/IMG_0070.png\"><img loading=\"lazy\" decoding=\"async\" class=\"aligncenter size-full wp-image-341136\" src=\"https:\/\/www.europesays.com\/lv\/wp-content\/uploads\/2025\/12\/IMG_0070.png\" alt=\"\" width=\"2736\" height=\"1260\"  \/><\/a>\n<\/p>\n<p>P\u0113c \u0101rzemju apskatnieku pieredzes secinu, ka laba apgaismojuma apst\u0101k\u013cos (lasi, saulain\u0101 dien\u0101) ar iPhone Air varam uz\u0146emt patie\u0161\u0101m labas kvalit\u0101tes att\u0113lus. Bet \u0161obr\u012bd pie mums nav nevienas pa\u0161as saulainas dienas un varam redz\u0113t, ka pel\u0113c\u012bgos apst\u0101k\u013cos \u0161is telefons uz\u0146em\u2026 pel\u0113c\u012bgas bildes. L\u012bdzko apk\u0101rt k\u013c\u016bst tum\u0161\u0101ks, att\u0113li k\u013c\u016bst v\u0113l maz\u0101k baud\u0101mi. Bet atceramies, t\u0101 ir tikai viena kamera un ja skat\u0101mies uz \u0161o jaut\u0101jumu no t\u0101das puses, tad rezult\u0101ts nav nemaz tik slikts. K\u0101 jau es rakst\u012bju pa\u0161\u0101 apskata s\u0101kum\u0101, ja mums vajag telefonu pavisam vienk\u0101r\u0161ai ikdienas notikumu piefiks\u0113\u0161anai, tad neb\u016bs ne vainas. Vasar\u0101 visp\u0101r b\u016bt pat labi. L\u012bdzko gribam vair\u0101k \u0137imer\u0113ties ar bild\u0113\u0161anu vai film\u0113\u0161anu, mans ieteikums b\u016btu apskat\u012bties citus telefonus. Vair\u0101k kameru tom\u0113r ir vair\u0101k iesp\u0113ju.\n<\/p>\n<p>Secin\u0101jumi:\u00a0Aifons k\u0101\u00a0aifons, bet tikai super pl\u0101ns<\/p>\n<p>iPhone Air ir interesants viedt\u0101lrunis un pavisam ne\u0161aub\u012bgi tas ir\u00a0aifons. J\u0101, pl\u0101n\u0101ks un viegl\u0101ks par citiem mode\u013ciem, bet tas ir t\u012brasi\u0146u\u00a0aifons. Tam ir lielisks displejs, super pl\u016bdena darb\u012bba un visi Apple ekosist\u0113mas labumi, kas pieejami citiem\u00a0aifoniem. Tikai uzl\u0101d\u0113t \u0161o telefonu vajadz\u0113s bie\u017e\u0101k un ar\u012b bild\u0113 tas k\u0101 paaudzi vai divas vecs vienk\u0101r\u0161\u0101kas klases\u00a0aifons.\n<\/p>\n<p>Testa laik\u0101 man patika \u0161o telefonu tur\u0113t rok\u0101s un es apbr\u012bnoju Apple in\u017eenieru sp\u0113jas tik pl\u0101n\u0101 un viegl\u0101 ier\u012bc\u0113 iestr\u0101d\u0101t tik l\u0101dz\u012bgu telefonu. Es \u0161o telefonu var\u0113tu bez probl\u0113m\u0101m turpin\u0101t lietot, ta\u010du vai es pats par savu naudu pirktu iPhone Air? Visdr\u012bz\u0101k, n\u0113. Es pats nopirktu visparast\u0101ko un l\u0113t\u0101ko iPhone 17 un naudas starp\u012bbu izt\u0113r\u0113tu kvalitat\u012bv\u0101 \u0101das v\u0101ci\u0146\u0101 un div\u0101s Coca-Cola akcij\u0101s. Kuru\u00a0aifonu tu \u0161obr\u012bd pirktu?\n<\/p>\n<p>Patika\n<\/p>\n<ul>\n<li>Fantastisks displejs<\/li>\n<li>Pl\u0101nais un vieglais korpuss ir ma\u0123isks<\/li>\n<li>Super pl\u016bdena darb\u012bba ikdien\u0101<\/li>\n<\/ul>\n<p>Nepatika\n<\/p>\n<ul>\n<li>\u0160o telefonu tom\u0113r b\u016bs j\u0101uzl\u0101d\u0113 bie\u017e\u0101k un uzl\u0101de ir l\u0113na<\/li>\n<li>Viena kamera tom\u0113r ir tikai viena kamera<\/li>\n<li>Necila ska\u0146a<\/li>\n<li>Nesp\u0113ja ievietot fizisku SIM karti<\/li>\n<\/ul>\n","protected":false},"excerpt":{"rendered":"Pat\u012bk tas mums vai n\u0113, bet \u012bpa\u0161i pl\u0101nie viedt\u0101lru\u0146i ir viena no izteikt\u0101m 2025. gada viedt\u0101lru\u0146u tendenc\u0113m. Un&hellip;\n","protected":false},"author":2,"featured_media":68159,"comment_status":"","ping_status":"","sticky":false,"template":"","format":"standard","meta":{"footnotes":""},"categories":[19],"tags":[89,90,35,39,38,36,37,34,40],"class_list":{"0":"post-68158","1":"post","2":"type-post","3":"status-publish","4":"format-standard","5":"has-post-thumbnail","7":"category-izklaide","8":"tag-entertainment","9":"tag-izklaide","10":"tag-latvia","11":"tag-latvian","12":"tag-latviesu","13":"tag-latviesu-valoda","14":"tag-latviesuvaloda","15":"tag-latvija","16":"tag-lv"},"share_on_mastodon":{"url":"https:\/\/pubeurope.com\/@lv\/115679920504265096","error":""},"_links":{"self":[{"href":"https:\/\/www.europesays.com\/lv\/wp-json\/wp\/v2\/posts\/68158","targetHints":{"allow":["GET"]}}],"collection":[{"href":"https:\/\/www.europesays.com\/lv\/wp-json\/wp\/v2\/posts"}],"about":[{"href":"https:\/\/www.europesays.com\/lv\/wp-json\/wp\/v2\/types\/post"}],"author":[{"embeddable":true,"href":"https:\/\/www.europesays.com\/lv\/wp-json\/wp\/v2\/users\/2"}],"replies":[{"embeddable":true,"href":"https:\/\/www.europesays.com\/lv\/wp-json\/wp\/v2\/comments?post=68158"}],"version-history":[{"count":0,"href":"https:\/\/www.europesays.com\/lv\/wp-json\/wp\/v2\/posts\/68158\/revisions"}],"wp:featuredmedia":[{"embeddable":true,"href":"https:\/\/www.europesays.com\/lv\/wp-json\/wp\/v2\/media\/68159"}],"wp:attachment":[{"href":"https:\/\/www.europesays.com\/lv\/wp-json\/wp\/v2\/media?parent=68158"}],"wp:term":[{"taxonomy":"category","embeddable":true,"href":"https:\/\/www.europesays.com\/lv\/wp-json\/wp\/v2\/categories?post=68158"},{"taxonomy":"post_tag","embeddable":true,"href":"https:\/\/www.europesays.com\/lv\/wp-json\/wp\/v2\/tags?post=68158"}],"curies":[{"name":"wp","href":"https:\/\/api.w.org\/{rel}","templated":true}]}}