{"id":68164,"date":"2025-12-07T19:28:11","date_gmt":"2025-12-07T19:28:11","guid":{"rendered":"https:\/\/www.europesays.com\/lv\/68164\/"},"modified":"2025-12-07T19:28:11","modified_gmt":"2025-12-07T19:28:11","slug":"volfa-iedzisana-pakapjas-uz-23-vietu-un-sasniedz-karjeras-rekordu","status":"publish","type":"post","link":"https:\/\/www.europesays.com\/lv\/68164\/","title":{"rendered":"Volfa iedz\u012b\u0161an\u0101 pak\u0101pjas uz 23. vietu un sasniedz karjeras rekordu"},"content":{"rendered":"<blockquote class=\"twitter-tweet\" data-width=\"550\" data-dnt=\"true\">\n<p lang=\"en\" dir=\"ltr\">What a showdown in the final loop! \ud83e\udd29<\/p>\n<p>\ud83c\udde6\ud83c\uddf9Lisa Hauser storms to victory \u2014 her first win since Dec 2022, ending a 59-race podium drought.<\/p>\n<p>Watch the flower ceremony live on <a href=\"https:\/\/t.co\/p8ATzITmbR\" rel=\"nofollow\">https:\/\/t.co\/p8ATzITmbR<\/a> and <a href=\"https:\/\/t.co\/8WieDPZaQf\" rel=\"nofollow\">https:\/\/t.co\/8WieDPZaQf<\/a> <a href=\"https:\/\/t.co\/TQJ18YGLNH\" rel=\"nofollow\">pic.twitter.com\/TQJ18YGLNH<\/a><\/p>\n<p>\u2014 International Biathlon Union (@biathlonworld) <a href=\"https:\/\/twitter.com\/biathlonworld\/status\/1997651911948767323?ref_src=twsrc%5Etfw\" rel=\"nofollow noopener\" target=\"_blank\">December 7, 2025<\/a><\/p>\n<\/blockquote>\n<p>Tre\u0161\u0101 fini\u0161\u0113ja zviedriete Anna Magnusone, kura veica vienu soda apli un no uzvar\u0113t\u0101jas atpalika 31,8 sekundes.<\/p>\n<p>Volfa \u0161\u0101va nek\u013c\u016bd\u012bgi, uzvar\u0113t\u0101jai zaud\u0113jot divas min\u016btes un tr\u012bs sekundes. 19. vieta bija nepilnu \u010detru sekun\u017eu att\u0101lum\u0101. Bendika m\u0113roja \u010detrus soda ap\u013cus, uzvar\u0113t\u0101jai zaud\u0113jot tr\u012bs min\u016btes un 27,2 sekundes.<\/p>\n<p>Bendika start\u0113ja ar 20. un Volfa \u2013 ar 44. numuru 60 sportistu vid\u016b, distanci s\u0101kot attiec\u012bgi min\u016bti un 13 un min\u016bti un 49 sekundes aiz Minkinenas. Bendika pirmaj\u0101 \u0161au\u0161an\u0101 gu\u013cus k\u013c\u016bd\u012bj\u0101s un tras\u0113 dev\u0101s k\u0101 30., bet Volfa \u0161\u0101va prec\u012bzi un pak\u0101p\u0101s uz 41. vietu.<\/p>\n<p>Ar\u012b otraj\u0101 \u0161au\u0161an\u0101 gu\u013cus Volfa aizv\u0113ra visus m\u0113r\u0137us, kas \u013c\u0101va pak\u0101pties uz 33. vietu, bet Bendika m\u0113roja v\u0113l divus soda ap\u013cus un tras\u0113 atgriez\u0101s 50. poz\u012bcij\u0101. Volfa ar\u012b st\u0101vus \u0161au\u0161anu s\u0101ka ar 100% precizit\u0101ti un pac\u0113l\u0101s par v\u0113l devi\u0146\u0101m poz\u012bcij\u0101m, savuk\u0101rt Bendika p\u0113c vienas k\u013c\u016bdas savu vietu nemain\u012bja.<\/p>\n<p>Volfa turpin\u0101ja \u0161aut nek\u013c\u016bd\u012bgi un p\u0113d\u0113jo apli s\u0101ka 21. viet\u0101, kam\u0113r Bendikai visi aizv\u0113rti m\u0113r\u0137i \u013c\u0101va pak\u0101pties uz 42. poz\u012bciju.<\/p>\n<p class=\"ad-desc ad-desc-main\">Saturs turpin\u0101s p\u0113c rekl\u0101mas<\/p>\n<p class=\"ad-desc ad-desc-sec\">Rekl\u0101ma<\/p>\n<p>Pasaules kausa sacens\u012bb\u0101s \u0161osezon ir devi\u0146i posmi. Decembra vid\u016b biatlonisti sacent\u012bsies Hohfilcen\u0113 Austrij\u0101, bet p\u0113c ned\u0113\u013cas \u2013 Francijas tras\u0113 Ans\u012b. P\u0113c jaun\u0101 gada notiks Pasaules kausa sacens\u012bbas V\u0101cijas tras\u0113s Oberhof\u0101 un R\u016bpolding\u0101, k\u0101 ar\u012b \u010cehijas pils\u0113t\u0101 Nove Mesto. No 8. l\u012bdz 21. febru\u0101rim biatlonisti start\u0113s olimpiskaj\u0101s sp\u0113l\u0113s It\u0101lij\u0101, bet mart\u0101 notiks v\u0113l tr\u012bs Pasaules kausa posmi Kontiolahti, Otep\u0113 un Holmenkollen\u0101.<\/p>\n<p class=\"tv3-fw-500\">Zi\u0146o par k\u013c\u016bdu rakst\u0101<\/p>\n<p class=\"d-md-block d-none\">Iez\u012bm\u0113 k\u013c\u016bdaino tekstu un spied Ctrl+Enter.<\/p>\n<p class=\"d-md-none d-block\">Iez\u012bm\u0113 k\u013c\u016bdaino tekstu un zi\u0146o par to!<\/p>\n<p>                <script async src=\"https:\/\/platform.twitter.com\/widgets.js\" charset=\"utf-8\"><\/script><\/p>\n","protected":false},"excerpt":{"rendered":"What a showdown in the final loop! \ud83e\udd29 \ud83c\udde6\ud83c\uddf9Lisa Hauser storms to victory \u2014 her first win since&hellip;\n","protected":false},"author":2,"featured_media":68165,"comment_status":"","ping_status":"","sticky":false,"template":"","format":"standard","meta":{"footnotes":""},"categories":[5],"tags":[23,17505,28,29,32,33,22,30,31,35,39,38,36,37,34,40,20,26,27,24,25,21],"class_list":{"0":"post-68164","1":"post","2":"type-post","3":"status-publish","4":"format-standard","5":"has-post-thumbnail","7":"category-aktualitates","8":"tag-aktualitates","9":"tag-biatlonsestere-volfapasaules-kauss-biatlona","10":"tag-breaking-news","11":"tag-breakingnews","12":"tag-featured-news","13":"tag-featurednews","14":"tag-headlines","15":"tag-latest-news","16":"tag-latestnews","17":"tag-latvia","18":"tag-latvian","19":"tag-latviesu","20":"tag-latviesu-valoda","21":"tag-latviesuvaloda","22":"tag-latvija","23":"tag-lv","24":"tag-news","25":"tag-popularakas-zinas","26":"tag-popularakaszinas","27":"tag-top-stories","28":"tag-topstories","29":"tag-zinas"},"share_on_mastodon":{"url":"https:\/\/pubeurope.com\/@lv\/115679940060840013","error":""},"_links":{"self":[{"href":"https:\/\/www.europesays.com\/lv\/wp-json\/wp\/v2\/posts\/68164","targetHints":{"allow":["GET"]}}],"collection":[{"href":"https:\/\/www.europesays.com\/lv\/wp-json\/wp\/v2\/posts"}],"about":[{"href":"https:\/\/www.europesays.com\/lv\/wp-json\/wp\/v2\/types\/post"}],"author":[{"embeddable":true,"href":"https:\/\/www.europesays.com\/lv\/wp-json\/wp\/v2\/users\/2"}],"replies":[{"embeddable":true,"href":"https:\/\/www.europesays.com\/lv\/wp-json\/wp\/v2\/comments?post=68164"}],"version-history":[{"count":0,"href":"https:\/\/www.europesays.com\/lv\/wp-json\/wp\/v2\/posts\/68164\/revisions"}],"wp:featuredmedia":[{"embeddable":true,"href":"https:\/\/www.europesays.com\/lv\/wp-json\/wp\/v2\/media\/68165"}],"wp:attachment":[{"href":"https:\/\/www.europesays.com\/lv\/wp-json\/wp\/v2\/media?parent=68164"}],"wp:term":[{"taxonomy":"category","embeddable":true,"href":"https:\/\/www.europesays.com\/lv\/wp-json\/wp\/v2\/categories?post=68164"},{"taxonomy":"post_tag","embeddable":true,"href":"https:\/\/www.europesays.com\/lv\/wp-json\/wp\/v2\/tags?post=68164"}],"curies":[{"name":"wp","href":"https:\/\/api.w.org\/{rel}","templated":true}]}}