{"id":68180,"date":"2025-12-07T19:47:07","date_gmt":"2025-12-07T19:47:07","guid":{"rendered":"https:\/\/www.europesays.com\/lv\/68180\/"},"modified":"2025-12-07T19:47:07","modified_gmt":"2025-12-07T19:47:07","slug":"agnesse-prezente-dziesmu-oh-my-my-supernova-2026-pusfinalam","status":"publish","type":"post","link":"https:\/\/www.europesays.com\/lv\/68180\/","title":{"rendered":"Agnesse prezent\u0113 dziesmu \u201cOh My My\u201d Supernova 2026 pusfin\u0101lam"},"content":{"rendered":"<p class=\"descr\">Dzied\u0101t\u0101ja Agnesse (\u012bstaj\u0101 v\u0101rd\u0101 Agnese Stengrevica) izdevusi deju popa stilistik\u0101 ietur\u0113tu dziesmu \u201cOh My My\u201d, ar kuru m\u016bzi\u0137e start\u0113s konkursa \u201cSupernova 2026\u201d pusfin\u0101l\u0101 (un, cerams, ar\u012b fin\u0101l\u0101).<\/p>\n<p>\u201cOh My My\u201d tapusi dziesmu rakst\u012b\u0161anas nometn\u0113 \u0160veic\u0113, sadarbojoties ar D\u017eeikobu Markmanu (Jacob Markman), Berl\u012bn\u0113 dz\u012bvojo\u0161u elektronisk\u0101s m\u016bzikas producentu un izpild\u012bt\u0101ju, k\u0101 ar\u012b \u017dilb\u0113ru Go\u010di (Gilbert Gauci) &#8211; autoru no Maltas, kur\u0161 raksta m\u016bziku gan izpild\u012bt\u0101jiem, gan TV \u0161oviem. L\u012bdz ar to nav br\u012bnums, ka Agnesses dziesma san\u0101kusi rietumnieciska, bet ar\u012b t\u0101da, ko dro\u0161u sirdi var\u0113tu atr\u0101d\u012bt pras\u012bgajiem <a href=\"https:\/\/nra.lv\/birka\/supernova\/\" rel=\"nofollow noopener\" target=\"_blank\">Eirov\u012bzijas<\/a> klaus\u012bt\u0101jiem un skat\u012bt\u0101jiem.<\/p>\n<p>\u201cAgnesse dziesmas raksta, balstoties uz savu dz\u012bves pieredzi, un, to p\u0101rv\u0113rt\u0113jot, atrod veidu, k\u0101 to izst\u0101st\u012bt viegl\u0101, melodisk\u0101 popdziesm\u0101 &#8211; \u201cOh My My\u201d nav iz\u0146\u0113mums. T\u0101 v\u0113sta par atbr\u012bvo\u0161anos no citu gaid\u0101m &#8211; no spiediena izpatikt, iek\u013cauties vai dz\u012bvot p\u0113c k\u0101da cita v\u0113lm\u0113m un uzskatiem,\u201d t\u0101 dzied\u0101t\u0101jas atbalsta komanda.<\/p>\n<p>\u201cDziesma svin uztic\u0113\u0161anos savai sirdsbalsij un savas paties\u0101s b\u016bt\u012bbas apzin\u0101\u0161anos. Uz\u0146emoties atbild\u012bbu par to, ko dari un radi, ar laiku tu par to k\u013c\u016bsi. \u0160\u012b dziesma aicina ko\u0137et\u0113t ar dz\u012bvi,\u201d piebilst pati Agnesse.<\/p>\n<p>Agnesei jeb <a href=\"https:\/\/nra.lv\/birka\/agnesse\/\" rel=\"nofollow noopener\" target=\"_blank\">Agnessei<\/a> ir jau diezgan liela pieredze m\u016bzik\u0101, tostarp vi\u0146a ar dziesmu \u201cYou Are My World\u201d piedal\u012bj\u0101s 2018. gada \u201cSupernov\u0101\u201d, kur iemantoja pla\u0161\u0101kas auditorijas atpaz\u012bstam\u012bbu. Singls \u201cSaku Tev at\u0101\u201d 2020. gad\u0101 iek\u013cuva Radio 5 \u201cLatvie\u0161u m\u016bzikas Top 20\u201d, bet 2024. gad\u0101 izn\u0101ca Agnesses mini albums \u201cUz aug\u0161u\u201d.<\/p>\n<p>Dzied\u0101t\u0101ja Bekingem\u0161\u012bras universit\u0101t\u0113 Lielbrit\u0101nij\u0101 stud\u0113jusi m\u016bzikas rakst\u012b\u0161anu, k\u0101 ar\u012b m\u016bzikas mened\u017ementu, savuk\u0101rt darba pieredzi ieguvusi Zviedrij\u0101, ierakstu komp\u0101nij\u0101 \u201cRepute Records\u201d.<\/p>\n","protected":false},"excerpt":{"rendered":"Dzied\u0101t\u0101ja Agnesse (\u012bstaj\u0101 v\u0101rd\u0101 Agnese Stengrevica) izdevusi deju popa stilistik\u0101 ietur\u0113tu dziesmu \u201cOh My My\u201d, ar kuru m\u016bzi\u0137e&hellip;\n","protected":false},"author":2,"featured_media":68181,"comment_status":"","ping_status":"","sticky":false,"template":"","format":"standard","meta":{"footnotes":""},"categories":[19],"tags":[89,90,35,39,38,36,37,34,40],"class_list":{"0":"post-68180","1":"post","2":"type-post","3":"status-publish","4":"format-standard","5":"has-post-thumbnail","7":"category-izklaide","8":"tag-entertainment","9":"tag-izklaide","10":"tag-latvia","11":"tag-latvian","12":"tag-latviesu","13":"tag-latviesu-valoda","14":"tag-latviesuvaloda","15":"tag-latvija","16":"tag-lv"},"share_on_mastodon":{"url":"https:\/\/pubeurope.com\/@lv\/115680014692122849","error":""},"_links":{"self":[{"href":"https:\/\/www.europesays.com\/lv\/wp-json\/wp\/v2\/posts\/68180","targetHints":{"allow":["GET"]}}],"collection":[{"href":"https:\/\/www.europesays.com\/lv\/wp-json\/wp\/v2\/posts"}],"about":[{"href":"https:\/\/www.europesays.com\/lv\/wp-json\/wp\/v2\/types\/post"}],"author":[{"embeddable":true,"href":"https:\/\/www.europesays.com\/lv\/wp-json\/wp\/v2\/users\/2"}],"replies":[{"embeddable":true,"href":"https:\/\/www.europesays.com\/lv\/wp-json\/wp\/v2\/comments?post=68180"}],"version-history":[{"count":0,"href":"https:\/\/www.europesays.com\/lv\/wp-json\/wp\/v2\/posts\/68180\/revisions"}],"wp:featuredmedia":[{"embeddable":true,"href":"https:\/\/www.europesays.com\/lv\/wp-json\/wp\/v2\/media\/68181"}],"wp:attachment":[{"href":"https:\/\/www.europesays.com\/lv\/wp-json\/wp\/v2\/media?parent=68180"}],"wp:term":[{"taxonomy":"category","embeddable":true,"href":"https:\/\/www.europesays.com\/lv\/wp-json\/wp\/v2\/categories?post=68180"},{"taxonomy":"post_tag","embeddable":true,"href":"https:\/\/www.europesays.com\/lv\/wp-json\/wp\/v2\/tags?post=68180"}],"curies":[{"name":"wp","href":"https:\/\/api.w.org\/{rel}","templated":true}]}}