{"id":68187,"date":"2025-12-07T19:53:07","date_gmt":"2025-12-07T19:53:07","guid":{"rendered":"https:\/\/www.europesays.com\/lv\/68187\/"},"modified":"2025-12-07T19:53:07","modified_gmt":"2025-12-07T19:53:07","slug":"dzons-vilsons-atklaj-nujorkas-dveseli-apvienojot-komediju-un-patiesus-padomus-lente-lv","status":"publish","type":"post","link":"https:\/\/www.europesays.com\/lv\/68187\/","title":{"rendered":"D\u017eons Vilsons atkl\u0101j \u0145ujorkas dv\u0113seli, apvienojot kom\u0113diju un patiesus padomus\u00a0\u2014\u00a0Lente.lv"},"content":{"rendered":"<p>Seri\u0101la &#8220;D\u017eona Vilsona padomi&#8221; unik\u0101lais skat\u012bjums uz \u0145ujorku<\/p>\n<p>Amerik\u0101\u0146u dokument\u0101lais kom\u0113dijseri\u0101ls &#8220;D\u017eona Vilsona padomi&#8221; pied\u0101v\u0101 svaigu un aizkustino\u0161u skat\u012bjumu uz dz\u012bvi \u0145ujork\u0101, apvienojot D\u017eona Vilsona person\u012bgos piedz\u012bvojumus ar dzi\u013ciem cilv\u0113ciskiem st\u0101stiem. Seri\u0101la galvenais varonis, re\u017eisors D\u017eons Vilsons, dodas pils\u0113tas iel\u0101s, lai ne tikai sniegtu padomus tiem, kas vi\u0146am uzrun\u0101, bet ar\u012b uzklaus\u012btu vi\u0146u raizes un s\u016bdz\u012bbas. \u0160\u012bs sarunas bie\u017ei vien tiek p\u0101rv\u0113rstas par humoristisk\u0101m et\u012bd\u0113m, kas spilgti par\u0101da, ka dz\u012bve nav tik pel\u0113ka, k\u0101 da\u017ek\u0101rt \u0161\u0137iet.<\/p>\n<p>Humors un dzi\u013cums ikdieni\u0161\u0137\u0101s situ\u0101cij\u0101s<\/p>\n<p>Vilsons ar savu unik\u0101lo pieeju sp\u0113j atrast smalko robe\u017eu starp kom\u0113diju un sirsn\u012bgu emp\u0101tiju. Vi\u0146a sp\u0113ja p\u0101rv\u0113rst ikdieni\u0161\u0137as probl\u0113mas par smiekliem izraiso\u0161iem notikumiem ir aizraujo\u0161a. Seri\u0101ls nebaid\u0101s pieskarties ar\u012b nopietn\u0101k\u0101m t\u0113m\u0101m, ta\u010du vienm\u0113r to dara ar vieglumu un optimismu, sniedzot skat\u012bt\u0101jiem cer\u012bbu un p\u0101rliec\u012bbu, ka pat sare\u017e\u0123\u012btos br\u012b\u017eos ir iesp\u0113jams saskat\u012bt pozit\u012bvo.<\/p>\n<p>D\u017eona Vilsona padomi \u2013 vair\u0101k nek\u0101 tikai padomi<\/p>\n<p>&#8220;D\u017eona Vilsona padomi&#8221; ir vair\u0101k nek\u0101 vienk\u0101r\u0161i dokument\u0101ls seri\u0101ls; tas ir ce\u013cojums caur cilv\u0113ciskaj\u0101m emocij\u0101m un pieredz\u0113m \u0145ujorkas dinamiskaj\u0101 vid\u0113. Katra s\u0113rija atkl\u0101j jaunus st\u0101stus un iepaz\u012bstina ar da\u017e\u0101diem cilv\u0113kiem, kuru dz\u012bves, lai ar\u012b at\u0161\u0137ir\u012bgas, vieno v\u0113lme p\u0113c izpratnes un atbalsta. Seri\u0101ls ir pieejams HBO Max platform\u0101, pied\u0101v\u0101jot skat\u012bt\u0101jiem iesp\u0113ju baud\u012bt Vilsona aspr\u0101t\u012bbu un gudr\u012bbu par abon\u0113\u0161anas maksu s\u0101kot no 9.99 \u20ac m\u0113nes\u012b.<\/p>\n","protected":false},"excerpt":{"rendered":"Seri\u0101la &#8220;D\u017eona Vilsona padomi&#8221; unik\u0101lais skat\u012bjums uz \u0145ujorku Amerik\u0101\u0146u dokument\u0101lais kom\u0113dijseri\u0101ls &#8220;D\u017eona Vilsona padomi&#8221; pied\u0101v\u0101 svaigu un aizkustino\u0161u&hellip;\n","protected":false},"author":2,"featured_media":68188,"comment_status":"","ping_status":"","sticky":false,"template":"","format":"standard","meta":{"footnotes":""},"categories":[19],"tags":[10928,17510,17508,89,90,17509,35,39,38,36,37,34,40,880],"class_list":{"0":"post-68187","1":"post","2":"type-post","3":"status-publish","4":"format-standard","5":"has-post-thumbnail","7":"category-izklaide","8":"tag-dokumentalais-serials","9":"tag-dzives-padomi","10":"tag-dzons-vilsons","11":"tag-entertainment","12":"tag-izklaide","13":"tag-komedijserials","14":"tag-latvia","15":"tag-latvian","16":"tag-latviesu","17":"tag-latviesu-valoda","18":"tag-latviesuvaloda","19":"tag-latvija","20":"tag-lv","21":"tag-nujorka"},"share_on_mastodon":{"url":"https:\/\/pubeurope.com\/@lv\/115680038397459169","error":""},"_links":{"self":[{"href":"https:\/\/www.europesays.com\/lv\/wp-json\/wp\/v2\/posts\/68187","targetHints":{"allow":["GET"]}}],"collection":[{"href":"https:\/\/www.europesays.com\/lv\/wp-json\/wp\/v2\/posts"}],"about":[{"href":"https:\/\/www.europesays.com\/lv\/wp-json\/wp\/v2\/types\/post"}],"author":[{"embeddable":true,"href":"https:\/\/www.europesays.com\/lv\/wp-json\/wp\/v2\/users\/2"}],"replies":[{"embeddable":true,"href":"https:\/\/www.europesays.com\/lv\/wp-json\/wp\/v2\/comments?post=68187"}],"version-history":[{"count":0,"href":"https:\/\/www.europesays.com\/lv\/wp-json\/wp\/v2\/posts\/68187\/revisions"}],"wp:featuredmedia":[{"embeddable":true,"href":"https:\/\/www.europesays.com\/lv\/wp-json\/wp\/v2\/media\/68188"}],"wp:attachment":[{"href":"https:\/\/www.europesays.com\/lv\/wp-json\/wp\/v2\/media?parent=68187"}],"wp:term":[{"taxonomy":"category","embeddable":true,"href":"https:\/\/www.europesays.com\/lv\/wp-json\/wp\/v2\/categories?post=68187"},{"taxonomy":"post_tag","embeddable":true,"href":"https:\/\/www.europesays.com\/lv\/wp-json\/wp\/v2\/tags?post=68187"}],"curies":[{"name":"wp","href":"https:\/\/api.w.org\/{rel}","templated":true}]}}