{"id":68193,"date":"2025-12-07T19:57:07","date_gmt":"2025-12-07T19:57:07","guid":{"rendered":"https:\/\/www.europesays.com\/lv\/68193\/"},"modified":"2025-12-07T19:57:07","modified_gmt":"2025-12-07T19:57:07","slug":"ja-nbs-uzskata-ka-sliedes-uz-krieviju-janojauc-tad-ta-jadara","status":"publish","type":"post","link":"https:\/\/www.europesays.com\/lv\/68193\/","title":{"rendered":"Ja NBS uzskata, ka sliedes uz Krieviju j\u0101nojauc, tad t\u0101 j\u0101dara"},"content":{"rendered":"<p><a href=\"https:\/\/www.apollo.lv\/term\/555949\/ludza\" class=\"topicLink\" target=\"_blank\" rel=\"nofollow noopener\">Ludza<\/a> ir viena no liel\u0101kaj\u0101m pierobe\u017eas pa\u0161vald\u012bb\u0101m \u2013 \u0101r\u0113j\u0101 robe\u017ea ar Krieviju stiepjas vair\u0101k nek\u0101 100 kilometru garum\u0101. Novad\u0101 dz\u012bvo ap 20 t\u016bksto\u0161iem iedz\u012bvot\u0101ju. Nek\u0101 person\u012bga jau st\u0101st\u012bja, ka par \u0161o dzelzce\u013cu savienojumu b\u012bstam\u012bbu br\u012bdin\u0101ja ASV un Latvijas dro\u0161\u012bbas anal\u012bti\u0137i.<\/p>\n<p>Nacion\u0101lie bru\u0146otie sp\u0113ki aicin\u0101ju\u0161i r\u012bkoties un sliedes likvid\u0113t, bet politi\u0137i par to run\u0101 izvair\u012bgi &#8211; j\u0101gaida atzinumi par l\u0113muma ietekmi uz tautsaimniec\u012bbu. \u010cetr\u0101m ministrij\u0101m un valsts dro\u0161\u012bbas iest\u0101d\u0113m l\u012bdz gada beig\u0101m vald\u012bbai par to j\u0101sniedz savs v\u0113rt\u0113jums.<\/p>\n<p>Galvenais arguments pret slie\u017eu nojauk\u0161anu ir, ka dzelzce\u013c\u0161 Latviju savieno ar Centr\u0101l\u0101ziju, piem\u0113ram, Kazahst\u0101nu, un t\u0101 sl\u0113g\u0161ana rad\u012btu zaud\u0113jumus Latvijas Dzelzce\u013cam un ost\u0101m. Cik liela b\u016btu ietekme, neviens pagaid\u0101m pateikt nevar \u2013 to v\u0113rt\u0113jot Satiksmes ministrij\u0101.<\/p>\n<p>Pa dzelzce\u013cu p\u0101rvad\u0101to kravu apjoms p\u0113d\u0113jo 10 gadu laik\u0101 sarucis vair\u0101k nek\u0101 7 reizes \u2013 no 55,6 miljoniem tonnu 2015. l\u012bdz 8,5 miljoniem tonnu \u0161ogad. 2023.gad\u0101 gandr\u012bz puse dzelzce\u013ca p\u0101rvad\u0101to kravu bija Krievijas, bet tagad krievu preces veido tikai ceturto da\u013cu. Visvair\u0101k \u0161ogad ievesta lopbar\u012bba \u2013 ap 0,5 miljoniem, un graudu produkti ap 0,2 miljoniem tonnu.<\/p>\n","protected":false},"excerpt":{"rendered":"Ludza ir viena no liel\u0101kaj\u0101m pierobe\u017eas pa\u0161vald\u012bb\u0101m \u2013 \u0101r\u0113j\u0101 robe\u017ea ar Krieviju stiepjas vair\u0101k nek\u0101 100 kilometru garum\u0101.&hellip;\n","protected":false},"author":2,"featured_media":68194,"comment_status":"","ping_status":"","sticky":false,"template":"","format":"standard","meta":{"footnotes":""},"categories":[12],"tags":[23,28,29,32,33,22,234,30,31,35,39,38,36,37,34,17409,40,20,26,27,16062,24,25,21],"class_list":{"0":"post-68193","1":"post","2":"type-post","3":"status-publish","4":"format-standard","5":"has-post-thumbnail","7":"category-latvija","8":"tag-aktualitates","9":"tag-breaking-news","10":"tag-breakingnews","11":"tag-featured-news","12":"tag-featurednews","13":"tag-headlines","14":"tag-krievija","15":"tag-latest-news","16":"tag-latestnews","17":"tag-latvia","18":"tag-latvian","19":"tag-latviesu","20":"tag-latviesu-valoda","21":"tag-latviesuvaloda","22":"tag-latvija","23":"tag-ludza","24":"tag-lv","25":"tag-news","26":"tag-popularakas-zinas","27":"tag-popularakaszinas","28":"tag-sliedes","29":"tag-top-stories","30":"tag-topstories","31":"tag-zinas"},"share_on_mastodon":{"url":"https:\/\/pubeurope.com\/@lv\/115680054183667910","error":""},"_links":{"self":[{"href":"https:\/\/www.europesays.com\/lv\/wp-json\/wp\/v2\/posts\/68193","targetHints":{"allow":["GET"]}}],"collection":[{"href":"https:\/\/www.europesays.com\/lv\/wp-json\/wp\/v2\/posts"}],"about":[{"href":"https:\/\/www.europesays.com\/lv\/wp-json\/wp\/v2\/types\/post"}],"author":[{"embeddable":true,"href":"https:\/\/www.europesays.com\/lv\/wp-json\/wp\/v2\/users\/2"}],"replies":[{"embeddable":true,"href":"https:\/\/www.europesays.com\/lv\/wp-json\/wp\/v2\/comments?post=68193"}],"version-history":[{"count":0,"href":"https:\/\/www.europesays.com\/lv\/wp-json\/wp\/v2\/posts\/68193\/revisions"}],"wp:featuredmedia":[{"embeddable":true,"href":"https:\/\/www.europesays.com\/lv\/wp-json\/wp\/v2\/media\/68194"}],"wp:attachment":[{"href":"https:\/\/www.europesays.com\/lv\/wp-json\/wp\/v2\/media?parent=68193"}],"wp:term":[{"taxonomy":"category","embeddable":true,"href":"https:\/\/www.europesays.com\/lv\/wp-json\/wp\/v2\/categories?post=68193"},{"taxonomy":"post_tag","embeddable":true,"href":"https:\/\/www.europesays.com\/lv\/wp-json\/wp\/v2\/tags?post=68193"}],"curies":[{"name":"wp","href":"https:\/\/api.w.org\/{rel}","templated":true}]}}