{"id":68199,"date":"2025-12-07T20:02:14","date_gmt":"2025-12-07T20:02:14","guid":{"rendered":"https:\/\/www.europesays.com\/lv\/68199\/"},"modified":"2025-12-07T20:02:14","modified_gmt":"2025-12-07T20:02:14","slug":"vacija-lidrobotu-raditais-apdraudejums-aviacijai-parkapejiem-draud-lidz-10-gadu-cietumsods","status":"publish","type":"post","link":"https:\/\/www.europesays.com\/lv\/68199\/","title":{"rendered":"V\u0101cij\u0101 lidrobotu rad\u012btais apdraud\u0113jums avi\u0101cijai \u2013 p\u0101rk\u0101p\u0113jiem draud l\u012bdz 10 gadu cietumsods"},"content":{"rendered":"<p>V\u0101cij\u0101 pieaudzis gad\u012bjumu skaits, kad lidroboti b\u012bstami pietuvoju\u0161ies pilot\u0113jamiem lidapar\u0101tiem, zi\u0146o V\u0101cijas gaisa dro\u0161\u012bbas dienests (DFS).<\/p>\n<p>\u0160ogad l\u012bdz novembra beig\u0101m re\u0123istr\u0113ti 208 gad\u012bjumi, kad bezpilota lidapar\u0101ti rad\u012bju\u0161i draudus avi\u0101cijai, kas ir par 149 gad\u012bjumiem vair\u0101k nek\u0101 taj\u0101 pa\u0161\u0101 laika period\u0101 p\u0113rn, kam\u0113r visa 2024. gada laik\u0101 tika re\u0123istr\u0113ts 161 \u0161\u0101ds gad\u012bjums.<\/p>\n<p>DFS nor\u0101da, ka re\u0123istr\u0113ti ir gad\u012bjumi, kad lidroboti b\u012bstami tuvu pielidoju\u0161i civilaj\u0101m lidma\u0161\u012bn\u0101m vai avi\u0101cijas objektiem.<\/p>\n<p>Vair\u0101kk\u0101rt p\u0101rtraukts liel\u0101ko lidostu darbs, jo aizlieguma zon\u0101 paman\u012bti lidroboti. Vairum\u0101 gad\u012bjumu bezpilota lidapar\u0101tu operatori nav noskaidroti, un varasiest\u0101des arvien bie\u017e\u0101k l\u012bdztekus nepieredz\u0113ju\u0161iem entuziastiem aizdom\u0101s tur teroristus vai citu valstu izl\u016bkdienestus.<\/p>\n<p>Zi\u0146as par paman\u012btajiem lidrobotiem pamat\u0101 sniedz piloti, gaisa satiksmes dispe\u010deri vai policijas jaunuzst\u0101d\u012bt\u0101s nov\u0113ro\u0161anas sist\u0113mas. DFS atz\u012bsts, ka re\u0123istr\u0113to incidentu skaita pieaugumu zin\u0101m\u0101 m\u0113r\u0101 rada pastiprin\u0101t\u0101 nov\u0113ro\u0161ana.<\/p>\n<p>Gandr\u012bz tr\u012bs ceturtda\u013cas jeb 74% lidrobotu paman\u012bti pie liel\u0101kaj\u0101m lidost\u0101m. V\u0101cijas liel\u0101k\u0101 lidosta Frankfurt\u0113 \u0161\u012b gada pirmajos 11 m\u0113ne\u0161os re\u0123istr\u0113jusi 45 lidrobotu izrais\u012btus incidentus, kam\u0113r p\u0113rn taj\u0101 pa\u0161\u0101 laika period\u0101 tika fiks\u0113ti tikai 17 \u0161\u0101di gad\u012bjumi.<\/p>\n<p>Tikm\u0113r \u0136elnes\/Bonnas lidost\u0101 re\u0123istr\u0113ti 14 \u0161\u0101di gad\u012bjumi, Hamburgas lidost\u0101 \u2013 13, Minhenes lidost\u0101 \u2013 12, bet Berl\u012bn\u0113 \u2013 asto\u0146i.<\/p>\n<p>V\u0101cijas likumi aizliedz lidrobotu lidojumus net\u0101lu no lidma\u0161\u012bnu skrejce\u013ciem un pieprasa iev\u0113rot vismaz 1,5 kilometru lielu distanci. \u0160o noteikumu p\u0101rk\u0101p\u0161ana var tikt atz\u012bta par b\u012bstamu gaisa satiksmes trauc\u0113\u0161anu, par ko draud desmit gadu ilgs cietumsods.<\/p>\n<p><img decoding=\"async\" src=\"https:\/\/www.europesays.com\/lv\/wp-content\/uploads\/2025\/12\/1f6b8f2f1ff24f2f39cccc89d8d9f669.jpg\" title=\"Bonnas lidosta. Foto: REUTERS\/Thilo Schmuelgen\/ Scanpix\" alt=\"Bonnas lidosta. Foto: REUTERS\/Thilo Schmuelgen\/ Scanpix\"\/><\/p>\n<p class=\"article-img-desc\">Bonnas lidosta. Foto: REUTERS\/Thilo Schmuelgen\/ Scanpix<\/p>\n","protected":false},"excerpt":{"rendered":"V\u0101cij\u0101 pieaudzis gad\u012bjumu skaits, kad lidroboti b\u012bstami pietuvoju\u0161ies pilot\u0113jamiem lidapar\u0101tiem, zi\u0146o V\u0101cijas gaisa dro\u0161\u012bbas dienests (DFS). \u0160ogad l\u012bdz&hellip;\n","protected":false},"author":2,"featured_media":68200,"comment_status":"","ping_status":"","sticky":false,"template":"","format":"standard","meta":{"footnotes":""},"categories":[14],"tags":[129,1450,11356,2103,636,23,57,28,29,32,33,22,30,31,35,39,38,36,37,34,40,20,26,27,1451,2104,11357,637,1452,2105,11358,638,24,25,54,55,56,21,58],"class_list":{"0":"post-68199","1":"post","2":"type-post","3":"status-publish","4":"format-standard","5":"has-post-thumbnail","7":"category-zinas-no-arvalstim","8":"tag-__typenameadvicekeyword","9":"tag-id1045","10":"tag-id1924","11":"tag-id651","12":"tag-id654","13":"tag-aktualitates","14":"tag-arvalstim","15":"tag-breaking-news","16":"tag-breakingnews","17":"tag-featured-news","18":"tag-featurednews","19":"tag-headlines","20":"tag-latest-news","21":"tag-latestnews","22":"tag-latvia","23":"tag-latvian","24":"tag-latviesu","25":"tag-latviesu-valoda","26":"tag-latviesuvaloda","27":"tag-latvija","28":"tag-lv","29":"tag-news","30":"tag-popularakas-zinas","31":"tag-popularakaszinas","32":"tag-slugdrosiba","33":"tag-sluglidmasinas-aviacija","34":"tag-sluglidosta","35":"tag-slugvacija","36":"tag-titledrosiba","37":"tag-titlelidmasinas-aviacija","38":"tag-titlelidosta","39":"tag-titlevacija","40":"tag-top-stories","41":"tag-topstories","42":"tag-world","43":"tag-world-news","44":"tag-worldnews","45":"tag-zinas","46":"tag-zinas-no-arvalstim"},"share_on_mastodon":{"url":"","error":"Validation failed: Text character limit of 500 exceeded"},"_links":{"self":[{"href":"https:\/\/www.europesays.com\/lv\/wp-json\/wp\/v2\/posts\/68199","targetHints":{"allow":["GET"]}}],"collection":[{"href":"https:\/\/www.europesays.com\/lv\/wp-json\/wp\/v2\/posts"}],"about":[{"href":"https:\/\/www.europesays.com\/lv\/wp-json\/wp\/v2\/types\/post"}],"author":[{"embeddable":true,"href":"https:\/\/www.europesays.com\/lv\/wp-json\/wp\/v2\/users\/2"}],"replies":[{"embeddable":true,"href":"https:\/\/www.europesays.com\/lv\/wp-json\/wp\/v2\/comments?post=68199"}],"version-history":[{"count":0,"href":"https:\/\/www.europesays.com\/lv\/wp-json\/wp\/v2\/posts\/68199\/revisions"}],"wp:featuredmedia":[{"embeddable":true,"href":"https:\/\/www.europesays.com\/lv\/wp-json\/wp\/v2\/media\/68200"}],"wp:attachment":[{"href":"https:\/\/www.europesays.com\/lv\/wp-json\/wp\/v2\/media?parent=68199"}],"wp:term":[{"taxonomy":"category","embeddable":true,"href":"https:\/\/www.europesays.com\/lv\/wp-json\/wp\/v2\/categories?post=68199"},{"taxonomy":"post_tag","embeddable":true,"href":"https:\/\/www.europesays.com\/lv\/wp-json\/wp\/v2\/tags?post=68199"}],"curies":[{"name":"wp","href":"https:\/\/api.w.org\/{rel}","templated":true}]}}