{"id":68210,"date":"2025-12-07T20:15:08","date_gmt":"2025-12-07T20:15:08","guid":{"rendered":"https:\/\/www.europesays.com\/lv\/68210\/"},"modified":"2025-12-07T20:15:08","modified_gmt":"2025-12-07T20:15:08","slug":"paliativas-aprupes-parbaudes-latvija-atklatas-neatbilstibas-un-zaudejumi","status":"publish","type":"post","link":"https:\/\/www.europesays.com\/lv\/68210\/","title":{"rendered":"Paliat\u012bv\u0101s apr\u016bpes p\u0101rbaudes Latvij\u0101: atkl\u0101tas neatbilst\u012bbas un zaud\u0113jumi"},"content":{"rendered":"<p class=\"descr\">Lai atvieglotu dz\u012bves p\u0113d\u0113jo posmu ne\u0101rst\u0113jami slimiem pacientiem, visos re\u0123ionos otro gadu pieejama valsts apmaks\u0101ta apr\u016bpe m\u0101j\u0101s jeb hospiss. To veic iepirkum\u0101 atlas\u012bti pakalpojumu sniedz\u0113ji ar mobil\u0101m komand\u0101m. Ta\u010du \u0161obr\u012bd izr\u0101d\u012bjies, ka dz\u012bv\u0113 viss notiek ne t\u0101, k\u0101 izm\u0113\u0123in\u0101juma period\u0101. Pakalpojuma sniedz\u0113jiem atpras\u012bts vair\u0101k nek\u0101 pusmiljons eiro, zi\u0146o Latvijas Telev\u012bzijas raid\u012bjums \u201cde facto\u201d. \u0160obr\u012bd mekl\u0113 veidus, k\u0101 main\u012bt pakalpojumu un t\u0101 apmaksas k\u0101rt\u012bbu, lai finans\u0113jumu izlietotu m\u0113r\u0137\u0113ti, un lai neciestu pacientu apr\u016bpe.<\/p>\n<p>\u0160ogad papildu vesel\u012bbas bud\u017eet\u0101 jau ieliktajiem 6,7 miljoniem eiro, no l\u012bdzek\u013ciem neparedz\u0113tiem gad\u012bjumiem pie\u0161\u0137\u012bra v\u0113l se\u0161us, lai pakalpojumu var\u0113tu turpin\u0101t sniegt &#8211; to nevar kvot\u0113t un uz to gaid\u012b\u0161anas rindas veidot ir necilv\u0113c\u012bgi.<\/p>\n<p>Latvij\u0101 nu jau otro gadu ne\u0101rst\u0113jamiem pacientiem vi\u0146u p\u0113d\u0113j\u0101 dz\u012bves c\u0113lien\u0101, ir iesp\u0113ja sa\u0146emt valsts apmaks\u0101tu paliat\u012bv\u0101s apr\u016bpes mobil\u0101s komandas pakalpojumu. Pie nosac\u012bjuma, ja ir \u0101rstu konsilija sl\u0113dziens par paredzam\u0101 m\u016b\u017ea ilgumu l\u012bdz se\u0161iem m\u0113ne\u0161iem.<\/p>\n<p>\u201cUzs\u0101kot pakalpojumu, m\u0113s \u013coti daudz komunic\u0113jam gan ar \u0123imenes \u0101rstiem, gan ar slimn\u012bc\u0101m, gan ar\u012b sniedzam inform\u0101ciju iedz\u012bvot\u0101jiem par \u0161o pakalpojumu, lai visiem b\u016btu pla\u0161\u0101ka inform\u0101cija, ka \u0161is pakalpojums ir pieejams. Un dro\u0161i vien \u0161eit liela loma ir gan \u0123imenes \u0101rstiem un stacion\u0101riem, kas nos\u016bta uz \u0161iem kons\u012blijiem,\u201d nor\u0101da Nacion\u0101l\u0101 vesel\u012bbas dienesta (NVD) \u0100rstniec\u012bbas departamenta projektu vad\u012bt\u0101ja J\u016blija Voropajeva.<\/p>\n<p>Latvija sadal\u012bta se\u0161os re\u0123ionos, konkurs\u0101 atlas\u012bti \u010detri pakalpojumu sniedz\u0113ji uz pieciem gadiem (l\u012bdz 2028.gadam, ieskaitot). Ja abas pakalpojuma da\u013cas &#8211; medic\u012bnas un soci\u0101lo &#8211; sniedz piln\u0101 apjom\u0101, tad tie ir gandr\u012bz 97 eiro dien\u0101 par pacientu, neatkar\u012bgi no t\u0101, cik bie\u017ei pie vi\u0146a aizbraukts.<\/p>\n<p>Savus pacientus visbie\u017e\u0101k apmekl\u0113ju\u0161i medic\u012bnas speci\u0101listi (\u0101rsta pal\u012bgs vai m\u0101sa, \u0101rsts, funkcion\u0101lais speci\u0101lists &#8211; vid\u0113ji m\u0113nes\u012b) no SIA \u201cCilv\u0113ks\u201d, kam seko \u201cMagnum Social &amp;Medical Care\u201d, ko pla\u0161\u0101k paz\u012bst ar nosaukumu \u201cR\u016bre\u201d, p\u0113c tam \u201cMed4U\u201d, bet visret\u0101k &#8211; \u201cHospiss M\u0101ja\u201d, liecina NVD dokumenti par 2024. un 2025. gadu. \u0160obr\u012bd nav paredz\u0113ts, ka pakalpojumu k\u0101d\u0101 br\u012bd\u012b p\u0101rskat\u012btu, t\u0101d\u0113\u013c tas var turpin\u0101ties l\u012bdz pat cilv\u0113ka aizie\u0161anai m\u016b\u017e\u012bb\u0101, ar\u012b, ja tas ir ilg\u0101k par pusgadu.<\/p>\n<p>Otrais pakalpojuma gads v\u0113l nebija pus\u0113, kad bija skaidrs, ka atv\u0113l\u0113tais finans\u0113jums strauji izs\u012bkst, un ne t\u0101d\u0113\u013c, ka atbalstu b\u016btu sa\u0146\u0113mis vair\u0101k pacientu nek\u0101 pl\u0101nots.<\/p>\n<p>\u201cSamarie\u0161i-Med4U\u201d paliat\u012bv\u0101s apr\u016bpes mobil\u0101s komandas vad\u012bt\u0101ja Inta Gerharde st\u0101sta: \u201cT\u0101 probl\u0113ma varb\u016bt ir t\u0101, ka nav konkr\u0113ti noteikta \u0161\u012b m\u0113r\u0137a auditorija, kam tie\u0161i pien\u0101kas \u0161is pakalpojums. T\u0101 ir t\u0101 probl\u0113ma, k\u0101p\u0113c ar\u012b t\u0101s finanses nepietiek \u0161obr\u012bd, jo mums, m\u016bsu pakalpojum\u0101 ir ien\u0101ku\u0161i tie pacienti, kas dz\u012bvo \u013coti ilgi. Mums, piem\u0113ram, ir t\u0101di pacienti, kas vair\u0101kus gadus jau ir m\u016bsu apr\u016bp\u0113. Un tas nebija iepriek\u0161 paredz\u0113ts.\u201d<\/p>\n<p>Visliel\u0101kais pacientu skaits &#8211; 1403, vid\u0113j\u0101s viena pacienta izmaksas &#8211; 4825, un ar\u012b kop\u0113j\u0101 samaks\u0101t\u0101 summa \u0161ogad devi\u0146os m\u0113ne\u0161os bijusi \u201cR\u016brei\u201d &#8211; 6,76 miljoni eiro. Tie veido gandr\u012bz 70 procentus no visa \u0161ogad valsts apmaks\u0101t\u0101 pakalpojuma kopsummas, kas ir 9,76 miljoni.<\/p>\n<p>\u201cR\u016bre\u201d sav\u0101 zi\u0146\u0101 veidojusi mobil\u0101 apr\u016bpes pakalpojuma pamatu &#8211; ne p\u0101r\u0101k ilgi p\u0113c firmas nodibin\u0101\u0161anas tai uztic\u0113ja \u012bstenot pilotprojektu. P\u0113c t\u0101 secin\u0101ja, ka vid\u0113ji hospisa pacients nodz\u012bvo 51 dienu, \u0161ai laik\u0101 izmaks\u0101jot 2350 eiro.<\/p>\n<p>Ta\u010du tagad aina cita, un \u201cR\u016bres\u201d pacients dz\u012bvo divreiz ilg\u0101k, un attiec\u012bgi ar\u012b aug vid\u0113j\u0101s izmaksas. Bet p\u0101r\u0113j\u0101m firm\u0101m \u0161ie r\u0101d\u012bt\u0101ji ir tuv\u0101k izm\u0113\u0123in\u0101juma periodam. \u201cR\u016br\u0113\u201d uzsver &#8211; tas ta\u010du ir labi, ka vi\u0146u pacienti dz\u012bvo ilg\u0101k.<\/p>\n<p>* Vid\u0113jie izdevumi par pacientu (NVD dati, 2025.g. janv\u0101ris-septembris):<\/p>\n<tr>\n<td>\n<p>Uz\u0146\u0113mums<\/p>\n<\/td>\n<td>\n<p>Vid\u0113jais dienu skaits uz pacientu<\/p>\n<\/td>\n<td>\n<p> Vid\u0113j\u0101s izmaksas uz pacientu (eiro)<\/p>\n<\/td>\n<\/tr>\n<tr>\n<td>\n<p>\u201cMagnum Social&amp; Medical Care\u201d<\/p>\n<\/td>\n<td>\n<p>108<\/p>\n<\/td>\n<td>\n<p>4825<\/p>\n<\/td>\n<\/tr>\n<tr>\n<td>\n<p>SIA \u201cCilv\u0113ks\u201d<\/p>\n<\/td>\n<td>\n<p>69<\/p>\n<\/td>\n<td>\n<p>3091<\/p>\n<\/td>\n<\/tr>\n<tr>\n<td>\n<p>\u201cSamarie\u0161i-med4U\u201d<\/p>\n<\/td>\n<td>\n<p>65<\/p>\n<\/td>\n<td>\n<p>2900<\/p>\n<\/td>\n<\/tr>\n<tr>\n<td>\n<p>\u201cHospiss M\u0101ja\u201d<\/p>\n<\/td>\n<td>\n<p>59<\/p>\n<\/td>\n<td>\n<p>2653<\/p>\n<\/td>\n<\/tr>\n<p>\u201cM\u0113s saskat\u0101m, ka varb\u016bt ne visi pacienti, kas sa\u0146em \u0161o pakalpojumu, tie\u0161i \u0161\u0101ds pakalpojums b\u016btu nepiecie\u0161ams gan p\u0113c dz\u012bvildzes, gan ar\u012b p\u0113c pakalpojuma intensit\u0101tes. Jo m\u0113s redzam &#8211; jo ilg\u0101k pacients sa\u0146em \u0161o pakalpojumu, jo zem\u0101ka vid\u0113j\u0101 intensit\u0101te &#8211; tas noz\u012bm\u0113, ka maz\u0101k \u0101rsta viz\u012btes, maz\u0101k \u0101rsta pal\u012bga vai m\u0101sas viz\u012btes, funkcion\u0101l\u0101 speci\u0101listu viz\u012btes tiek nodro\u0161in\u0101tas \u0161iem pacientiem, un \u0161os pacientus, iesp\u0113jams, var\u0113tu virz\u012bt uz zem\u0101kas intensit\u0101tes pakalpojumu, piem\u0113ram, m\u0101jas apr\u016bpi, kas ir pieejama,\u201d nor\u0101da NVD amatpersona Voropajeva.<\/p>\n<p>Tas nenoz\u012bm\u0113 atst\u0101\u0161anu bez atbalsta, ta\u010du tie\u0161i hospisa jeb p\u0113d\u0113j\u0101 posma pakalpojums ir visintens\u012bv\u0101kais un attiec\u012bgi &#8211; d\u0101rg\u0101kais. Un paliat\u012bv\u0101s apr\u016bpes speci\u0101lista ieskat\u0101 norm\u0101la prakse b\u016btu, piem\u0113ram, p\u0113c pirmajiem se\u0161iem m\u0113ne\u0161iem p\u0101rskat\u012bt paliat\u012bvajam pacientam nepiecie\u0161amo medic\u012bnas un soci\u0101l\u0101s apr\u016bpes l\u012bmeni.<\/p>\n<p>\u201cJa pacients atrodas m\u0101j\u0101s, ja vi\u0146a st\u0101voklis ir stabils un ir kaut k\u0101ds plato, tad vi\u0146am t\u0101 komanda nav nepiecie\u0161ama, to var noteikt \u0123imenes \u0101rsts. Un tad ir t\u0101, ja tas pakalpojums ir nepiecie\u0161ams, tad ir jaut\u0101jums, vai ir nepiecie\u0161ams atk\u0101rtots kons\u012blijs,\u201d st\u0101sta R\u012bgas Austrumu kl\u012bnisk\u0101s universit\u0101tes slimn\u012bcas Paliat\u012bv\u0101s apr\u016bpes noda\u013cas vad\u012bt\u0101js Vilnis Sos\u0101rs.<\/p>\n<p>\u201cR\u016bres\u201d \u012bpa\u0161nieks un vad\u012bt\u0101js Kristi\u0101ns D\u0101vis ir medi\u0137is, paral\u0113li studij\u0101m savulaik str\u0101d\u0101jis ar\u012b Neatliekam\u0101s pal\u012bdz\u012bbas dienest\u0101. Bet k\u0101dreiz\u0113jais \u0161\u012b dienesta vad\u012bt\u0101js Armands Plori\u0146\u0161 nu ir vi\u0146a sadarb\u012bbas partneris un padomdev\u0113js. Plori\u0146u ties\u0101 par amata noziegumiem, radot valstij liela apm\u0113ra zaud\u0113jumus.<\/p>\n<p>Pirm\u0101 instance vi\u0146u attaisnojusi, bet spriedums ir p\u0101rs\u016bdz\u0113ts un nav st\u0101jies sp\u0113k\u0101. K\u0101p\u0113c darbam uz\u0146\u0113mum\u0101 pieaicin\u0101ts tie\u0161i Plori\u0146\u0161, D\u0101vis atbild: \u201cMan vajadz\u0113ja k\u0101du, kur\u0161, k\u0101 lai saka, man sp\u0113j pal\u012bdz\u0113t saprast Latvijas vesel\u012bbas apr\u016bpes sist\u0113mu. Un Plori\u0146a kungs, k\u0101 cilv\u0113ks ar pieredzi, b\u016bdams valsts sekret\u0101rs Vesel\u012bbas ministrij\u0101 un b\u016bdams NMPD vad\u012bt\u0101js izbiju\u0161ais, protams, \u013coti daudzas lietas man paskaidroja un pal\u012bdz\u0113ja saprast, k\u0101 darbojas visp\u0101r vesel\u012bbas apr\u016bpes likumdo\u0161ana Latvij\u0101, jo, lasot MK noteikumus, ir diezgan gr\u016bti saprast, k\u0101 lietas notiek.\u201d.<\/p>\n<p>Lai saprastu, k\u0101 lietas notiek, <a href=\"https:\/\/nra.lv\/birka\/nacionalais-veselibas-dienests\/\" rel=\"nofollow noopener\" target=\"_blank\">Nacion\u0101lais vesel\u012bbas dienests<\/a> un Labkl\u0101j\u012bbas ministrija ar\u012b uzs\u0101ka p\u0101rbaudes. Vien\u0101 no t\u0101m \u0161\u0137etin\u0101ja, k\u0101 gan tas n\u0101kas, ka Latgal\u0113 bijis vair\u0101k kons\u012blija sl\u0113dzienu nek\u0101 citur. \u0160ai re\u0123ion\u0101 mobil\u0101s apr\u016bpes pakalpojumu sniedz \u201cR\u016bre\u201d. P\u0101rbau\u017eu rezult\u0101t\u0101 \u201cR\u016brei\u201d apr\u0113\u0137in\u0101ts ietur\u0113jums &#8211; 128 t\u016bksto\u0161i eiro &#8211; par pakalpojumiem, kas sniegti uz neatbilsto\u0161a kons\u012blija pamata. Par sl\u0113dziena saturu j\u0101p\u0101rliecin\u0101s pakalpojuma sniedz\u0113jam.<\/p>\n<p>\u201cRedziet, tas atkal ir saist\u012bts ar lingvistikas jaut\u0101jumiem. Respekt\u012bvi, \u0161ajos kons\u012blija sl\u0113dzien\u0101 bija rakst\u012bts, ka pacientam indic\u0113ta paliat\u012bv\u0101 apr\u016bpe m\u0101j\u0101s vai ar\u012b cit\u0101d\u0101 form\u0101, kura b\u016bt\u012bb\u0101 mums nos\u016bt\u012bja t\u0101l\u0101k \u0161o pacientu uz t\u0101l\u0101ko apr\u016bpi. Un t\u0101l\u0101k jau t\u0101 probl\u0113ma ir lingvistiska rakstura, jo re\u0101l\u0101 situ\u0101cija ir t\u0101da, ka liel\u0101k\u0101 da\u013ca no \u0161iem pacientiem, kas ir no \u0161iem te, k\u0101 saka, ar nepareiziem kons\u012blija sl\u0113dzieniem, vi\u0146i t\u0101pat nomira l\u012bdz \u0161iem se\u0161iem m\u0113ne\u0161iem. Protams, par to \u0161obr\u012bd ar\u012b notiek akt\u012bvas diskusijas ar ab\u0101m iesaist\u012btaj\u0101m ministrij\u0101m,\u201d savu situ\u0101cijas skaidrojumu sniedz D\u0101vis.<\/p>\n<p>\u201cTas, protams, nenoz\u012bm\u0113, ka \u0161iem pacientiem nemaz nebija nepiecie\u0161ama vesel\u012bbas apr\u016bpe. Tas, ko p\u0101rbaudes rezult\u0101t\u0101 konstat\u0113j\u0101m, ka ne visi pakalpojumi ir sniegti pamatoti. Tas ir &#8211; ne visos gad\u012bjumos \u0161is kons\u012blijs ir bijis korekti izsniegts un noform\u0113ts. Un tas noz\u012bm\u0113 tikai to, ka \u0161iem pacientiem nebija j\u0101sa\u0146em hospisa apr\u016bpe m\u0101j\u0101s, bet gan cita veida, citas intensit\u0101tes pakalpojumus,\u201d uzsver NVD Kontroles un uzraudz\u012bbas departamenta vad\u012bt\u0101ja Inga Brokere.<\/p>\n<p>Daugavpils re\u0123ion\u0101lajai slimn\u012bcai, kas konsilija sl\u0113dzienus rakst\u012bja, izteikts br\u012bdin\u0101jums par darba organiz\u0101cijas p\u0101rk\u0101pumiem, bet gad\u012bjumu izv\u0113rt\u0113jumu turpina Vesel\u012bbas inspekcija. Slimn\u012bca uzskata, ka b\u016btu nepiecie\u0161amas skaidras, valsts l\u012bme\u0146a vadl\u012bnijas, lai atvieglotu un standartiz\u0113tu konsiliju l\u0113mumu pie\u0146em\u0161anu. \u201cSlimn\u012bca nenes tie\u0161u finansi\u0101lu atbild\u012bbu par nepamatoti sniegtu pakalpojumu, ja t\u0101 par to nav l\u0113musi, ta\u010du nes atbild\u012bbu par k\u013c\u016bd\u0101m dokument\u0101cij\u0101,\u201d raid\u012bjumam nor\u0101da Daugavpils re\u0123ion\u0101l\u0101s slimn\u012bcas valdes priek\u0161s\u0113d\u0113t\u0101ja Inta Vaivode.<\/p>\n<p>P\u0101rbaud\u0113s ar\u012b secin\u0101ts, ka pusotra gada laik\u0101 p\u0101rmaks\u0101ti 384 t\u016bksto\u0161i eiro par mobilo pakalpojumu pacientiem, kas tobr\u012bd atradu\u0161ies slimn\u012bc\u0101s. Liel\u0101k\u0101 da\u013ca summas &#8211; \u201cR\u016brei\u201d, p\u0101r\u0113jiem trim pakalpojumu sniedz\u0113jiem kopum\u0101 ap 15 t\u016bksto\u0161iem. Atkl\u0101jies ar\u012b, ka par 96 pacientiem maks\u0101ts v\u0113l p\u0113c vi\u0146u n\u0101ves. Liel\u0101kajai da\u013cai t\u0101s biju\u0161as viena, divas dienas, ko v\u0113l var\u0113tu izskaidrot ar mir\u0161anas datu ievad\u012b\u0161anu valsts re\u0123istros, ta\u010du 14 procentos &#8211; vair\u0101k nek\u0101 ned\u0113\u013ca, un vien\u0101 gad\u012bjum\u0101 pat m\u0113nesis p\u0113c n\u0101ves. \u0160\u0101das situ\u0101cijas biju\u0161as diviem uz\u0146\u0113mumiem &#8211; \u201cR\u016brei\u201d un \u201cMed4U\u201d. Te ietur\u0113ti 15 400 eiro.<\/p>\n<p>\u201cJa \u0161\u012b kontrole b\u016btu bijusi p\u0113c pirm\u0101 ceturk\u0161\u0146a, otr\u0101 ceturk\u0161\u0146a, b\u016btu vesels l\u0113rums lietu, ko m\u0113s b\u016btu savlaic\u012bgi atradu\u0161i, izc\u0113lu\u0161i un taml\u012bdz\u012bgi, un t\u0101s neatk\u0101rtotos. T\u0101 k\u0101 kontrole bija p\u0113c pusotra gada, skaidrs, ka to pusotru gadu kaut k\u0101das nepiln\u012bbas un m\u016bsu k\u013c\u016bdas m\u016bsu pus\u0113 tika dar\u012btas, nu tagad ir nov\u0113rstas,\u201d saka D\u0101vis.<\/p>\n<p>Lai ar\u012b maz\u0101k, tom\u0113r nepamatoti apmaks\u0101tas pakalpojumu snieg\u0161anas dienas par\u0101d\u0101s ar\u012b jaun\u0101kaj\u0101s p\u0101rbaud\u0113s, nor\u0101da NVD. Paredzams, ka diskusijas, kas jau ilgst teju visa \u0161\u0101 gada garum\u0101, rezult\u0113sies ar vair\u0101k\u0101m izmai\u0146\u0101m. Piem\u0113ram, l\u012bdz \u0161im mobil\u0101s komandas brauca ar\u012b pie cilv\u0113kiem, kas jau atrodas soci\u0101l\u0101s apr\u016bpes centros.<\/p>\n<p>Un Labkl\u0101j\u012bbas ministrija to main\u012bs, sola valsts sekret\u0101ra vietniece El\u012bna Celmi\u0146a: \u201cL\u012bgum\u0101 \u0161\u0101ds nosac\u012bjums, ka nedr\u012bkst, nebija ietverts, bet lo\u0123iski tas nav, un m\u0113s uz to esam v\u0113rsu\u0161i uzman\u012bbu un no [2026.gada] 1.apr\u012b\u013ca uz priek\u0161dien\u0101m m\u0113s \u0161\u0101das izmai\u0146as pl\u0101nojam &#8211; ka jaunus l\u012bgumus ar cilv\u0113kiem, kuri jau pirms pakalpojuma sa\u0146em\u0161anas dz\u012bvo soci\u0101l\u0101s apr\u016bpes centr\u0101, sl\u0113gt nevar.\u201d<\/p>\n<p>Vesel\u012bbas ministrija ierosina ar\u012b main\u012bt pakalpojuma apmaksas veidu, tostarp, pied\u0101v\u0101jot fiks\u0113tas izmaksas, ko veic divos pieg\u0101jienos, bet p\u0113c noteikta perioda maks\u0101t tikai par faktiski veiktajiem izbraukumiem pie pacienta. Pret iecer\u0113taj\u0101m finans\u0113\u0161anas izmai\u0146\u0101m iebilst pakalpojumu sniedz\u0113ji.<\/p>\n<p>T\u0101 Saeimas Soci\u0101lo un darba lietu komisijas s\u0113d\u0113 12. novembr\u012b \u201cR\u016bres\u201d p\u0101rst\u0101vis Armands Plori\u0146\u0161 sac\u012bja: \u201cEs grib\u0113tu tikai akcent\u0113t to, ka tie\u0161\u0101m \u0161is jaunais izstr\u0101d\u0101tais modelis, ko mums pied\u0101v\u0101, ja samazin\u0101jums ir no 1.apr\u012b\u013ca par 50 procentiem &#8211; to nevar vienk\u0101r\u0161i, tas nav nek\u0101d\u0101 veid\u0101 vairs finansi\u0101li pamatots, vai to nav iesp\u0113jams realiz\u0113t kaut k\u0101d\u0101 izteikt\u0101 kvalit\u0101t\u0113.\u201d<\/p>\n<p>\t\t\t\t\t\tinfo<\/p>\n<p>Uzzini pirmais<br \/>kas interesants noticis Latvij\u0101 un pasaul\u0113,<br \/>pievienojoties mums <a href=\"https:\/\/t.me\/neatkariga\" rel=\"nofollow\">Telegram<\/a> vai <a href=\"https:\/\/whatsapp.com\/channel\/0029VaMLFUH5K3zLU5s4wm3y\" rel=\"nofollow noopener\" target=\"_blank\">Whatsapp<\/a> kan\u0101l\u0101<\/p>\n","protected":false},"excerpt":{"rendered":"Lai atvieglotu dz\u012bves p\u0113d\u0113jo posmu ne\u0101rst\u0113jami slimiem pacientiem, visos re\u0123ionos otro gadu pieejama valsts apmaks\u0101ta apr\u016bpe m\u0101j\u0101s jeb&hellip;\n","protected":false},"author":2,"featured_media":68211,"comment_status":"","ping_status":"","sticky":false,"template":"","format":"standard","meta":{"footnotes":""},"categories":[12],"tags":[23,28,29,32,33,22,30,31,35,39,38,36,37,34,40,20,26,27,24,25,21],"class_list":{"0":"post-68210","1":"post","2":"type-post","3":"status-publish","4":"format-standard","5":"has-post-thumbnail","7":"category-latvija","8":"tag-aktualitates","9":"tag-breaking-news","10":"tag-breakingnews","11":"tag-featured-news","12":"tag-featurednews","13":"tag-headlines","14":"tag-latest-news","15":"tag-latestnews","16":"tag-latvia","17":"tag-latvian","18":"tag-latviesu","19":"tag-latviesu-valoda","20":"tag-latviesuvaloda","21":"tag-latvija","22":"tag-lv","23":"tag-news","24":"tag-popularakas-zinas","25":"tag-popularakaszinas","26":"tag-top-stories","27":"tag-topstories","28":"tag-zinas"},"share_on_mastodon":{"url":"https:\/\/pubeurope.com\/@lv\/115680124872672998","error":""},"_links":{"self":[{"href":"https:\/\/www.europesays.com\/lv\/wp-json\/wp\/v2\/posts\/68210","targetHints":{"allow":["GET"]}}],"collection":[{"href":"https:\/\/www.europesays.com\/lv\/wp-json\/wp\/v2\/posts"}],"about":[{"href":"https:\/\/www.europesays.com\/lv\/wp-json\/wp\/v2\/types\/post"}],"author":[{"embeddable":true,"href":"https:\/\/www.europesays.com\/lv\/wp-json\/wp\/v2\/users\/2"}],"replies":[{"embeddable":true,"href":"https:\/\/www.europesays.com\/lv\/wp-json\/wp\/v2\/comments?post=68210"}],"version-history":[{"count":0,"href":"https:\/\/www.europesays.com\/lv\/wp-json\/wp\/v2\/posts\/68210\/revisions"}],"wp:featuredmedia":[{"embeddable":true,"href":"https:\/\/www.europesays.com\/lv\/wp-json\/wp\/v2\/media\/68211"}],"wp:attachment":[{"href":"https:\/\/www.europesays.com\/lv\/wp-json\/wp\/v2\/media?parent=68210"}],"wp:term":[{"taxonomy":"category","embeddable":true,"href":"https:\/\/www.europesays.com\/lv\/wp-json\/wp\/v2\/categories?post=68210"},{"taxonomy":"post_tag","embeddable":true,"href":"https:\/\/www.europesays.com\/lv\/wp-json\/wp\/v2\/tags?post=68210"}],"curies":[{"name":"wp","href":"https:\/\/api.w.org\/{rel}","templated":true}]}}