{"id":68212,"date":"2025-12-07T20:16:07","date_gmt":"2025-12-07T20:16:07","guid":{"rendered":"https:\/\/www.europesays.com\/lv\/68212\/"},"modified":"2025-12-07T20:16:07","modified_gmt":"2025-12-07T20:16:07","slug":"udens-skaititaju-reforma-solito-ietaupijumu-vieta-iedzivotajiem-radis-papildu-izdevumus","status":"publish","type":"post","link":"https:\/\/www.europesays.com\/lv\/68212\/","title":{"rendered":"\u016adens skait\u012bt\u0101ju reforma sol\u012bto ietaup\u012bjumu viet\u0101 iedz\u012bvot\u0101jiem rad\u012bs papildu izdevumus"},"content":{"rendered":"<p>Liel\u0101k\u0101 namu apsaimniekot\u0101ja &#8220;R\u012bgas namu p\u0101rvaldnieka&#8221; m\u0101j\u0101s ir ap 340 t\u016bksto\u0161iem \u016bdens skait\u012bt\u0101ju. Tas \u012bstenojis da\u017eus pilotprojektus, ar Lietuv\u0101 ra\u017eotaj\u0101m iek\u0101rt\u0101m. \u201cAxioma\u201d ir monopols Vi\u013c\u0146\u0101, un ra\u017eot\u0101js akt\u012bvi cen\u0161as iekarot ar\u012b Latvijas tirgu.<\/p>\n<p>Pavasar\u012b pa\u0161vald\u012bbas uz\u0146\u0113mums izsludin\u0101ja jau 75 t\u016bksto\u0161u skait\u012bt\u0101ju iepirkumu. Neraugoties uz to, ka ultraska\u0146as skait\u012bt\u0101jus pasaul\u0113 ra\u017eo daudzi, konkurs\u0101 bija tikai divi pied\u0101v\u0101jumi. Lietuvie\u0161i pied\u0101v\u0101ja tos pieg\u0101d\u0101t par 5,3 miljoniem eiro, bet Polijas ra\u017eot\u0101js &#8220;Apator&#8221; &#8211; par 600 t\u016bksto\u0161iem l\u0113t\u0101k<\/p>\n<p>Ruden\u012b ar polijas komp\u0101niju nosl\u0113gts l\u012bgums par 4,7 miljoniem eiro. Tie ir maksim\u0101lie griesti. Ja iedz\u012bvot\u0101ji iek\u0101rtas negrib\u0113s uzst\u0101d\u012bt, pirks maz\u0101ku skaitu. Cena par katru skait\u012bt\u0101ju ir ap 75 eiro, plus par nolas\u012b\u0161anu b\u016bs abonentmaksa ap 40 centiem m\u0113nes\u012b. Liel\u0101koties dz\u012bvok\u013cos j\u0101uzst\u0101da divi skait\u012bt\u0101ji. R\u012bgas namu p\u0101rvaldnieks uzsver, ka to ier\u012bko\u0161ana netiks uzspiesta.<\/p>\n<p>Bet likums paredz, ka l\u012bdz n\u0101kam\u0101 gada beig\u0101m daudzdz\u012bvok\u013cu m\u0101j\u0101s oblig\u0101ti ir j\u0101ievie\u0161 vienota \u016bdens pat\u0113ri\u0146a uzskaite. Par to j\u0101vienojas dz\u012bvok\u013cu \u012bpa\u0161niekiem. Ja neizdosies vair\u0101kumam, tad izlemt dr\u012bkst\u0113s maz\u0101kums.<\/p>\n","protected":false},"excerpt":{"rendered":"Liel\u0101k\u0101 namu apsaimniekot\u0101ja &#8220;R\u012bgas namu p\u0101rvaldnieka&#8221; m\u0101j\u0101s ir ap 340 t\u016bksto\u0161iem \u016bdens skait\u012bt\u0101ju. Tas \u012bstenojis da\u017eus pilotprojektus, ar&hellip;\n","protected":false},"author":2,"featured_media":68213,"comment_status":"","ping_status":"","sticky":false,"template":"","format":"standard","meta":{"footnotes":""},"categories":[5],"tags":[23,28,29,2838,32,33,22,30,31,35,39,38,36,37,34,40,20,26,27,3542,24,25,17513,21],"class_list":{"0":"post-68212","1":"post","2":"type-post","3":"status-publish","4":"format-standard","5":"has-post-thumbnail","7":"category-aktualitates","8":"tag-aktualitates","9":"tag-breaking-news","10":"tag-breakingnews","11":"tag-ekonomikas-ministrija","12":"tag-featured-news","13":"tag-featurednews","14":"tag-headlines","15":"tag-latest-news","16":"tag-latestnews","17":"tag-latvia","18":"tag-latvian","19":"tag-latviesu","20":"tag-latviesu-valoda","21":"tag-latviesuvaloda","22":"tag-latvija","23":"tag-lv","24":"tag-news","25":"tag-popularakas-zinas","26":"tag-popularakaszinas","27":"tag-rigas-nami","28":"tag-top-stories","29":"tag-topstories","30":"tag-udens-skaititaji","31":"tag-zinas"},"share_on_mastodon":{"url":"https:\/\/pubeurope.com\/@lv\/115680128733050264","error":""},"_links":{"self":[{"href":"https:\/\/www.europesays.com\/lv\/wp-json\/wp\/v2\/posts\/68212","targetHints":{"allow":["GET"]}}],"collection":[{"href":"https:\/\/www.europesays.com\/lv\/wp-json\/wp\/v2\/posts"}],"about":[{"href":"https:\/\/www.europesays.com\/lv\/wp-json\/wp\/v2\/types\/post"}],"author":[{"embeddable":true,"href":"https:\/\/www.europesays.com\/lv\/wp-json\/wp\/v2\/users\/2"}],"replies":[{"embeddable":true,"href":"https:\/\/www.europesays.com\/lv\/wp-json\/wp\/v2\/comments?post=68212"}],"version-history":[{"count":0,"href":"https:\/\/www.europesays.com\/lv\/wp-json\/wp\/v2\/posts\/68212\/revisions"}],"wp:featuredmedia":[{"embeddable":true,"href":"https:\/\/www.europesays.com\/lv\/wp-json\/wp\/v2\/media\/68213"}],"wp:attachment":[{"href":"https:\/\/www.europesays.com\/lv\/wp-json\/wp\/v2\/media?parent=68212"}],"wp:term":[{"taxonomy":"category","embeddable":true,"href":"https:\/\/www.europesays.com\/lv\/wp-json\/wp\/v2\/categories?post=68212"},{"taxonomy":"post_tag","embeddable":true,"href":"https:\/\/www.europesays.com\/lv\/wp-json\/wp\/v2\/tags?post=68212"}],"curies":[{"name":"wp","href":"https:\/\/api.w.org\/{rel}","templated":true}]}}