{"id":68216,"date":"2025-12-07T20:22:20","date_gmt":"2025-12-07T20:22:20","guid":{"rendered":"https:\/\/www.europesays.com\/lv\/68216\/"},"modified":"2025-12-07T20:22:20","modified_gmt":"2025-12-07T20:22:20","slug":"daudzsolosajam-milas-stastam-pienacis-gals-adrianas-miglanes-un-olega-attiecibas-izjukusas","status":"publish","type":"post","link":"https:\/\/www.europesays.com\/lv\/68216\/","title":{"rendered":"Daudzsolo\u0161ajam m\u012blas st\u0101stam pien\u0101cis gals \u2013 Adrianas Migl\u0101nes un O\u013cega attiec\u012bbas izjuku\u0161as"},"content":{"rendered":"<p>Decembra s\u0101kum\u0101 sabiedr\u012bb\u0101 izskan\u0113ja aizdomas, ka beigu\u0161\u0101s dzied\u0101t\u0101jas Adrianas Migl\u0101nes un vi\u0146as m\u012b\u013cot\u0101 v\u012brie\u0161a, uz\u0146\u0113m\u0113ja O\u013cega Zabirko, attiec\u012bbas. Port\u0101lam &#8220;TV3&#8221; O\u013cegs to ar\u012b apstiprin\u0101jis, gan atturoties no pla\u0161\u0101kiem koment\u0101riem.<\/p>\n<p>P\u0101ris par attiec\u012bb\u0101m pirmo reizi publiski s\u0101ka run\u0101t vien \u0161oruden \u2013 intervij\u0101 izdevumam &#8220;Kas Jauns&#8221; O\u013cegs atkl\u0101ja, ka vi\u0146u kopdz\u012bve s\u0101kusies august\u0101. Tie\u0161i vi\u0146\u0161 mudin\u0101jis Adrianu kop\u0101 ar d\u0113lu Hugo atgriezties Latvij\u0101 p\u0113c laika, kas pavad\u012bts \u012arij\u0101. Dzied\u0101t\u0101ja ar b\u0113rnu bija iev\u0101kusies uz\u0146\u0113m\u0113ja m\u0101j\u0101s Garkaln\u0113, un tobr\u012bd O\u013cegs sevi raksturoja k\u0101 stabilu partneri un atbalstu.<\/p>\n<p>&#8220;Esmu vi\u0146as atbalsts un b\u016b\u0161u l\u012bdz\u0101s. Neizlaid\u012b\u0161u vi\u0146u no sav\u0101m rok\u0101m, jo cit\u0101di vi\u0146a var pazaud\u0113t sevi. M\u0113s kop\u0101 rakst\u012bsim jaunu dz\u012bvesst\u0101stu,&#8221; toreiz sac\u012bja O\u013cegs.<\/p>\n<p>V\u0113l pirms da\u017e\u0101m dien\u0101m Adriana soci\u0101lajos t\u012bklos publiskoja video no \u0123imeniskas atp\u016btas Lietuv\u0101, kur redzama kop\u0101 ar O\u013cegu un b\u0113rniem. Ta\u010du jau decembra s\u0101kum\u0101 bija nov\u0113rojams, ka no vi\u0146as Instagram konta pazudu\u0161i iepriek\u0161 redzamie kop\u012bgie foto un video ar O\u013cegu.<\/p>\n<p>Dzied\u0101t\u0101ja sav\u0101 Instagram profil\u0101 public\u0113ja ar\u012b \u012bsu, bet daudznoz\u012bm\u012bgs v\u0113st\u012bjums:<\/p>\n<blockquote><p>&#8220;I hope hurting me, healed you&#8221; (latviski: &#8220;Es ceru, ka manis s\u0101pin\u0101\u0161ana izdzied\u0113ja tevi&#8221;).<\/p><\/blockquote>\n<p>Ne Adriana, ne O\u013cegs pa\u0161laik pla\u0161\u0101kus koment\u0101rus par attiec\u012bbu izjuk\u0161anas iemesliem nav koment\u0113ju\u0161i.<\/p>\n<p>Lasi ar\u012b:<\/p>\n<p><a target=\"_blank\" href=\"https:\/\/www.1188.lv\/zinas\/adriana-miglane-dzesusi-kopigos-kadrus-ar-miloto-olegu-un-publicejusi-emocionalu-vestijumu\/58490\" rel=\"nofollow noopener\">Adriana Migl\u0101ne dz\u0113susi kop\u012bgos kadrus ar m\u012b\u013coto O\u013cegu un public\u0113jusi emocion\u0101lu v\u0113st\u012bjumu<\/a><\/p>\n<p><img decoding=\"async\" src=\"https:\/\/www.europesays.com\/lv\/wp-content\/uploads\/2025\/12\/06730fac8ca93d99317ea29b77e2c36d.png\" title=\"Foto: adrianamiglane; oz_19_oz\/ Instagram\" alt=\"Foto: adrianamiglane; oz_19_oz\/ Instagram\"\/><\/p>\n<p class=\"article-img-desc\">Foto: adrianamiglane; oz_19_oz\/ Instagram<\/p>\n","protected":false},"excerpt":{"rendered":"Decembra s\u0101kum\u0101 sabiedr\u012bb\u0101 izskan\u0113ja aizdomas, ka beigu\u0161\u0101s dzied\u0101t\u0101jas Adrianas Migl\u0101nes un vi\u0146as m\u012b\u013cot\u0101 v\u012brie\u0161a, uz\u0146\u0113m\u0113ja O\u013cega Zabirko, attiec\u012bbas.&hellip;\n","protected":false},"author":2,"featured_media":68217,"comment_status":"","ping_status":"","sticky":false,"template":"","format":"standard","meta":{"footnotes":""},"categories":[5],"tags":[129,1776,3561,2422,23,28,29,32,33,22,30,31,35,39,38,36,37,34,40,20,26,27,2423,1777,3562,2424,1778,3563,24,25,21],"class_list":{"0":"post-68216","1":"post","2":"type-post","3":"status-publish","4":"format-standard","5":"has-post-thumbnail","7":"category-aktualitates","8":"tag-__typenameadvicekeyword","9":"tag-id1173","10":"tag-id1419","11":"tag-id177","12":"tag-aktualitates","13":"tag-breaking-news","14":"tag-breakingnews","15":"tag-featured-news","16":"tag-featurednews","17":"tag-headlines","18":"tag-latest-news","19":"tag-latestnews","20":"tag-latvia","21":"tag-latvian","22":"tag-latviesu","23":"tag-latviesu-valoda","24":"tag-latviesuvaloda","25":"tag-latvija","26":"tag-lv","27":"tag-news","28":"tag-popularakas-zinas","29":"tag-popularakaszinas","30":"tag-slugadriana-miglane","31":"tag-slugattiecibas","32":"tag-slugskirsanas","33":"tag-titleadriana-miglane","34":"tag-titleattiecibas","35":"tag-titleskirsanas","36":"tag-top-stories","37":"tag-topstories","38":"tag-zinas"},"share_on_mastodon":{"url":"","error":"Validation failed: Text character limit of 500 exceeded"},"_links":{"self":[{"href":"https:\/\/www.europesays.com\/lv\/wp-json\/wp\/v2\/posts\/68216","targetHints":{"allow":["GET"]}}],"collection":[{"href":"https:\/\/www.europesays.com\/lv\/wp-json\/wp\/v2\/posts"}],"about":[{"href":"https:\/\/www.europesays.com\/lv\/wp-json\/wp\/v2\/types\/post"}],"author":[{"embeddable":true,"href":"https:\/\/www.europesays.com\/lv\/wp-json\/wp\/v2\/users\/2"}],"replies":[{"embeddable":true,"href":"https:\/\/www.europesays.com\/lv\/wp-json\/wp\/v2\/comments?post=68216"}],"version-history":[{"count":0,"href":"https:\/\/www.europesays.com\/lv\/wp-json\/wp\/v2\/posts\/68216\/revisions"}],"wp:featuredmedia":[{"embeddable":true,"href":"https:\/\/www.europesays.com\/lv\/wp-json\/wp\/v2\/media\/68217"}],"wp:attachment":[{"href":"https:\/\/www.europesays.com\/lv\/wp-json\/wp\/v2\/media?parent=68216"}],"wp:term":[{"taxonomy":"category","embeddable":true,"href":"https:\/\/www.europesays.com\/lv\/wp-json\/wp\/v2\/categories?post=68216"},{"taxonomy":"post_tag","embeddable":true,"href":"https:\/\/www.europesays.com\/lv\/wp-json\/wp\/v2\/tags?post=68216"}],"curies":[{"name":"wp","href":"https:\/\/api.w.org\/{rel}","templated":true}]}}