{"id":68218,"date":"2025-12-07T20:27:14","date_gmt":"2025-12-07T20:27:14","guid":{"rendered":"https:\/\/www.europesays.com\/lv\/68218\/"},"modified":"2025-12-07T20:27:14","modified_gmt":"2025-12-07T20:27:14","slug":"dzeltenais-bridinajums-nakti-uz-pirmdienu-vidzeme-un-latgale-gaidama-atkala","status":"publish","type":"post","link":"https:\/\/www.europesays.com\/lv\/68218\/","title":{"rendered":"Dzeltenais br\u012bdin\u0101jums \u2013 nakt\u012b uz pirmdienu Vidzem\u0113 un Latgal\u0113 gaid\u0101ma atkala"},"content":{"rendered":"<p>Nakt\u012b uz pirmdienu viet\u0101m Latvijas austrumos gaid\u0101ma atkala \u2013 uz ce\u013ciem, koku zariem, vadiem un cit\u0101m virsm\u0101m veidosies apledojums, br\u012bdina <a rel=\"noopener nofollow\" target=\"_blank\" href=\"https:\/\/www.delfi.lv\/temas\/48967671\/latvijas-vides-geologijas-un-meteorologijas-centrs\" tag-id=\"48967671\">Latvijas Vides, \u0123eolo\u0123ijas un meteorolo\u0123ijas centrs<\/a> (LV\u0122MC).<\/p>\n<p>Gaid\u0101m\u0101s atkalas d\u0113\u013c Latgal\u0113 un Vidzem\u0113 izsludin\u0101ts dzeltenais br\u012bdin\u0101jums.<\/p>\n<p class=\"MsoNormal\">N\u0101kam\u0101s ned\u0113\u013cas s\u0101kum\u0101 laika apst\u0101k\u013cus Latvij\u0101 ietekm\u0113s ciklons. Debesis bie\u017ei b\u016bs apm\u0101ku\u0161\u0101s, m\u0101ko\u0146i nes\u012bs lietu, slapju sniegu, viet\u0101m gaid\u0101ma ar\u012b atkala, kas padar\u012bs atsevi\u0161\u0137us ce\u013ca posmus slidenus, \u012bpa\u0161i austrumu rajonos. Temperat\u016bra sv\u0101rst\u012bsies no neliela sala l\u012bdz pat +7\u2026+9 gr\u0101diem, vid\u0113jai gaisa temperat\u016brai saglab\u0101joties virs normas, ned\u0113\u013cas otraj\u0101 pus\u0113 pastiprin\u0101sies ar\u012b v\u0113ja br\u0101zmas, prognoz\u0113 sinopti\u0137i.<\/p>\n<p class=\"MsoNormal\">Pirmdien debesis b\u016bs apm\u0101ku\u0161\u0101s. Nakt\u012b uz pirmdienu viet\u0101m rietumos l\u012bs, austrumu da\u013ca gaid\u0101ms slapj\u0161 sniegs, sniegs un ar\u012b atkala. L\u012bdz ar to austrumos ce\u013ci b\u016bs slideni. Dien\u0101 valsts teritorijas liel\u0101kaj\u0101 da\u013c\u0101 uzl\u012bs, viet\u0101m austrumos gaid\u0101ms ar\u012b slapj\u0161 sniegs. P\u016bt\u012bs l\u0113ns l\u012bdz m\u0113rens dienvidu, dienvidaustrumu v\u0113j\u0161. Nakt\u012b gaiss atdzis\u012bs l\u012bdz -1\u2026+4 gr\u0101diem, bet dien\u0101 tas iesils l\u012bdz 0\u2026+5 gr\u0101diem, j\u016bras piekrast\u0113 l\u012bdz +6\u2026+7 gr\u0101diem.<\/p>\n<p class=\"MsoNormal\">Otrdien valsts teritorijas liel\u0101kaj\u0101 da\u013c\u0101 b\u016bs lietus, nakt\u012b austrumos gaid\u0101ms ar\u012b slapj\u0161 sniegs un atsevi\u0161\u0137os posmos ce\u013ci b\u016bs slideni. No r\u012bta viet\u0101m austrumos veidosies migla, kas pasliktin\u0101s redzam\u012bbu. P\u016bt\u012bs l\u0113ns l\u012bdz m\u0113rens dienvidu, dienvidrietumu v\u0113j\u0161, viet\u0101m piekrast\u0113 br\u0101zm\u0101s tas sasniegs 14 m\/s. Nakt\u012b un dien\u0101 temperat\u016bra saglab\u0101sies l\u012bdz\u012bga \u2013 +3\u2026+8 gr\u0101di, vien\u012bgi valsts austrumu da\u013c\u0101 nakt\u012b b\u016bs v\u0113s\u0101ks, tur 0\u2026+3 gr\u0101di.<\/p>\n<p class=\"MsoNormal\">Nakt\u012b uz tre\u0161dienu viet\u0101m gaid\u0101ms neliels lietus, bet dien\u0101 no rietumiem valsts teritoriju \u0161\u0137\u0113rsos pla\u0161a nokri\u0161\u0146u zona, kas atnes\u012bs lietu jau daudzviet. P\u016bt\u012bs l\u0113ns l\u012bdz m\u0113rens dienvidrietumu, dienvidu v\u0113j\u0161. Nakt\u012b termometra stabi\u0146\u0161 nosl\u012bd\u0113s l\u012bdz +3\u2026+7 gr\u0101du atz\u012bmei, bet dien\u0101 gaiss iesils par da\u017eiem gr\u0101diem l\u012bdz +5\u2026+9 gr\u0101du atz\u012bmei.<\/p>\n<p class=\"MsoNormal\">Ned\u0113\u013cas otraj\u0101 pus\u0113 gaisa temperat\u016bra gan dien\u0101, gan nakt\u012b gaid\u0101ma +5\u2026+8 gr\u0101du robe\u017e\u0101s, ned\u0113\u013cas izska\u0146\u0101 gan var\u0113tu b\u016bt par da\u017eiem gr\u0101diem v\u0113s\u0101ks. Ceturtdien un nakt\u012b uz piektdienu gaid\u0101mi nokri\u0161\u0146i teju vis\u0101 valsts teritorij\u0101, bet piekrast\u0113 un vis\u0101 Kurzemes teritorij\u0101 gaid\u0101ms br\u0101zmains v\u0113j\u0161.<\/p>\n<p class=\"m-0\">Seko &#8220;Delfi&#8221; ar\u012b  <a target=\"_blank\" href=\"https:\/\/www.instagram.com\/delfi.lv\/\" rel=\"nofollow noopener\">Instagram<\/a>  un <a target=\"_blank\" href=\"https:\/\/www.youtube.com\/channel\/UCw5foWtcJvAbUm64rv7jwUQ\" rel=\"nofollow noopener\">YouTube<\/a>  profil\u0101 \u2013 pievienojies, lai uzzin\u0101tu svar\u012bg\u0101ko un interesant\u0101ko pirmais!<\/p>\n<p>Publik\u0101cijas saturs vai t\u0101s jebk\u0101da apjoma da\u013ca ir aizsarg\u0101ts autorties\u012bbu objekts Autorties\u012bbu likuma izpratn\u0113, un t\u0101 izmanto\u0161ana bez izdev\u0113ja at\u013caujas ir aizliegta. Vair\u0101k lasi  <a target=\"_blank\" href=\"https:\/\/www.delfi.lv\/noteikumi#autortiesibas\" rel=\"nofollow noopener\">\u0161eit<\/a><script async src=\"\/\/www.instagram.com\/embed.js\"><\/script><\/p>\n","protected":false},"excerpt":{"rendered":"Nakt\u012b uz pirmdienu viet\u0101m Latvijas austrumos gaid\u0101ma atkala \u2013 uz ce\u013ciem, koku zariem, vadiem un cit\u0101m virsm\u0101m veidosies&hellip;\n","protected":false},"author":2,"featured_media":68219,"comment_status":"","ping_status":"","sticky":false,"template":"","format":"standard","meta":{"footnotes":""},"categories":[12],"tags":[23,28,29,32,33,3375,22,30,31,35,39,38,36,37,34,7186,40,20,26,27,24,25,21],"class_list":{"0":"post-68218","1":"post","2":"type-post","3":"status-publish","4":"format-standard","5":"has-post-thumbnail","7":"category-latvija","8":"tag-aktualitates","9":"tag-breaking-news","10":"tag-breakingnews","11":"tag-featured-news","12":"tag-featurednews","13":"tag-geologijas-un-meteorologijas-centrs","14":"tag-headlines","15":"tag-latest-news","16":"tag-latestnews","17":"tag-latvia","18":"tag-latvian","19":"tag-latviesu","20":"tag-latviesu-valoda","21":"tag-latviesuvaloda","22":"tag-latvija","23":"tag-latvijas-vides","24":"tag-lv","25":"tag-news","26":"tag-popularakas-zinas","27":"tag-popularakaszinas","28":"tag-top-stories","29":"tag-topstories","30":"tag-zinas"},"share_on_mastodon":{"url":"https:\/\/pubeurope.com\/@lv\/115680172093270404","error":""},"_links":{"self":[{"href":"https:\/\/www.europesays.com\/lv\/wp-json\/wp\/v2\/posts\/68218","targetHints":{"allow":["GET"]}}],"collection":[{"href":"https:\/\/www.europesays.com\/lv\/wp-json\/wp\/v2\/posts"}],"about":[{"href":"https:\/\/www.europesays.com\/lv\/wp-json\/wp\/v2\/types\/post"}],"author":[{"embeddable":true,"href":"https:\/\/www.europesays.com\/lv\/wp-json\/wp\/v2\/users\/2"}],"replies":[{"embeddable":true,"href":"https:\/\/www.europesays.com\/lv\/wp-json\/wp\/v2\/comments?post=68218"}],"version-history":[{"count":0,"href":"https:\/\/www.europesays.com\/lv\/wp-json\/wp\/v2\/posts\/68218\/revisions"}],"wp:featuredmedia":[{"embeddable":true,"href":"https:\/\/www.europesays.com\/lv\/wp-json\/wp\/v2\/media\/68219"}],"wp:attachment":[{"href":"https:\/\/www.europesays.com\/lv\/wp-json\/wp\/v2\/media?parent=68218"}],"wp:term":[{"taxonomy":"category","embeddable":true,"href":"https:\/\/www.europesays.com\/lv\/wp-json\/wp\/v2\/categories?post=68218"},{"taxonomy":"post_tag","embeddable":true,"href":"https:\/\/www.europesays.com\/lv\/wp-json\/wp\/v2\/tags?post=68218"}],"curies":[{"name":"wp","href":"https:\/\/api.w.org\/{rel}","templated":true}]}}