{"id":68220,"date":"2025-12-07T20:28:06","date_gmt":"2025-12-07T20:28:06","guid":{"rendered":"https:\/\/www.europesays.com\/lv\/68220\/"},"modified":"2025-12-07T20:28:06","modified_gmt":"2025-12-07T20:28:06","slug":"smitam-rezultativaka-spele-turcija-tacu-zaudejums-pret-blumberga-komandu-tvnet-sports","status":"publish","type":"post","link":"https:\/\/www.europesays.com\/lv\/68220\/","title":{"rendered":"\u0160mitam rezultat\u012bv\u0101k\u0101 sp\u0113le Turcij\u0101, ta\u010du zaud\u0113jums pret Blumberga komandu &#8211; TVNET Sports"},"content":{"rendered":"<ol>\n<li><a href=\"https:\/\/news.google.com\/rss\/articles\/CBMipwFBVV95cUxQc0pwU2p1SjNNR0xzZWhWRmxMTWJ5MFMxRWpoVUgwT1lmd1J0VVlDUUNSZkhuYUQtNEJiblRWVkpyM1JTWUxRLXk5eVk4bmZMbDhmblNtTlhvR01oUGtXcThiUGJnMW1ZVlk1VERqUjJNSnhfZW1VaFpSWExDYzFTMUpzcjU5RmZhOTl4OFowaGlpRkJONlBSVDNYdnd2dEljek5zSzQtSQ?oc=5\" target=\"_blank\" rel=\"nofollow noopener\">\u0160mitam rezultat\u012bv\u0101k\u0101 sp\u0113le Turcij\u0101, ta\u010du zaud\u0113jums pret Blumberga komandu<\/a>&nbsp;&nbsp;TVNET Sports<\/li>\n<li><a href=\"https:\/\/news.google.com\/rss\/articles\/CBMinAFBVV95cUxNTDJDYXp1TDZibmtvZV9MTVZ2TjFuWndsX1hNTkVRRmhwTWNFdEhXa2R4WDFNMFZwTDNHQ3VIMEdIT0tFeGVpd1JCeU5QS2tQd25aV0w0cWRROVZLVzVNOFQyU1UyLVJpWUlEclV3R2NKaXZjUnFDSWplOFVmSHpjTy1UNnNEMW5VT2FIdDNrNVQtbHl6aTVNQ0RTdWc?oc=5\" target=\"_blank\" rel=\"nofollow noopener\">\u0160mits turpina spo\u017eo ned\u0113\u013cu ar Turcijas l\u012bgas person\u012bgo rekordu, Efes zaud\u0113 Blumbergam \u2013 Basketbols<\/a>&nbsp;&nbsp;Sportacentrs.com<\/li>\n<li><a href=\"https:\/\/news.google.com\/rss\/articles\/CBMixgFBVV95cUxPRHpsM3dfYTRkM3FVZ2RDVnJ2dFRFRHA0VmdoOE15S0QtZXl3aF9teE9GYmFTc0lOTlhXMVIweXh3TkJvZ0JQRXVMWHdzNFJEZWItMWxVUE55c0lsMk8zQWhzNXJsZVc1TjlOVEcxQ0UwZmhjTG56dWY1bllQMEstNFlJN2MzSWdXRkxxOUJrVWdDYUJfbDBFU09iRGQ5TUJSek1FT2Z4eVhQMFhrSHNaNlVJRlMzZjVQQjY2dUd1Q2JlNHZnblE?oc=5\" target=\"_blank\" rel=\"nofollow noopener\">Sezonas rezultat\u012bv\u0101k\u0101 sp\u0113le \u0160mita izpild\u012bjum\u0101 negl\u0101bj &#8220;Anadolu Efes&#8221; no zaud\u0113juma Blumberga komandai<\/a>&nbsp;&nbsp;Sportazinas.com<\/li>\n<li><a href=\"https:\/\/news.google.com\/rss\/articles\/CBMirwFBVV95cUxQdzRqb01FYkRRczBLREwyUXQ2SmJKYXF2SnNFaDlJLURCNUVLWm8zMnlRMGlsUnlnWnVtNER0VmROSko2bUZTS1lEYlkwUEo1S0lOT3BEVFdVMXpjQUZfbXgxMkc0cGhYQ1R0QmZVYzZoekUxUmQxa0ZvY1dlWlBKa0d5ZzUtemJibWRQcmlPbFBNVUhFWE4xcTl0cE5kb2d3RlluejlocmhvNERZb3dN?oc=5\" target=\"_blank\" rel=\"nofollow noopener\">\u0160mits g\u016bst 21 punktu Eirol\u012bgas ma\u010d\u0101 un atk\u0101rto karjeras rezultativit\u0101tes rekordu<\/a>&nbsp;&nbsp;Apollo.lv<\/li>\n<li><a href=\"https:\/\/news.google.com\/rss\/articles\/CBMimAFBVV95cUxOMmxfczhobkJfMDhiUWZ1ZU1mTmJnWWZrTlhjNzZzaDVURWdVXzNrTGQxbW5oeUZoNXZ6NUVNTVhwZTZXRE5TRndSaW5NTW9QOGNTdTUyODA2RWpzT21JZjdpRVRCYmhmUGFRaHpnOTQxR3F1YVRVb2hRTm8tbVFCc1ptZXBvVVVmaEdoSUhSMThkdGQ2Z3Fxdg?oc=5\" target=\"_blank\" rel=\"nofollow noopener\">\u0160mits atk\u0101rto karjeras rezultativit\u0101tes rekordu ULEB Eirol\u012bg\u0101<\/a>&nbsp;&nbsp;TVNET Sports<\/li>\n<\/ol>\n","protected":false},"excerpt":{"rendered":"\u0160mitam rezultat\u012bv\u0101k\u0101 sp\u0113le Turcij\u0101, ta\u010du zaud\u0113jums pret Blumberga komandu&nbsp;&nbsp;TVNET Sports \u0160mits turpina spo\u017eo ned\u0113\u013cu ar Turcijas l\u012bgas person\u012bgo&hellip;\n","protected":false},"author":2,"featured_media":68221,"comment_status":"","ping_status":"","sticky":false,"template":"","format":"standard","meta":{"footnotes":""},"categories":[5],"tags":[23,145,1098,28,29,32,33,22,30,31,35,39,38,36,37,34,40,20,26,27,5612,4341,24,25,21],"class_list":{"0":"post-68220","1":"post","2":"type-post","3":"status-publish","4":"format-standard","5":"has-post-thumbnail","7":"category-aktualitates","8":"tag-aktualitates","9":"tag-basketbols","10":"tag-basketbols-pasaule","11":"tag-breaking-news","12":"tag-breakingnews","13":"tag-featured-news","14":"tag-featurednews","15":"tag-headlines","16":"tag-latest-news","17":"tag-latestnews","18":"tag-latvia","19":"tag-latvian","20":"tag-latviesu","21":"tag-latviesu-valoda","22":"tag-latviesuvaloda","23":"tag-latvija","24":"tag-lv","25":"tag-news","26":"tag-popularakas-zinas","27":"tag-popularakaszinas","28":"tag-roberts-blumbergs","29":"tag-rolands-smits","30":"tag-top-stories","31":"tag-topstories","32":"tag-zinas"},"share_on_mastodon":{"url":"https:\/\/pubeurope.com\/@lv\/115680176172188938","error":""},"_links":{"self":[{"href":"https:\/\/www.europesays.com\/lv\/wp-json\/wp\/v2\/posts\/68220","targetHints":{"allow":["GET"]}}],"collection":[{"href":"https:\/\/www.europesays.com\/lv\/wp-json\/wp\/v2\/posts"}],"about":[{"href":"https:\/\/www.europesays.com\/lv\/wp-json\/wp\/v2\/types\/post"}],"author":[{"embeddable":true,"href":"https:\/\/www.europesays.com\/lv\/wp-json\/wp\/v2\/users\/2"}],"replies":[{"embeddable":true,"href":"https:\/\/www.europesays.com\/lv\/wp-json\/wp\/v2\/comments?post=68220"}],"version-history":[{"count":0,"href":"https:\/\/www.europesays.com\/lv\/wp-json\/wp\/v2\/posts\/68220\/revisions"}],"wp:featuredmedia":[{"embeddable":true,"href":"https:\/\/www.europesays.com\/lv\/wp-json\/wp\/v2\/media\/68221"}],"wp:attachment":[{"href":"https:\/\/www.europesays.com\/lv\/wp-json\/wp\/v2\/media?parent=68220"}],"wp:term":[{"taxonomy":"category","embeddable":true,"href":"https:\/\/www.europesays.com\/lv\/wp-json\/wp\/v2\/categories?post=68220"},{"taxonomy":"post_tag","embeddable":true,"href":"https:\/\/www.europesays.com\/lv\/wp-json\/wp\/v2\/tags?post=68220"}],"curies":[{"name":"wp","href":"https:\/\/api.w.org\/{rel}","templated":true}]}}