{"id":68228,"date":"2025-12-07T20:32:08","date_gmt":"2025-12-07T20:32:08","guid":{"rendered":"https:\/\/www.europesays.com\/lv\/68228\/"},"modified":"2025-12-07T20:32:08","modified_gmt":"2025-12-07T20:32:08","slug":"atbilde-vienmer-bijusi-acu-prieksa-krievijas-opozicijas-politikis-atklaj-realu-recepti-ka-apturet-putinu","status":"publish","type":"post","link":"https:\/\/www.europesays.com\/lv\/68228\/","title":{"rendered":"Atbilde vienm\u0113r bijusi acu priek\u0161\u0101: Krievijas opoz\u012bcijas politi\u0137is atkl\u0101j re\u0101lu \u201crecepti\u201d, k\u0101 aptur\u0113t Putinu"},"content":{"rendered":"<p>    <img decoding=\"async\" src=\"https:\/\/www.europesays.com\/lv\/wp-content\/uploads\/2025\/12\/1-24-1024x640.png\" alt=\"&#10;\"\/><\/p>\n<p>Foto: Scanpix\/LETA, ekr\u0101nuz\u0146\u0113mums no \u201cYouTube\u201d video\n<\/p>\n<p>Krievijas opoz\u012bcijas politi\u0137is un biju\u0161ais domes deput\u0101ts Gen\u0101dijs Gudkovs atkl\u0101jis \u201cnosl\u0113pumu\u201d, kas var\u0113tu pal\u012bdz\u0113t aptur\u0113t Krievijas prezidentu Vladimiru Putinu un izrais\u012bt re\u017e\u012bma sabrukumu.<\/p>\n<p>        Las\u012bt\u0101kie<br \/>\n        <a data-imagesrc=\"{&quot;300&quot;:&quot;https:\\\/\\\/lastatic.ams3.cdn.digitaloceanspaces.com\\\/2025\\\/12\\\/Kas-15-300x188.png&quot;,&quot;1024&quot;:&quot;https:\\\/\\\/lastatic.ams3.cdn.digitaloceanspaces.com\\\/2025\\\/12\\\/Kas-15-1024x640.png&quot;,&quot;1536&quot;:&quot;https:\\\/\\\/lastatic.ams3.cdn.digitaloceanspaces.com\\\/2025\\\/12\\\/Kas-15-1536x960.png&quot;,&quot;500&quot;:&quot;https:\\\/\\\/lastatic.ams3.cdn.digitaloceanspaces.com\\\/2025\\\/12\\\/Kas-15-500x313.png&quot;,&quot;800&quot;:&quot;https:\\\/\\\/lastatic.ams3.cdn.digitaloceanspaces.com\\\/2025\\\/12\\\/Kas-15-800x500.png&quot;,&quot;1600&quot;:&quot;https:\\\/\\\/lastatic.ams3.cdn.digitaloceanspaces.com\\\/2025\\\/12\\\/Kas-15.png&quot;}\" data-focuspoint=\"&quot;&quot;\" data-p=\"2477164\" href=\"https:\/\/www.la.lv\/nespeju-izskaidrot-cik-pazemota-jutos-stradina-slimnicas-paciente-milzigo-maksu-par-autostavvietu-uzskata-par-necilvecigu\" class=\"content-item lazy-load\" wp_automatic_readability=\"27\" rel=\"nofollow noopener\" target=\"_blank\"><\/p>\n<p>                                <img decoding=\"async\" src=\"\" alt=\"\" style=\"\" data-imageid=\"\"\/><\/p>\n<p>\n                                                \u201cNesp\u0113ju izskaidrot, cik pazemota j\u016btos\u2026\u201d Stradi\u0146a slimn\u012bcas paciente milz\u012bgo maksu par autost\u0101vvietu uzskata par necilv\u0113c\u012bgu<\/p>\n<p><\/a><a data-imagesrc=\"{&quot;300&quot;:&quot;https:\\\/\\\/lastatic.ams3.cdn.digitaloceanspaces.com\\\/2025\\\/12\\\/FotoJet-72-300x200.jpg&quot;,&quot;1024&quot;:&quot;https:\\\/\\\/lastatic.ams3.cdn.digitaloceanspaces.com\\\/2025\\\/12\\\/FotoJet-72-1024x683.jpg&quot;,&quot;1536&quot;:&quot;https:\\\/\\\/lastatic.ams3.cdn.digitaloceanspaces.com\\\/2025\\\/12\\\/FotoJet-72-1536x1024.jpg&quot;,&quot;500&quot;:&quot;https:\\\/\\\/lastatic.ams3.cdn.digitaloceanspaces.com\\\/2025\\\/12\\\/FotoJet-72-500x333.jpg&quot;,&quot;800&quot;:&quot;https:\\\/\\\/lastatic.ams3.cdn.digitaloceanspaces.com\\\/2025\\\/12\\\/FotoJet-72-800x533.jpg&quot;,&quot;1800&quot;:&quot;https:\\\/\\\/lastatic.ams3.cdn.digitaloceanspaces.com\\\/2025\\\/12\\\/FotoJet-72.jpg&quot;}\" data-focuspoint=\"&quot;&quot;\" data-p=\"2477286\" href=\"https:\/\/www.la.lv\/sausmas-ropazu-novada-airbnb-viesi-izdemole-viesu-maju-un-apdraud-saimnieku-vecaku-dzivibu\" class=\"content-item lazy-load\" wp_automatic_readability=\"26\" rel=\"nofollow noopener\" target=\"_blank\"><\/p>\n<p>                                <img decoding=\"async\" src=\"\" alt=\"\" style=\"\" data-imageid=\"\"\/><\/p>\n<p>\n                                                \u0160ausmas Ropa\u017eu novad\u0101: \u201cAirbnb\u201d viesi izdemol\u0113 viesu m\u0101ju un apdraud saimnieku dz\u012bv\u012bbu<\/p>\n<p><\/a><a data-imagesrc=\"{&quot;300&quot;:&quot;https:\\\/\\\/lastatic.ams3.cdn.digitaloceanspaces.com\\\/2025\\\/12\\\/pexels-innamykytas-5814125-300x200.jpg&quot;,&quot;1024&quot;:&quot;https:\\\/\\\/lastatic.ams3.cdn.digitaloceanspaces.com\\\/2025\\\/12\\\/pexels-innamykytas-5814125-1024x683.jpg&quot;,&quot;1536&quot;:&quot;https:\\\/\\\/lastatic.ams3.cdn.digitaloceanspaces.com\\\/2025\\\/12\\\/pexels-innamykytas-5814125-1536x1024.jpg&quot;,&quot;500&quot;:&quot;https:\\\/\\\/lastatic.ams3.cdn.digitaloceanspaces.com\\\/2025\\\/12\\\/pexels-innamykytas-5814125-500x333.jpg&quot;,&quot;800&quot;:&quot;https:\\\/\\\/lastatic.ams3.cdn.digitaloceanspaces.com\\\/2025\\\/12\\\/pexels-innamykytas-5814125-800x533.jpg&quot;,&quot;2560&quot;:&quot;https:\\\/\\\/lastatic.ams3.cdn.digitaloceanspaces.com\\\/2025\\\/12\\\/pexels-innamykytas-5814125-scaled.jpg&quot;}\" data-focuspoint=\"&quot;&quot;\" data-p=\"2477011\" href=\"https:\/\/www.la.lv\/sos-edienus-ir-aizliegts-likt-uz-galda-vecgada-vakara-uguns-zirgs-bus-dusmigs\" class=\"content-item lazy-load\" wp_automatic_readability=\"26\" rel=\"nofollow noopener\" target=\"_blank\"><\/p>\n<p>                                <img decoding=\"async\" src=\"\" alt=\"\" style=\"\" data-imageid=\"\"\/><\/p>\n<p>                                Kokteilis<\/p>\n<p>\n                                                \u0160os \u0113dienus ir aizliegts likt uz galda Vecgada vakar\u0101: Uguns zirgs b\u016bs dusm\u012bgs!\n                            <\/p>\n<p><\/a><br \/>\n        <a class=\"read-more\" href=\"https:\/\/www.la.lv\/top\" rel=\"nofollow noopener\" target=\"_blank\">Las\u012bt citas zi\u0146as<\/a><\/p>\n<p>K\u0101 zi\u0146o <a href=\"https:\/\/www.dialog.ua\/opinion\/325094_1765126412\" rel=\"nofollow noopener\" target=\"_blank\">Dialog.ua<\/a>, \u0161obr\u012bd Putina vara Krievij\u0101 joproj\u0101m ir stipra un \u0161\u0137ietami neapdraud\u0113ta, ta\u010du Gudkovs intervij\u0101 Ukrainas kan\u0101lam \u201cOdesa LIVE\u201d skaidro, ka past\u0101v re\u0101ls veids, k\u0101 \u0161o situ\u0101ciju main\u012bt. Vi\u0146\u0161 uzsver: \u201cJa Krievijas armija piedz\u012bvos nopietnu sak\u0101vi front\u0113, tas var k\u013c\u016bt par s\u0101kumu Putina re\u017e\u012bma kraham.\u201d<\/p>\n<p>P\u0113c vi\u0146a teikt\u0101, \u0161\u0101ds milit\u0101rs zaud\u0113jums liks sabiedr\u012bbai un Krievijas elitei uzdot jaut\u0101jumu par Putina palik\u0161anu pie varas, var izrais\u012bt visas eso\u0161\u0101s politisk\u0101s sist\u0113mas sabrukumu, k\u0101 ar\u012b kalpotu k\u0101 br\u012bdin\u0101jums ar\u012b citiem autorit\u0101riem l\u012bderiem pasaul\u0113, kas l\u012bdz \u0161im jutu\u0161ies nesod\u0101mi.<\/p>\n<p>    CITI \u0160OBR\u012aD LASA<\/p>\n<blockquote><p>Gudkovs nor\u0101da: \u201cRecepte ir \u013coti vienk\u0101r\u0161a un zin\u0101ma jau kop\u0161 pirm\u0101s kara dienas \u2013 Krievijai j\u0101cie\u0161 milit\u0101ra sak\u0101ve Ukrainas teritorij\u0101.\u201d<\/p><\/blockquote>\n<p>Vi\u0146\u0161 uzskata, ka, ja \u0161\u0101da iesp\u0113ja Ukrainai b\u016btu nodro\u0161in\u0101ta laikus, viss kara scen\u0101rijs b\u016btu izv\u0113rties cit\u0101di. Ta\u010du tagad Putins j\u016btas k\u0101 uzvar\u0113t\u0101js \u2013 vi\u0146am ir izdevies konsolid\u0113t valsts eliti, kapit\u0101ls atgrie\u017eas Krievij\u0101, ekonomika ir mobiliz\u0113ta, un t\u0101 sp\u0113j uztur\u0113t karadarb\u012bbu.<\/p>\n<p>Gudkovs ar\u012b br\u012bdina \u2013 ja \u0161\u012b tendence turpin\u0101sies, kontinent\u0101la vai pat glob\u0101la kara risks Eirop\u0101 pieaugs, \u012bpa\u0161i \u0146emot v\u0113r\u0101 ASV iek\u0161politiskos procesus un Eiropas vilcin\u0101\u0161anos. T\u0101pat vi\u0146\u0161 uzsv\u0113ra, ka konflikta uzliesmojums Eirop\u0101 ir gandr\u012bz nenov\u0113r\u0161ams.<\/p>\n<p>            Vladimira Putina negaid\u012bt\u0101 viz\u012bte Kursk\u0101<\/p>\n<p>T\u0113mas<\/p>\n<p>    SAIST\u012aTIE RAKSTI<\/p>\n","protected":false},"excerpt":{"rendered":"Foto: Scanpix\/LETA, ekr\u0101nuz\u0146\u0113mums no \u201cYouTube\u201d video Krievijas opoz\u012bcijas politi\u0137is un biju\u0161ais domes deput\u0101ts Gen\u0101dijs Gudkovs atkl\u0101jis \u201cnosl\u0113pumu\u201d, kas&hellip;\n","protected":false},"author":2,"featured_media":68229,"comment_status":"","ping_status":"","sticky":false,"template":"","format":"standard","meta":{"footnotes":""},"categories":[14],"tags":[23,57,28,29,32,33,22,30,31,35,39,38,36,37,34,40,20,26,27,24,25,54,55,56,21,58],"class_list":{"0":"post-68228","1":"post","2":"type-post","3":"status-publish","4":"format-standard","5":"has-post-thumbnail","7":"category-zinas-no-arvalstim","8":"tag-aktualitates","9":"tag-arvalstim","10":"tag-breaking-news","11":"tag-breakingnews","12":"tag-featured-news","13":"tag-featurednews","14":"tag-headlines","15":"tag-latest-news","16":"tag-latestnews","17":"tag-latvia","18":"tag-latvian","19":"tag-latviesu","20":"tag-latviesu-valoda","21":"tag-latviesuvaloda","22":"tag-latvija","23":"tag-lv","24":"tag-news","25":"tag-popularakas-zinas","26":"tag-popularakaszinas","27":"tag-top-stories","28":"tag-topstories","29":"tag-world","30":"tag-world-news","31":"tag-worldnews","32":"tag-zinas","33":"tag-zinas-no-arvalstim"},"share_on_mastodon":{"url":"https:\/\/pubeurope.com\/@lv\/115680191777981395","error":""},"_links":{"self":[{"href":"https:\/\/www.europesays.com\/lv\/wp-json\/wp\/v2\/posts\/68228","targetHints":{"allow":["GET"]}}],"collection":[{"href":"https:\/\/www.europesays.com\/lv\/wp-json\/wp\/v2\/posts"}],"about":[{"href":"https:\/\/www.europesays.com\/lv\/wp-json\/wp\/v2\/types\/post"}],"author":[{"embeddable":true,"href":"https:\/\/www.europesays.com\/lv\/wp-json\/wp\/v2\/users\/2"}],"replies":[{"embeddable":true,"href":"https:\/\/www.europesays.com\/lv\/wp-json\/wp\/v2\/comments?post=68228"}],"version-history":[{"count":0,"href":"https:\/\/www.europesays.com\/lv\/wp-json\/wp\/v2\/posts\/68228\/revisions"}],"wp:featuredmedia":[{"embeddable":true,"href":"https:\/\/www.europesays.com\/lv\/wp-json\/wp\/v2\/media\/68229"}],"wp:attachment":[{"href":"https:\/\/www.europesays.com\/lv\/wp-json\/wp\/v2\/media?parent=68228"}],"wp:term":[{"taxonomy":"category","embeddable":true,"href":"https:\/\/www.europesays.com\/lv\/wp-json\/wp\/v2\/categories?post=68228"},{"taxonomy":"post_tag","embeddable":true,"href":"https:\/\/www.europesays.com\/lv\/wp-json\/wp\/v2\/tags?post=68228"}],"curies":[{"name":"wp","href":"https:\/\/api.w.org\/{rel}","templated":true}]}}