{"id":68230,"date":"2025-12-07T20:33:11","date_gmt":"2025-12-07T20:33:11","guid":{"rendered":"https:\/\/www.europesays.com\/lv\/68230\/"},"modified":"2025-12-07T20:33:11","modified_gmt":"2025-12-07T20:33:11","slug":"jauna-darba-nedela-saksies-ar-peleku-pirmdienu","status":"publish","type":"post","link":"https:\/\/www.europesays.com\/lv\/68230\/","title":{"rendered":"Jaun\u0101 darba ned\u0113\u013ca s\u0101ksies ar pel\u0113ku pirmdienu"},"content":{"rendered":"<p>                        <img fetchpriority=\"high\" decoding=\"async\" width=\"1024\" height=\"768\" src=\"https:\/\/www.europesays.com\/lv\/wp-content\/uploads\/2025\/12\/novembris-pie-Lielupes_gaisaks-1024x768.jpg\" alt=\"\" class=\"wp-image-1086359\"  \/><\/p>\n<p>Jaun\u0101 darba ned\u0113\u013ca s\u0101ksies ar pel\u0113ku pirmdienu, liecina Latvijas Vides, \u0123eolo\u0123ijas un meteorolo\u0123ijas centra sinopti\u0137u prognozes.<\/p>\n<p>Ar\u012b \u0161onakt saglab\u0101sies apm\u0101cies laiks, viet\u0101m valsts rietumu da\u013c\u0101 gaid\u0101ms neliels lietus, bet austrumu da\u013c\u0101 \u2013 slapj\u0161 sniegs un sniegs.<\/p>\n<p>T\u0101pat gaid\u0101ma lok\u0101li atkala \u2013 uz ce\u013ciem, vadiem, kokiem un cit\u0101m virsm\u0101 var veidoties apledojums.<\/p>\n<p>P\u016bt\u012bs l\u0113ns l\u012bdz m\u0113rens dienvidu, dienvidaustrumu v\u0113j\u0161. Gaisa temperat\u016bra b\u016bs -1\u2026+4 gr\u0101du robe\u017e\u0101s.<\/p>\n<p>Tikm\u0113r R\u012bg\u0101 b\u016bs m\u0101ko\u0146ains, bez b\u016btiskiem nokri\u0161\u0146iem, un vien r\u012bta pus\u0113 b\u016bs neliels lietus. P\u016bt\u012bs l\u0113ns dienvidu, dienvidaustrumu v\u0113j\u0161, un termometra stabi\u0146\u0161 nosl\u012bd\u0113s l\u012bdz +2\u2026+3 gr\u0101du atz\u012bmei.<\/p>\n<p>Pirmdien debesis b\u016bs apm\u0101ku\u0161\u0101s, teritorijas liel\u0101kaj\u0101 da\u013c\u0101 gaid\u0101ms neliels lietus, viet\u0101m austrumos ar\u012b slapj\u0161 sniegs. V\u0113j\u0161 saglab\u0101sies l\u0113ns l\u012bdz m\u0113rens un p\u016bt\u012bs no dienvidiem, dienvidaustrumiem. Gaisa temperat\u016bra b\u016bs 0\u2026+5 gr\u0101du robe\u017e\u0101s, bet j\u016bras piekrast\u0113 b\u016bs v\u0113l par da\u017eiem gr\u0101diem silt\u0101ks \u2013 tur l\u012bdz +6\u2026+7 gr\u0101di.<\/p>\n<p>Ar\u012b R\u012bg\u0101 m\u0101ko\u0146i turpin\u0101s aizkl\u0101t debesis un nes\u012bs lietu. P\u016bt\u012bs l\u0113ns l\u012bdz m\u0113rens dienvidu, dienvidaustrumu v\u0113j\u0161, bet gaisa temperat\u016bra saglab\u0101sies t\u0101da pati, k\u0101 nakt\u012b: +2\u2026+4 gr\u0101di.<\/p>\n","protected":false},"excerpt":{"rendered":"Jaun\u0101 darba ned\u0113\u013ca s\u0101ksies ar pel\u0113ku pirmdienu, liecina Latvijas Vides, \u0123eolo\u0123ijas un meteorolo\u0123ijas centra sinopti\u0137u prognozes. Ar\u012b \u0161onakt&hellip;\n","protected":false},"author":2,"featured_media":68231,"comment_status":"","ping_status":"","sticky":false,"template":"","format":"standard","meta":{"footnotes":""},"categories":[12],"tags":[23,28,29,32,33,22,30,31,35,39,38,36,37,34,40,20,26,27,24,25,21],"class_list":{"0":"post-68230","1":"post","2":"type-post","3":"status-publish","4":"format-standard","5":"has-post-thumbnail","7":"category-latvija","8":"tag-aktualitates","9":"tag-breaking-news","10":"tag-breakingnews","11":"tag-featured-news","12":"tag-featurednews","13":"tag-headlines","14":"tag-latest-news","15":"tag-latestnews","16":"tag-latvia","17":"tag-latvian","18":"tag-latviesu","19":"tag-latviesu-valoda","20":"tag-latviesuvaloda","21":"tag-latvija","22":"tag-lv","23":"tag-news","24":"tag-popularakas-zinas","25":"tag-popularakaszinas","26":"tag-top-stories","27":"tag-topstories","28":"tag-zinas"},"share_on_mastodon":{"url":"https:\/\/pubeurope.com\/@lv\/115680195636054193","error":""},"_links":{"self":[{"href":"https:\/\/www.europesays.com\/lv\/wp-json\/wp\/v2\/posts\/68230","targetHints":{"allow":["GET"]}}],"collection":[{"href":"https:\/\/www.europesays.com\/lv\/wp-json\/wp\/v2\/posts"}],"about":[{"href":"https:\/\/www.europesays.com\/lv\/wp-json\/wp\/v2\/types\/post"}],"author":[{"embeddable":true,"href":"https:\/\/www.europesays.com\/lv\/wp-json\/wp\/v2\/users\/2"}],"replies":[{"embeddable":true,"href":"https:\/\/www.europesays.com\/lv\/wp-json\/wp\/v2\/comments?post=68230"}],"version-history":[{"count":0,"href":"https:\/\/www.europesays.com\/lv\/wp-json\/wp\/v2\/posts\/68230\/revisions"}],"wp:featuredmedia":[{"embeddable":true,"href":"https:\/\/www.europesays.com\/lv\/wp-json\/wp\/v2\/media\/68231"}],"wp:attachment":[{"href":"https:\/\/www.europesays.com\/lv\/wp-json\/wp\/v2\/media?parent=68230"}],"wp:term":[{"taxonomy":"category","embeddable":true,"href":"https:\/\/www.europesays.com\/lv\/wp-json\/wp\/v2\/categories?post=68230"},{"taxonomy":"post_tag","embeddable":true,"href":"https:\/\/www.europesays.com\/lv\/wp-json\/wp\/v2\/tags?post=68230"}],"curies":[{"name":"wp","href":"https:\/\/api.w.org\/{rel}","templated":true}]}}