{"id":68234,"date":"2025-12-07T20:37:07","date_gmt":"2025-12-07T20:37:07","guid":{"rendered":"https:\/\/www.europesays.com\/lv\/68234\/"},"modified":"2025-12-07T20:37:07","modified_gmt":"2025-12-07T20:37:07","slug":"ldz-cargo-decembra-vidu-atkartoti-izsolis-87-ukraina-esosus-kravas-vagonus","status":"publish","type":"post","link":"https:\/\/www.europesays.com\/lv\/68234\/","title":{"rendered":"\u00abLDz Cargo\u00bb decembra vid\u016b atk\u0101rtoti izsol\u012bs 87 Ukrain\u0101 eso\u0161us kravas vagonus"},"content":{"rendered":"<p>VAS &#8220;Latvijas dzelzce\u013c\u0161&#8221; (LDz) meitasuz\u0146\u0113mums SIA &#8220;LDz Cargo&#8221; elektroniskaj\u0101s izsol\u0113s decembra vid\u016b atk\u0101rtoti pied\u0101v\u0101s ieg\u0101d\u0101ties 87 lietotus kravas vagonus, kas atrodas Ukrainas teritorij\u0101, liecina inform\u0101cija uz\u0146\u0113muma m\u0101jaslap\u0101.<\/p>\n<p>Kravas vagoni tiks p\u0101rdoti asto\u0146\u0101s lot\u0113s.<\/p>\n<p>Tostarp 25 vagoni tiks izsol\u012bti ar 203 300 eiro izsoles s\u0101kumcenu, 19 vagoni tiks pied\u0101v\u0101ti ar 79 600 eiro s\u0101kumcenu, 16 vagoni &#8211; ar 67 300 eiro s\u0101kumcenu, 11 vagoni &#8211; ar 94 900 eiro s\u0101kumcenu, septi\u0146i vagoni &#8211; ar 32 800 eiro s\u0101kumcenu, \u010detri vagoni &#8211; ar 35 100 eiro s\u0101kumcenu, tr\u012bs vagoni &#8211; ar 15 500 eiro s\u0101kumcenu, bet divi vagoni tiks pied\u0101v\u0101ti ar 7900 eiro s\u0101kumcenu.<\/p>\n<p>Izsoles solis vis\u0101s lot\u0113s b\u016bs 100 eiro.<\/p>\n<p>Kravas vagonu izsole notiks elektroniskaj\u0101 izso\u013cu vietn\u0113 &#8220;auctioncargo.ldz.lv&#8221; no 17. decembra plkst. 10 l\u012bdz 18. decembra plkst. 10.<\/p>\n<p>Jau zi\u0146ots, ka &#8220;LDz Cargo&#8221; apgroz\u012bjums pag\u0101ju\u0161aj\u0101 gad\u0101 bija 100,365 miljoni eiro, kas ir par 25,3% maz\u0101k nek\u0101 2023. gad\u0101, bet komp\u0101nijas pe\u013c\u0146a samazin\u0101j\u0101s vair\u0101kk\u0101rt\u012bgi &#8211; l\u012bdz 29 219 eiro.<\/p>\n<p>Reorganiz\u0101cijas proces\u0101 \u0161ogad oktobr\u012b &#8220;LDz Cargo&#8221; tika pievienoti LDz meitasuz\u0146\u0113mumi SIA &#8220;LDz rito\u0161\u0101 sast\u0101va serviss&#8221; un SIA &#8220;LDz lo\u0123istika&#8221;.<\/p>\n<p>LDz koncern\u0101 ietilpst ar\u012b &#8220;LatRailNet&#8221;, kas veic infrastrukt\u016bras maksas noteik\u0161anu un dzelzce\u013ca infrastrukt\u016bras jaudas sadali, un apsardzes uz\u0146\u0113mums &#8220;LDz apsardze&#8221;.<\/p>\n<p>\n                            Valodas k\u013c\u016bda rakst\u0101?<br \/>Iez\u012bm\u0113jiet tekstu un spiediet Zi\u0146ot par k\u013c\u016bdu pogas   , lai nos\u016bt\u012btu labojamo teksta fragmentu redaktoram!<\/p>\n<p>                                Zi\u0146ot par k\u013c\u016bdu<\/p>\n","protected":false},"excerpt":{"rendered":"VAS &#8220;Latvijas dzelzce\u013c\u0161&#8221; (LDz) meitasuz\u0146\u0113mums SIA &#8220;LDz Cargo&#8221; elektroniskaj\u0101s izsol\u0113s decembra vid\u016b atk\u0101rtoti pied\u0101v\u0101s ieg\u0101d\u0101ties 87 lietotus kravas&hellip;\n","protected":false},"author":2,"featured_media":68235,"comment_status":"","ping_status":"","sticky":false,"template":"","format":"standard","meta":{"footnotes":""},"categories":[16],"tags":[77,76,35,39,38,36,37,34,40],"class_list":{"0":"post-68234","1":"post","2":"type-post","3":"status-publish","4":"format-standard","5":"has-post-thumbnail","7":"category-bizness","8":"tag-bizness","9":"tag-business","10":"tag-latvia","11":"tag-latvian","12":"tag-latviesu","13":"tag-latviesu-valoda","14":"tag-latviesuvaloda","15":"tag-latvija","16":"tag-lv"},"share_on_mastodon":{"url":"https:\/\/pubeurope.com\/@lv\/115680211463956364","error":""},"_links":{"self":[{"href":"https:\/\/www.europesays.com\/lv\/wp-json\/wp\/v2\/posts\/68234","targetHints":{"allow":["GET"]}}],"collection":[{"href":"https:\/\/www.europesays.com\/lv\/wp-json\/wp\/v2\/posts"}],"about":[{"href":"https:\/\/www.europesays.com\/lv\/wp-json\/wp\/v2\/types\/post"}],"author":[{"embeddable":true,"href":"https:\/\/www.europesays.com\/lv\/wp-json\/wp\/v2\/users\/2"}],"replies":[{"embeddable":true,"href":"https:\/\/www.europesays.com\/lv\/wp-json\/wp\/v2\/comments?post=68234"}],"version-history":[{"count":0,"href":"https:\/\/www.europesays.com\/lv\/wp-json\/wp\/v2\/posts\/68234\/revisions"}],"wp:featuredmedia":[{"embeddable":true,"href":"https:\/\/www.europesays.com\/lv\/wp-json\/wp\/v2\/media\/68235"}],"wp:attachment":[{"href":"https:\/\/www.europesays.com\/lv\/wp-json\/wp\/v2\/media?parent=68234"}],"wp:term":[{"taxonomy":"category","embeddable":true,"href":"https:\/\/www.europesays.com\/lv\/wp-json\/wp\/v2\/categories?post=68234"},{"taxonomy":"post_tag","embeddable":true,"href":"https:\/\/www.europesays.com\/lv\/wp-json\/wp\/v2\/tags?post=68234"}],"curies":[{"name":"wp","href":"https:\/\/api.w.org\/{rel}","templated":true}]}}