{"id":68238,"date":"2025-12-07T20:39:08","date_gmt":"2025-12-07T20:39:08","guid":{"rendered":"https:\/\/www.europesays.com\/lv\/68238\/"},"modified":"2025-12-07T20:39:08","modified_gmt":"2025-12-07T20:39:08","slug":"parbaudes-par-mobilo-paliativo-aprupi-atklaj-daudz-neatbilstibu","status":"publish","type":"post","link":"https:\/\/www.europesays.com\/lv\/68238\/","title":{"rendered":"P\u0101rbaud\u0113s par mobilo paliat\u012bvo apr\u016bpi atkl\u0101j daudz neatbilst\u012bbu"},"content":{"rendered":"<p>Ta\u010du tagad aina cita, un &#8220;R\u016bres&#8221; pacients dz\u012bvo divreiz ilg\u0101k, un attiec\u012bgi ar\u012b aug vid\u0113j\u0101s izmaksas. Bet p\u0101r\u0113j\u0101m firm\u0101m \u0161ie r\u0101d\u012bt\u0101ji ir tuv\u0101k izm\u0113\u0123in\u0101juma periodam. &#8220;R\u016br\u0113&#8221; uzsver \u2013 tas ta\u010du ir labi, ka vi\u0146u pacienti dz\u012bvo ilg\u0101k.<\/p>\n<p>&#8220;M\u0113s saskat\u0101m, ka varb\u016bt ne visi pacienti, kas sa\u0146em \u0161o pakalpojumu, tie\u0161i \u0161\u0101ds pakalpojums b\u016btu nepiecie\u0161ams gan p\u0113c dz\u012bvildzes, gan ar\u012b p\u0113c pakalpojuma intensit\u0101tes. Jo m\u0113s redzam &#8211; jo ilg\u0101k pacients sa\u0146em \u0161o pakalpojumu, jo zem\u0101ka vid\u0113j\u0101 intensit\u0101te &#8211; tas noz\u012bm\u0113, ka maz\u0101k \u0101rsta viz\u012btes, maz\u0101k \u0101rsta pal\u012bga vai m\u0101sas viz\u012btes, funkcion\u0101l\u0101 speci\u0101listu viz\u012btes tiek nodro\u0161in\u0101tas \u0161iem pacientiem, un \u0161os pacientus, iesp\u0113jams, var\u0113tu virz\u012bt uz zem\u0101kas intensit\u0101tes pakalpojumu, piem\u0113ram, m\u0101jas apr\u016bpi, kas ir pieejama,&#8221; nor\u0101da NVD amatpersona Voropajeva.<br \/>Tas nenoz\u012bm\u0113 atst\u0101\u0161anu bez atbalsta, ta\u010du tie\u0161i hospisa jeb p\u0113d\u0113j\u0101 posma pakalpojums ir visintens\u012bv\u0101kais un attiec\u012bgi \u2013 d\u0101rg\u0101kais. Un paliat\u012bv\u0101s apr\u016bpes speci\u0101lista ieskat\u0101 norm\u0101la prakse b\u016btu, piem\u0113ram, p\u0113c pirmajiem se\u0161iem m\u0113ne\u0161iem p\u0101rskat\u012bt paliat\u012bvajam pacientam nepiecie\u0161amo medic\u012bnas un soci\u0101l\u0101s apr\u016bpes l\u012bmeni.<\/p>\n","protected":false},"excerpt":{"rendered":"Ta\u010du tagad aina cita, un &#8220;R\u016bres&#8221; pacients dz\u012bvo divreiz ilg\u0101k, un attiec\u012bgi ar\u012b aug vid\u0113j\u0101s izmaksas. Bet p\u0101r\u0113j\u0101m&hellip;\n","protected":false},"author":2,"featured_media":68239,"comment_status":"","ping_status":"","sticky":false,"template":"","format":"standard","meta":{"footnotes":""},"categories":[12],"tags":[23,17519,9819,28,29,32,33,22,30,31,35,39,38,36,37,34,40,20,26,27,24,25,181,21],"class_list":{"0":"post-68238","1":"post","2":"type-post","3":"status-publish","4":"format-standard","5":"has-post-thumbnail","7":"category-latvija","8":"tag-aktualitates","9":"tag-aprupe","10":"tag-arsti","11":"tag-breaking-news","12":"tag-breakingnews","13":"tag-featured-news","14":"tag-featurednews","15":"tag-headlines","16":"tag-latest-news","17":"tag-latestnews","18":"tag-latvia","19":"tag-latvian","20":"tag-latviesu","21":"tag-latviesu-valoda","22":"tag-latviesuvaloda","23":"tag-latvija","24":"tag-lv","25":"tag-news","26":"tag-popularakas-zinas","27":"tag-popularakaszinas","28":"tag-top-stories","29":"tag-topstories","30":"tag-veseliba","31":"tag-zinas"},"share_on_mastodon":{"url":"https:\/\/pubeurope.com\/@lv\/115680219129152576","error":""},"_links":{"self":[{"href":"https:\/\/www.europesays.com\/lv\/wp-json\/wp\/v2\/posts\/68238","targetHints":{"allow":["GET"]}}],"collection":[{"href":"https:\/\/www.europesays.com\/lv\/wp-json\/wp\/v2\/posts"}],"about":[{"href":"https:\/\/www.europesays.com\/lv\/wp-json\/wp\/v2\/types\/post"}],"author":[{"embeddable":true,"href":"https:\/\/www.europesays.com\/lv\/wp-json\/wp\/v2\/users\/2"}],"replies":[{"embeddable":true,"href":"https:\/\/www.europesays.com\/lv\/wp-json\/wp\/v2\/comments?post=68238"}],"version-history":[{"count":0,"href":"https:\/\/www.europesays.com\/lv\/wp-json\/wp\/v2\/posts\/68238\/revisions"}],"wp:featuredmedia":[{"embeddable":true,"href":"https:\/\/www.europesays.com\/lv\/wp-json\/wp\/v2\/media\/68239"}],"wp:attachment":[{"href":"https:\/\/www.europesays.com\/lv\/wp-json\/wp\/v2\/media?parent=68238"}],"wp:term":[{"taxonomy":"category","embeddable":true,"href":"https:\/\/www.europesays.com\/lv\/wp-json\/wp\/v2\/categories?post=68238"},{"taxonomy":"post_tag","embeddable":true,"href":"https:\/\/www.europesays.com\/lv\/wp-json\/wp\/v2\/tags?post=68238"}],"curies":[{"name":"wp","href":"https:\/\/api.w.org\/{rel}","templated":true}]}}