{"id":68253,"date":"2025-12-07T21:02:08","date_gmt":"2025-12-07T21:02:08","guid":{"rendered":"https:\/\/www.europesays.com\/lv\/68253\/"},"modified":"2025-12-07T21:02:08","modified_gmt":"2025-12-07T21:02:08","slug":"ta-liela-mera-sakrit-ar-musu-skatijumu","status":"publish","type":"post","link":"https:\/\/www.europesays.com\/lv\/68253\/","title":{"rendered":"t\u0101 liel\u0101 m\u0113r\u0101 sakr\u012bt ar m\u016bsu skat\u012bjumu"},"content":{"rendered":"<p>\u201c\u0160\u012bs korekcijas, kuras m\u0113s redzam, es teiktu, ka t\u0101s liel\u0101 m\u0113r\u0101 atbilst ar\u012b m\u016bsu redz\u0113jumam,\u201d a\u0123ent\u016bra TASS cit\u0113 agresorvalsts, kas gandr\u012bz \u010detrus gadus turpina asi\u0146ain\u0101ko karu Eirop\u0101 kop\u0161 \u0100dolfa Hitlera laikiem, diktatora runasv\u012bra teikto. Peskovs piebildis, ka Kremlis \u0161o jauno strat\u0113\u0123iju uzskata par &#8220;konstrukt\u012bvam darba \u0137\u012blu&#8221;, lai pan\u0101ktu &#8220;konflikta&#8221; noregul\u0113jumu.<\/p>\n","protected":false},"excerpt":{"rendered":"\u201c\u0160\u012bs korekcijas, kuras m\u0113s redzam, es teiktu, ka t\u0101s liel\u0101 m\u0113r\u0101 atbilst ar\u012b m\u016bsu redz\u0113jumam,\u201d a\u0123ent\u016bra TASS cit\u0113&hellip;\n","protected":false},"author":2,"featured_media":68254,"comment_status":"","ping_status":"","sticky":false,"template":"","format":"standard","meta":{"footnotes":""},"categories":[14],"tags":[23,57,28,29,32,33,22,30,31,35,39,38,36,37,34,40,20,26,27,24,25,54,55,56,21,58],"class_list":{"0":"post-68253","1":"post","2":"type-post","3":"status-publish","4":"format-standard","5":"has-post-thumbnail","7":"category-zinas-no-arvalstim","8":"tag-aktualitates","9":"tag-arvalstim","10":"tag-breaking-news","11":"tag-breakingnews","12":"tag-featured-news","13":"tag-featurednews","14":"tag-headlines","15":"tag-latest-news","16":"tag-latestnews","17":"tag-latvia","18":"tag-latvian","19":"tag-latviesu","20":"tag-latviesu-valoda","21":"tag-latviesuvaloda","22":"tag-latvija","23":"tag-lv","24":"tag-news","25":"tag-popularakas-zinas","26":"tag-popularakaszinas","27":"tag-top-stories","28":"tag-topstories","29":"tag-world","30":"tag-world-news","31":"tag-worldnews","32":"tag-zinas","33":"tag-zinas-no-arvalstim"},"share_on_mastodon":{"url":"https:\/\/pubeurope.com\/@lv\/115680309609703197","error":""},"_links":{"self":[{"href":"https:\/\/www.europesays.com\/lv\/wp-json\/wp\/v2\/posts\/68253","targetHints":{"allow":["GET"]}}],"collection":[{"href":"https:\/\/www.europesays.com\/lv\/wp-json\/wp\/v2\/posts"}],"about":[{"href":"https:\/\/www.europesays.com\/lv\/wp-json\/wp\/v2\/types\/post"}],"author":[{"embeddable":true,"href":"https:\/\/www.europesays.com\/lv\/wp-json\/wp\/v2\/users\/2"}],"replies":[{"embeddable":true,"href":"https:\/\/www.europesays.com\/lv\/wp-json\/wp\/v2\/comments?post=68253"}],"version-history":[{"count":0,"href":"https:\/\/www.europesays.com\/lv\/wp-json\/wp\/v2\/posts\/68253\/revisions"}],"wp:featuredmedia":[{"embeddable":true,"href":"https:\/\/www.europesays.com\/lv\/wp-json\/wp\/v2\/media\/68254"}],"wp:attachment":[{"href":"https:\/\/www.europesays.com\/lv\/wp-json\/wp\/v2\/media?parent=68253"}],"wp:term":[{"taxonomy":"category","embeddable":true,"href":"https:\/\/www.europesays.com\/lv\/wp-json\/wp\/v2\/categories?post=68253"},{"taxonomy":"post_tag","embeddable":true,"href":"https:\/\/www.europesays.com\/lv\/wp-json\/wp\/v2\/tags?post=68253"}],"curies":[{"name":"wp","href":"https:\/\/api.w.org\/{rel}","templated":true}]}}