{"id":68267,"date":"2025-12-07T21:46:08","date_gmt":"2025-12-07T21:46:08","guid":{"rendered":"https:\/\/www.europesays.com\/lv\/68267\/"},"modified":"2025-12-07T21:46:08","modified_gmt":"2025-12-07T21:46:08","slug":"izgazusies-ekspedicija-no-latvijas-uz-krieviju-virietim-ar-zekes-ievietotiem-baloziem-liek-atgriezties-majas-la-lv","status":"publish","type":"post","link":"https:\/\/www.europesays.com\/lv\/68267\/","title":{"rendered":"Izg\u0101zusies \u201ceksped\u012bcija\u201d no Latvijas uz Krieviju: v\u012brietim ar ze\u0137\u0113s ievietotiem balo\u017eiem liek atgriezties m\u0101j\u0101s &#8211; LA.LV"},"content":{"rendered":"<ol>\n<li><a href=\"https:\/\/news.google.com\/rss\/articles\/CBMixAFBVV95cUxNaGJrVFBkeWRqNW5HblZXcFNXeWxMX3RKR19PS2tkUV9EbG9HcWNadktGbHREYjItbE9uTnAzamo1V1pYVWxEcEhJUG96djdEUThpWXRDMm54U01LbDRGOWRBSnhBakdUNXhyY0Y2d2hma09yLVNEdno3cHNQeFAwNVNVekpuWHRyUm9VYzl2ZzJCc0JUdW1PNlpUZ25raVpJRFJQdkZtX25IY3lGakVJR2dXdzBaT2FhdXFIejQ5ZXFuVkFC?oc=5\" target=\"_blank\" rel=\"nofollow noopener\">Izg\u0101zusies \u201ceksped\u012bcija\u201d no Latvijas uz Krieviju: v\u012brietim ar ze\u0137\u0113s ievietotiem balo\u017eiem liek atgriezties m\u0101j\u0101s<\/a>&nbsp;&nbsp;LA.LV<\/li>\n<li><a href=\"https:\/\/news.google.com\/rss\/articles\/CBMixwFBVV95cUxNTGJ4dWhPWFBqZUFaZnczdkp1VU43azIyZld5Y2tYb2JxUUFra0FOVHdfb2pydk03bUVRNUl2c0pEZE0zb21iYm5tbV83U0RBSUlnZVFIeHVuZTBhem9HRXNDTENPTG9fMmJueERLQno5b3MtYjl6TWR5dUtVQWNsT1hqdzZRdjAyQ1lfekVTZ1JLc2pWS09jSHJMQWsxbWpoWVZiaWtSSmlHWmMzRXotaGwtM2M4ZzRvTm1PVE5EdzBQMzRLUEdZ?oc=5\" target=\"_blank\" rel=\"nofollow noopener\">Tr\u012bs gadus vecais \u0161aha br\u012bnumb\u0113rns k\u013c\u016bst par jaun\u0101ko sp\u0113l\u0113t\u0101ju, kur\u0161 ieguvis ofici\u0101lu reitingu<\/a>&nbsp;&nbsp;tv3.lv<\/li>\n<li><a href=\"https:\/\/news.google.com\/rss\/articles\/CBMisgFBVV95cUxPTVdJLUVUMnY4RTJpMGVBTndPN3ZwM2pyWklxb0hrZ1JlS0ZCY3dnUHg0SlVhRlU1dVlhbFlMQ3ZTSVlNbTlpOF9ERnVER0NDNTFxS3hBUHFNaUN3Tnd5b0NUdExGTmNxLVg2S2l5cEhURF9UNU10eFJSRFNuRlN4NlhNUDZrLXNwcEZqWV9wcUFxSVFuTG5OM3RqcVN5YUZjQkRpSGRZTi1INEpod2pZUmVn?oc=5\" target=\"_blank\" rel=\"nofollow noopener\">FOTO: Neparasta kontrabanda no Latvijas \u2013 balo\u017eus uz Krieviju ved ze\u0137\u0113s un \u010demod\u0101n\u0101<\/a>&nbsp;&nbsp;1188.lv<\/li>\n<li><a href=\"https:\/\/news.google.com\/rss\/articles\/CBMitgFBVV95cUxPSWNXVGVDcVkyU1lTYVdlVHdfSk9oZVdSVUpCQ3hRV2U2dTI2RFBLRjl2ZGdmem1TdV84TlNhdGxXQUVEcGF3bXVTUExBNmVqQWNHeVFYazJOTUV5dmptU3NLOWpCSy1zdHExX2RjQXFGUzdhZzZSMG16SklhZ3FRaFd1WHYzRUFiSVVrNF9CMWZYWGRkT1VKZXNDVmNRWEk2NzRSRXh3SGd2aEYyaE05WDZlQ2NvUQ?oc=5\" target=\"_blank\" rel=\"nofollow noopener\">Krievij\u0101 aiztur\u0113ta neparasta krava no Latvijas \u2013 ze\u0137\u0113s &#8220;iesprostoti&#8221; balo\u017ei<\/a>&nbsp;&nbsp;Lente.lv<\/li>\n<li><a href=\"https:\/\/news.google.com\/rss\/articles\/CBMitwFBVV95cUxQek5ScnVlXzItcGVUNEViU0tPR0tfb1JaWkdMQVlqNm9vOUluem5oTDAxRkZQNUlfbURNWEdsM1lqc3FWMWRVTzZuSzhOckRlZmRYLXZlMklfM2dOYTExZ2hBNnZPQVlQTC1PREF1bXNiWnBKMTNCWHYwbVB3TDdZZXV4VXB4WEpmTmlHQW44QTlqM0JST0VZek1sak03dkphdnhsNVVsLThBSDBZTm5HQjlwRVpRRTA?oc=5\" target=\"_blank\" rel=\"nofollow noopener\">Krievij\u0101 aiztur\u0113ta neparasta krava no Latvijas \u2013 ze\u0137\u0113s \u201ciesprostoti\u201d balo\u017ei<\/a>&nbsp;&nbsp;tv3.lv<\/li>\n<\/ol>\n","protected":false},"excerpt":{"rendered":"Izg\u0101zusies \u201ceksped\u012bcija\u201d no Latvijas uz Krieviju: v\u012brietim ar ze\u0137\u0113s ievietotiem balo\u017eiem liek atgriezties m\u0101j\u0101s&nbsp;&nbsp;LA.LV Tr\u012bs gadus vecais \u0161aha&hellip;\n","protected":false},"author":2,"featured_media":68268,"comment_status":"","ping_status":"","sticky":false,"template":"","format":"standard","meta":{"footnotes":""},"categories":[5],"tags":[23,28,29,32,33,22,30,31,35,39,38,36,37,34,40,20,26,27,24,25,21],"class_list":{"0":"post-68267","1":"post","2":"type-post","3":"status-publish","4":"format-standard","5":"has-post-thumbnail","7":"category-aktualitates","8":"tag-aktualitates","9":"tag-breaking-news","10":"tag-breakingnews","11":"tag-featured-news","12":"tag-featurednews","13":"tag-headlines","14":"tag-latest-news","15":"tag-latestnews","16":"tag-latvia","17":"tag-latvian","18":"tag-latviesu","19":"tag-latviesu-valoda","20":"tag-latviesuvaloda","21":"tag-latvija","22":"tag-lv","23":"tag-news","24":"tag-popularakas-zinas","25":"tag-popularakaszinas","26":"tag-top-stories","27":"tag-topstories","28":"tag-zinas"},"share_on_mastodon":{"url":"https:\/\/pubeurope.com\/@lv\/115680482618872568","error":""},"_links":{"self":[{"href":"https:\/\/www.europesays.com\/lv\/wp-json\/wp\/v2\/posts\/68267","targetHints":{"allow":["GET"]}}],"collection":[{"href":"https:\/\/www.europesays.com\/lv\/wp-json\/wp\/v2\/posts"}],"about":[{"href":"https:\/\/www.europesays.com\/lv\/wp-json\/wp\/v2\/types\/post"}],"author":[{"embeddable":true,"href":"https:\/\/www.europesays.com\/lv\/wp-json\/wp\/v2\/users\/2"}],"replies":[{"embeddable":true,"href":"https:\/\/www.europesays.com\/lv\/wp-json\/wp\/v2\/comments?post=68267"}],"version-history":[{"count":0,"href":"https:\/\/www.europesays.com\/lv\/wp-json\/wp\/v2\/posts\/68267\/revisions"}],"wp:featuredmedia":[{"embeddable":true,"href":"https:\/\/www.europesays.com\/lv\/wp-json\/wp\/v2\/media\/68268"}],"wp:attachment":[{"href":"https:\/\/www.europesays.com\/lv\/wp-json\/wp\/v2\/media?parent=68267"}],"wp:term":[{"taxonomy":"category","embeddable":true,"href":"https:\/\/www.europesays.com\/lv\/wp-json\/wp\/v2\/categories?post=68267"},{"taxonomy":"post_tag","embeddable":true,"href":"https:\/\/www.europesays.com\/lv\/wp-json\/wp\/v2\/tags?post=68267"}],"curies":[{"name":"wp","href":"https:\/\/api.w.org\/{rel}","templated":true}]}}