{"id":68273,"date":"2025-12-07T21:58:07","date_gmt":"2025-12-07T21:58:07","guid":{"rendered":"https:\/\/www.europesays.com\/lv\/68273\/"},"modified":"2025-12-07T21:58:07","modified_gmt":"2025-12-07T21:58:07","slug":"beninas-militarpersonu-pazino-par-prezidenta-gasanu-kanceleja-noliedz-un-apgalvo-ka-situacija-ir-kontroleta-lente-lv","status":"publish","type":"post","link":"https:\/\/www.europesays.com\/lv\/68273\/","title":{"rendered":"Beninas milit\u0101rpersonu pazi\u0146o par prezidenta g\u0101\u0161anu; kanceleja noliedz un apgalvo, ka situ\u0101cija ir kontrol\u0113ta\u00a0\u2014\u00a0Lente.lv"},"content":{"rendered":"<p>Beninas milit\u0101rpersonu pazi\u0146ojums par prezidenta g\u0101\u0161anu \u2013 situ\u0101cija joproj\u0101m neskaidra<\/p>\n<p>Sv\u0113tdienas, 2025. gada 7. decembra, r\u012bt\u0101 Beninas medijos par\u0101d\u012bj\u0101s satrauco\u0161as zi\u0146as \u2013 grupa milit\u0101rpersonu valsts telev\u012bzij\u0101 pazi\u0146oja par prezidenta Patrisa Talona g\u0101\u0161anu. \u0160\u012b pazi\u0146ojuma izplat\u012b\u0161an\u0101s rad\u012bja t\u016bl\u012bt\u0113ju satraukumu un neskaidr\u012bbu gan valst\u012b, gan starptautisk\u0101 m\u0113rog\u0101, jo Rietum\u0101frika p\u0113d\u0113jos gados ir piedz\u012bvojusi virkni nestabilu politisko notikumu. Tom\u0113r Talona kanceleja un vald\u012bbas p\u0101rst\u0101vji \u0101tri vien noliedza \u0161os apgalvojumus, uzsverot, ka situ\u0101cija ir \u201cpiln\u012bb\u0101 atjaunota\u201d un nek\u0101ds apv\u0113rsums nav noticis. \u0160\u012b pretrun\u012bg\u0101 inform\u0101cija rad\u012bja haotiskas ainas un sabiedr\u012bb\u0101 pla\u0161i izplat\u012btu trauksmi.<\/p>\n<p>Milit\u0101rpersonu pazi\u0146ojums un t\u0101 sekas<\/p>\n<p>Sevi d\u0113v\u0113jot par \u201cP\u0101rb\u016bves milit\u0101ro komiteju\u201d (CMR), nemiernieki, ko vad\u012bja leitnants pulkvedis Paskals Tigri, publiski pazi\u0146oja par prezidenta Patrisa Talona \u201catcel\u0161anu no amata\u201d un visu valsts instit\u016bciju \u201captur\u0113\u0161anu\u201d. Vi\u0146i ar\u012b zi\u0146oja par valsts robe\u017eu sl\u0113g\u0161anu un konstit\u016bcijas \u201captur\u0113\u0161anu\u201d, solot vad\u012bt valsti un iev\u0113rot starptautisk\u0101s saist\u012bbas. \u0160is pazi\u0146ojums izskan\u0113ja uz nemier\u012bgu notikumu fona, jo kaimi\u0146valstis, piem\u0113ram, Nig\u0113ra un Burkinafaso, jau iepriek\u0161 ir piedz\u012bvoju\u0161as milit\u0101rus apv\u0113rsumus. Tuv\u0101ko stundu laik\u0101 tika zi\u0146ots par spor\u0101disku ap\u0161aud\u0113m pie prezidenta rezidences un valsts telev\u012bzijas \u0113kas, radot papildu bailes un nedro\u0161\u012bbu iedz\u012bvot\u0101ju vid\u016b. \u0100rvalstu v\u0113stniec\u012bbas, tostarp Francijas, mudin\u0101ja savus pilso\u0146us palikt m\u0101j\u0101s dro\u0161\u012bbas apsv\u0113rumu d\u0113\u013c.<\/p>\n<p>Vald\u012bbas noliegums un situ\u0101cijas atjauno\u0161ana<\/p>\n<p>Neskatoties uz nemiernieku pazi\u0146ojumiem, Beninas prezidents Patriks Talons, k\u0101 ar\u012b vi\u0146a biroja un iek\u0161lietu ministra p\u0101rst\u0101vji stingri noliedza jebk\u0101dus apv\u0113rsuma m\u0113\u0123in\u0101jumus. Vi\u0146i apgalvoja, ka neliela karav\u012bru grupa ir veikusi \u201cdump\u012bgu r\u012bc\u012bbu\u201d, lai destabiliz\u0113tu valsti, ta\u010du \u201cregul\u0101r\u0101 armija\u201d \u0101tri vien atguvusi kontroli. Prezidenta birojs pazi\u0146oja, ka prezidents ir \u201cdro\u0161\u012bb\u0101\u201d un ka situ\u0101cija ir \u201cpiln\u012bb\u0101 kontrol\u0113ta\u201d. Iek\u0161lietu ministrs Alassans Seidu v\u0113l\u0101k apstiprin\u0101ja, ka apv\u0113rsuma m\u0113\u0123in\u0101jums ir \u201cnov\u0113rsts\u201d un ka \u201clojalistiski karav\u012bri\u201d ir apspiedu\u0161i nemierniekus. Zi\u0146ots par vismaz 14 aiztur\u0113tiem karav\u012briem, tostarp 12 akt\u012bvajiem dienesta karav\u012briem. Lai gan s\u0101kotn\u0113j\u0101 inform\u0101cija bija pretrun\u012bga un rad\u012bja zin\u0101mu satraukumu, izskat\u0101s, ka Beninas vald\u012bbai ir izdevies saglab\u0101t kontroli p\u0101r situ\u0101ciju, nov\u0113r\u0161ot potenci\u0101lu politisko kr\u012bzi. Prezidents Talons v\u0113l\u0101k uzst\u0101j\u0101s valsts telev\u012bzij\u0101, lai nomierin\u0101tu sabiedr\u012bbu un apliecin\u0101tu, ka valsts ir dro\u0161\u012bb\u0101.<\/p>\n<p>Konteksts un iesp\u0113jam\u0101s sekas<\/p>\n<p>\u0160is notikums notika laik\u0101, kad Benina gatavoj\u0101s prezidenta v\u0113l\u0113\u0161an\u0101m, kas paredz\u0113tas 2026. gada apr\u012bl\u012b. Prezidentam Talonam, kur\u0161 ir pie varas kop\u0161 2016. gada, beidzas vi\u0146a otrais un p\u0113d\u0113jais termi\u0146\u0161, un vi\u0146\u0161 ir pl\u0101nojis atk\u0101pties no amata. Valsts politisk\u0101 aina ir bijusi sam\u0113r\u0101 stabila p\u0113d\u0113jos gados, ta\u010du re\u0123ion\u0101l\u0101s nestabilit\u0101tes tendences, ko pastiprina milit\u0101rie apv\u0113rsumi kaimi\u0146valst\u012bs, rada ba\u017eas. Beninas kaimi\u0146valstis, piem\u0113ram, Nig\u0113ra un Burkinafaso, ir piedz\u012bvoju\u0161as apv\u0113rsumus, savuk\u0101rt Mali un Gvineja ir piedz\u012bvoju\u0161as milit\u0101ras p\u0101r\u0146em\u0161anas nesen\u0101 pag\u0101tn\u0113. \u0160\u0101ds apv\u0113rsuma m\u0113\u0123in\u0101jums, pat ja tas tika \u0101tri nov\u0113rsts, atg\u0101dina par nestabilit\u0101tes risku re\u0123ion\u0101. Rietum\u0101frikas valstu ekonomisk\u0101s kopienas (ECOWAS) organiz\u0101cija stingri nosod\u012bja \u0161o \u201cnekonstitucion\u0101lo g\u0101jienu\u201d, uzsverot, ka tas ir \u201cBeninas tautas gribas sagroz\u012b\u0161ana\u201d. ECOWAS ir ap\u0146\u0113musies sniegt visu nepiecie\u0161amo atbalstu Beninas vald\u012bbai un tautai, lai aizst\u0101v\u0113tu konstit\u016bciju un valsts teritori\u0101lo integrit\u0101ti. \u0160is incidents izgaismo Beninas un visas Rietum\u0101frikas re\u0123iona sare\u017e\u0123\u012bto politisko un dro\u0161\u012bbas situ\u0101ciju.<\/p>\n<p>Prezidenta Talona politiskais ce\u013c\u0161<\/p>\n<p>Patris Talons ir paz\u012bstams k\u0101 biju\u0161ais uz\u0146\u0113m\u0113js, kur\u0161 savu politisko karjeru s\u0101cis k\u0101 viens no galvenajiem finans\u0113t\u0101jiem prezidenta Tomasa Bonija Jaji kampa\u0146ai 2006. gad\u0101. Tom\u0113r vi\u0146u attiec\u012bbas saasin\u0101j\u0101s ap 2011. gadu, un Talons tika aps\u016bdz\u0113ts par m\u0113\u0123in\u0101jumu noorganiz\u0113t apv\u0113rsumu un saind\u0113t prezidentu, kas lika vi\u0146am izce\u013cot uz Franciju. P\u0113c atgrie\u0161an\u0101s Beninas 2015. gad\u0101, vi\u0146\u0161 uzvar\u0113ja 2016. gada prezidenta v\u0113l\u0113\u0161an\u0101s, un tika p\u0101rv\u0113l\u0113ts 2021. gad\u0101. Vi\u0146a vald\u012b\u0161anas laik\u0101 Benina ir piedz\u012bvojusi ekonomisko att\u012bst\u012bbu, ta\u010du kriti\u0137i vi\u0146u aps\u016bdz par autorit\u0101rismu, \u012bpa\u0161i attiec\u012bb\u0101 uz politisko opoz\u012bciju un mediju br\u012bv\u012bbu. Neskatoties uz \u0161iem izaicin\u0101jumiem, Talona administr\u0101cija ir centusies nodro\u0161in\u0101t Beninas stabilit\u0101ti, kas ir bijusi atz\u012bta par vienu no stabil\u0101kaj\u0101m demokr\u0101tij\u0101m \u0100frik\u0101, ta\u010du \u0161is nesenais notikums liecina par eso\u0161ajiem dro\u0161\u012bbas un politiskajiem izaicin\u0101jumiem.<\/p>\n","protected":false},"excerpt":{"rendered":"Beninas milit\u0101rpersonu pazi\u0146ojums par prezidenta g\u0101\u0161anu \u2013 situ\u0101cija joproj\u0101m neskaidra Sv\u0113tdienas, 2025. gada 7. decembra, r\u012bt\u0101 Beninas medijos&hellip;\n","protected":false},"author":2,"featured_media":68274,"comment_status":"","ping_status":"","sticky":false,"template":"","format":"standard","meta":{"footnotes":""},"categories":[5],"tags":[23,17525,17528,28,29,32,33,22,30,31,35,39,38,36,37,34,40,17527,20,17526,26,27,17529,24,25,21],"class_list":{"0":"post-68273","1":"post","2":"type-post","3":"status-publish","4":"format-standard","5":"has-post-thumbnail","7":"category-aktualitates","8":"tag-aktualitates","9":"tag-benina-apversums","10":"tag-beninas-politika","11":"tag-breaking-news","12":"tag-breakingnews","13":"tag-featured-news","14":"tag-featurednews","15":"tag-headlines","16":"tag-latest-news","17":"tag-latestnews","18":"tag-latvia","19":"tag-latvian","20":"tag-latviesu","21":"tag-latviesu-valoda","22":"tag-latviesuvaloda","23":"tag-latvija","24":"tag-lv","25":"tag-militarais-komiteja","26":"tag-news","27":"tag-patris-talons","28":"tag-popularakas-zinas","29":"tag-popularakaszinas","30":"tag-rietumafrika","31":"tag-top-stories","32":"tag-topstories","33":"tag-zinas"},"share_on_mastodon":{"url":"https:\/\/pubeurope.com\/@lv\/115680529950758607","error":""},"_links":{"self":[{"href":"https:\/\/www.europesays.com\/lv\/wp-json\/wp\/v2\/posts\/68273","targetHints":{"allow":["GET"]}}],"collection":[{"href":"https:\/\/www.europesays.com\/lv\/wp-json\/wp\/v2\/posts"}],"about":[{"href":"https:\/\/www.europesays.com\/lv\/wp-json\/wp\/v2\/types\/post"}],"author":[{"embeddable":true,"href":"https:\/\/www.europesays.com\/lv\/wp-json\/wp\/v2\/users\/2"}],"replies":[{"embeddable":true,"href":"https:\/\/www.europesays.com\/lv\/wp-json\/wp\/v2\/comments?post=68273"}],"version-history":[{"count":0,"href":"https:\/\/www.europesays.com\/lv\/wp-json\/wp\/v2\/posts\/68273\/revisions"}],"wp:featuredmedia":[{"embeddable":true,"href":"https:\/\/www.europesays.com\/lv\/wp-json\/wp\/v2\/media\/68274"}],"wp:attachment":[{"href":"https:\/\/www.europesays.com\/lv\/wp-json\/wp\/v2\/media?parent=68273"}],"wp:term":[{"taxonomy":"category","embeddable":true,"href":"https:\/\/www.europesays.com\/lv\/wp-json\/wp\/v2\/categories?post=68273"},{"taxonomy":"post_tag","embeddable":true,"href":"https:\/\/www.europesays.com\/lv\/wp-json\/wp\/v2\/tags?post=68273"}],"curies":[{"name":"wp","href":"https:\/\/api.w.org\/{rel}","templated":true}]}}