{"id":68277,"date":"2025-12-07T22:04:19","date_gmt":"2025-12-07T22:04:19","guid":{"rendered":"https:\/\/www.europesays.com\/lv\/68277\/"},"modified":"2025-12-07T22:04:19","modified_gmt":"2025-12-07T22:04:19","slug":"ziemassvetku-vecisu-skrejiena-vecriga-dalibnieku-rekords-raksts","status":"publish","type":"post","link":"https:\/\/www.europesays.com\/lv\/68277\/","title":{"rendered":"Ziemassv\u0113tku vec\u012b\u0161u skr\u0113jien\u0101 Vecr\u012bg\u0101 \u2013 dal\u012bbnieku rekords \/ Raksts"},"content":{"rendered":"<p>Ar jautriem smiekliem un saucieniem &#8220;Jo-ho-ho-hooo!&#8221; un &#8220;Priec\u012bgus Ziemassv\u0113tkus!&#8221; sv\u0113tdien, 7.\u00a0decembr\u012b, aptuveni 1000 Ziemassv\u0113tku vec\u012b\u0161u, r\u016b\u0137\u012b\u0161u, zieme\u013cbrie\u017eu un ar\u012b Grin\u010du pieskandin\u0101ja Vecr\u012bgu un t\u0101s apk\u0101rtni, dodoties ikgad\u0113j\u0101 Ziemassv\u0113tku vec\u012b\u0161u skr\u0113jien\u0101.<\/p>\n<p style=\"margin-left:0cm; margin-right:0cm\">Kaut ar\u012b m\u0101te daba \u0161ogad Latvij\u0101 v\u0113l nav sar\u016bp\u0113jusi notur\u012bgu sniega segu, par Ziemassv\u0113tku saj\u016btu varam par\u016bp\u0113ties pa\u0161i \u2013 ar smaidiem un kop\u0101 b\u016b\u0161anu. T\u0101 saka Ziemassv\u0113tku vec\u012b\u0161u skr\u0113jiena dal\u012bbnieki. Un ar\u012b ar pal\u012bdz\u012bbu citiem, jo ien\u0101kumi no dal\u012bbas maksas tiek ziedoti labdar\u012bbai. \u0160o pas\u0101kumu jau 19 reizi organiz\u0113 &#8220;R\u012bga Rotary klubs&#8221;.<\/p>\n<p style=\"margin-left:0cm; margin-right:0cm\">R\u012bgas Starptautisk\u0101 Rotari kluba valdes locekle Guna Caune past\u0101st\u012bja, ka &#8220;\u0161ogad Ziemassv\u0113tku vec\u012b\u0161a skr\u0113jiens &#8220;Run for fun&#8221; m\u0113r\u0137is ir sav\u0101kt l\u012bdzek\u013cus b\u0113rnu mobilajam vesel\u012bbas apr\u016bpes centram. T\u0101 ir liela kr\u0101saina ma\u0161\u012bna, ar kuru ikdien\u0101 m\u016bsu organiz\u0101cijas \u0101rsti dodas pie b\u0113rniem uz Latvijas re\u0123ioniem.&#8221;<\/p>\n<p style=\"margin-left:0cm; margin-right:0cm\">&#8220;Un galvenais m\u0113r\u0137is ir b\u016bt kop\u0101 ar \u0123imeni, kop\u0101 ar draugiem, jauki pavad\u012bt \u0161o pirmssv\u0113tku laiku un b\u016bt visiem kop\u0101,&#8221; piebilda Caune.<\/p>\n<p style=\"margin-left:0cm; margin-right:0cm\">Organizatori priec\u0101jas, ka Ziemassv\u0113tku vec\u012b\u0161u skaits aug. Iepriek\u0161\u0113jos divus gadus pas\u0101kum\u0101 piedal\u012bj\u0101s ap 600 dal\u012bbnieku, tad \u0161ogad \u2013 jau vair\u0101k nek\u0101 1000.<\/p>\n<p style=\"margin-left:0cm; margin-right:0cm\"><img decoding=\"async\" src=\"https:\/\/www.europesays.com\/lv\/wp-content\/uploads\/2025\/12\/s6ss.jpg\" alt=\"Ziemassv\u0113tku vec\u012b\u0161u skr\u0113jiens &quot;Santa Fun Run&quot;, 07.12.2025\"\/>Ziemassv\u0113tku vec\u012b\u0161u skr\u0113jiens &#8220;Santa Fun Run&#8221;, 07.12.2025<\/p>\n<p>Foto: LETA, Paula \u010curkste<\/p>\n<p><img decoding=\"async\" src=\"https:\/\/www.europesays.com\/lv\/wp-content\/uploads\/2025\/12\/s6st.jpg\" alt=\"Ziemassv\u0113tku vec\u012b\u0161u skr\u0113jiens &quot;Santa Fun Run&quot;, 07.12.2025\"\/>Ziemassv\u0113tku vec\u012b\u0161u skr\u0113jiens &#8220;Santa Fun Run&#8221;, 07.12.2025<\/p>\n<p>Foto: LETA, Paula \u010curkste<\/p>\n<p>Ziemassv\u0113tku vec\u012b\u0161u skr\u0113jiens &#8220;Santa Fun Run&#8221; Doma laukum\u0101.<img decoding=\"async\" src=\"https:\/\/www.europesays.com\/lv\/wp-content\/uploads\/2025\/12\/s6su.jpg\" alt=\"Ziemassv\u0113tku vec\u012b\u0161u skr\u0113jiens &quot;Santa Fun Run&quot;, 07.12.2025\"\/>Ziemassv\u0113tku vec\u012b\u0161u skr\u0113jiens &#8220;Santa Fun Run&#8221;, 07.12.2025<\/p>\n<p>Foto: LETA, Paula \u010curkste<\/p>\n<p>Ziemassv\u0113tku vec\u012b\u0161u skr\u0113jiens &#8220;Santa Fun Run&#8221; Doma laukum\u0101.<img decoding=\"async\" src=\"https:\/\/www.europesays.com\/lv\/wp-content\/uploads\/2025\/12\/s6sv.jpg\" alt=\"Ziemassv\u0113tku vec\u012b\u0161u skr\u0113jiens &quot;Santa Fun Run&quot;, 07.12.2025\"\/>Ziemassv\u0113tku vec\u012b\u0161u skr\u0113jiens &#8220;Santa Fun Run&#8221;, 07.12.2025<\/p>\n<p>Foto: LETA, Paula \u010curkste<\/p>\n<p>Ziemassv\u0113tku vec\u012b\u0161u skr\u0113jiens &#8220;Santa Fun Run&#8221; Doma laukum\u0101.<img decoding=\"async\" src=\"https:\/\/www.europesays.com\/lv\/wp-content\/uploads\/2025\/12\/s6sw.jpg\" alt=\"Ziemassv\u0113tku vec\u012b\u0161u skr\u0113jiens &quot;Santa Fun Run&quot;, 07.12.2025\"\/>Ziemassv\u0113tku vec\u012b\u0161u skr\u0113jiens &#8220;Santa Fun Run&#8221;, 07.12.2025<\/p>\n<p>Foto: LETA, Paula \u010curkste<\/p>\n<p>Ziemassv\u0113tku vec\u012b\u0161u skr\u0113jiens &#8220;Santa Fun Run&#8221; Doma laukum\u0101.<img decoding=\"async\" src=\"https:\/\/www.europesays.com\/lv\/wp-content\/uploads\/2025\/12\/s6sx.jpg\" alt=\"Ziemassv\u0113tku vec\u012b\u0161u skr\u0113jiens &quot;Santa Fun Run&quot;, 07.12.2025\"\/>Ziemassv\u0113tku vec\u012b\u0161u skr\u0113jiens &#8220;Santa Fun Run&#8221;, 07.12.2025<\/p>\n<p>Foto: LETA, Paula \u010curkste<\/p>\n<p>Ziemassv\u0113tku vec\u012b\u0161u skr\u0113jiens &#8220;Santa Fun Run&#8221; Doma laukum\u0101.<img decoding=\"async\" src=\"https:\/\/www.europesays.com\/lv\/wp-content\/uploads\/2025\/12\/s6sy.jpg\" alt=\"Ziemassv\u0113tku vec\u012b\u0161u skr\u0113jiens &quot;Santa Fun Run&quot;, 07.12.2025\"\/>Ziemassv\u0113tku vec\u012b\u0161u skr\u0113jiens &#8220;Santa Fun Run&#8221;, 07.12.2025<\/p>\n<p>Foto: LETA, Paula \u010curkste<\/p>\n<p>Ziemassv\u0113tku vec\u012b\u0161u skr\u0113jiens &#8220;Santa Fun Run&#8221; Doma laukum\u0101.<img decoding=\"async\" src=\"https:\/\/www.europesays.com\/lv\/wp-content\/uploads\/2025\/12\/s6sz.jpg\" alt=\"Ziemassv\u0113tku vec\u012b\u0161u skr\u0113jiens &quot;Santa Fun Run&quot;, 07.12.2025\"\/>Ziemassv\u0113tku vec\u012b\u0161u skr\u0113jiens &#8220;Santa Fun Run&#8221;, 07.12.2025<\/p>\n<p>Foto: LETA, Paula \u010curkste<\/p>\n<p>Ziemassv\u0113tku vec\u012b\u0161u skr\u0113jiens &#8220;Santa Fun Run&#8221; Doma laukum\u0101.<img decoding=\"async\" src=\"https:\/\/www.europesays.com\/lv\/wp-content\/uploads\/2025\/12\/s6t0.jpg\" alt=\"Ziemassv\u0113tku vec\u012b\u0161u skr\u0113jiens &quot;Santa Fun Run&quot;, 07.12.2025\"\/>Ziemassv\u0113tku vec\u012b\u0161u skr\u0113jiens &#8220;Santa Fun Run&#8221;, 07.12.2025<\/p>\n<p>Foto: LETA, Paula \u010curkste<\/p>\n<p>Ziemassv\u0113tku vec\u012b\u0161u skr\u0113jiens &#8220;Santa Fun Run&#8221; Doma laukum\u0101.<img decoding=\"async\" src=\"https:\/\/www.europesays.com\/lv\/wp-content\/uploads\/2025\/12\/s6t1.jpg\" alt=\"Ziemassv\u0113tku vec\u012b\u0161u skr\u0113jiens &quot;Santa Fun Run&quot;, 07.12.2025\"\/>Ziemassv\u0113tku vec\u012b\u0161u skr\u0113jiens &#8220;Santa Fun Run&#8221;, 07.12.2025<\/p>\n<p>Foto: LETA, Paula \u010curkste<\/p>\n<p>Ziemassv\u0113tku vec\u012b\u0161u skr\u0113jiens &#8220;Santa Fun Run&#8221; Doma laukum\u0101.<img decoding=\"async\" src=\"https:\/\/www.europesays.com\/lv\/wp-content\/uploads\/2025\/12\/s6t2.jpg\" alt=\"Ziemassv\u0113tku vec\u012b\u0161u skr\u0113jiens &quot;Santa Fun Run&quot;, 07.12.2025\"\/>Ziemassv\u0113tku vec\u012b\u0161u skr\u0113jiens &#8220;Santa Fun Run&#8221;, 07.12.2025<\/p>\n<p>Foto: LETA, Paula \u010curkste<\/p>\n<p>Ziemassv\u0113tku vec\u012b\u0161u skr\u0113jiens &#8220;Santa Fun Run&#8221; Doma laukum\u0101.<img decoding=\"async\" src=\"https:\/\/www.europesays.com\/lv\/wp-content\/uploads\/2025\/12\/s6t3.jpg\" alt=\"Ziemassv\u0113tku vec\u012b\u0161u skr\u0113jiens &quot;Santa Fun Run&quot;, 07.12.2025\"\/>Ziemassv\u0113tku vec\u012b\u0161u skr\u0113jiens &#8220;Santa Fun Run&#8221;, 07.12.2025<\/p>\n<p>Foto: LETA, Paula \u010curkste<\/p>\n<p>Ziemassv\u0113tku vec\u012b\u0161u skr\u0113jiens &#8220;Santa Fun Run&#8221; Doma laukum\u0101.<img decoding=\"async\" src=\"https:\/\/www.europesays.com\/lv\/wp-content\/uploads\/2025\/12\/s6t4.jpg\" alt=\"Ziemassv\u0113tku vec\u012b\u0161u skr\u0113jiens &quot;Santa Fun Run&quot;, 07.12.2025\"\/>Ziemassv\u0113tku vec\u012b\u0161u skr\u0113jiens &#8220;Santa Fun Run&#8221;, 07.12.2025<\/p>\n<p>Foto: LETA, Paula \u010curkste<\/p>\n<p>Ziemassv\u0113tku vec\u012b\u0161u skr\u0113jiens &#8220;Santa Fun Run&#8221; Doma laukum\u0101.<img decoding=\"async\" src=\"https:\/\/www.europesays.com\/lv\/wp-content\/uploads\/2025\/12\/s6t5.jpg\" alt=\"Ziemassv\u0113tku vec\u012b\u0161u skr\u0113jiens &quot;Santa Fun Run&quot;, 07.12.2025\"\/>Ziemassv\u0113tku vec\u012b\u0161u skr\u0113jiens &#8220;Santa Fun Run&#8221;, 07.12.2025<\/p>\n<p>Foto: LETA, Paula \u010curkste<\/p>\n<p>Ziemassv\u0113tku vec\u012b\u0161u skr\u0113jiens &#8220;Santa Fun Run&#8221; Doma laukum\u0101.<img decoding=\"async\" src=\"https:\/\/www.europesays.com\/lv\/wp-content\/uploads\/2025\/12\/s6t6.jpg\" alt=\"Ziemassv\u0113tku vec\u012b\u0161u skr\u0113jiens &quot;Santa Fun Run&quot;, 07.12.2025\"\/>Ziemassv\u0113tku vec\u012b\u0161u skr\u0113jiens &#8220;Santa Fun Run&#8221;, 07.12.2025<\/p>\n<p>Foto: LETA, Paula \u010curkste<\/p>\n<p>Ziemassv\u0113tku vec\u012b\u0161u skr\u0113jiens &#8220;Santa Fun Run&#8221; Doma laukum\u0101.<img decoding=\"async\" src=\"https:\/\/www.europesays.com\/lv\/wp-content\/uploads\/2025\/12\/s6t7.jpg\" alt=\"Ziemassv\u0113tku vec\u012b\u0161u skr\u0113jiens &quot;Santa Fun Run&quot;, 07.12.2025\"\/>Ziemassv\u0113tku vec\u012b\u0161u skr\u0113jiens &#8220;Santa Fun Run&#8221;, 07.12.2025<\/p>\n<p>Foto: LETA, Paula \u010curkste<\/p>\n<p>Ziemassv\u0113tku vec\u012b\u0161u skr\u0113jiens &#8220;Santa Fun Run&#8221; Doma laukum\u0101.<img decoding=\"async\" src=\"https:\/\/www.europesays.com\/lv\/wp-content\/uploads\/2025\/12\/s6t8.jpg\" alt=\"Ziemassv\u0113tku vec\u012b\u0161u skr\u0113jiens &quot;Santa Fun Run&quot;, 07.12.2025\"\/>Ziemassv\u0113tku vec\u012b\u0161u skr\u0113jiens &#8220;Santa Fun Run&#8221;, 07.12.2025<\/p>\n<p>Foto: LETA, Paula \u010curkste<\/p>\n<p>Ziemassv\u0113tku vec\u012b\u0161u skr\u0113jiens &#8220;Santa Fun Run&#8221; Doma laukum\u0101.<\/p>\n<p>                    Valodas k\u013c\u016bda rakst\u0101?<\/p>\n<p class=\"d-none d-md-block\">Iez\u012bm\u0113jiet tekstu un spiediet Ctrl+Enter, lai nos\u016bt\u012btu labojamo teksta fragmentu redaktoram! Par faktu k\u013c\u016bd\u0101m l\u016bdzam zi\u0146ot e-past\u0101 <a href=\"https:\/\/www.lsm.lv\/cdn-cgi\/l\/email-protection\" class=\"__cf_email__\" data-cfemail=\"a3d1c6c7c2c8c0cac9c2e3cfd0ce8dcfd5\" rel=\"nofollow noopener\" target=\"_blank\">[email\u00a0protected]<\/a>.<\/p>\n<p class=\"d-md-none\">Iez\u012bm\u0113jiet tekstu un spiediet uz Zi\u0146ot par k\u013c\u016bdu pogas, lai nos\u016bt\u012btu labojamo teksta fragmentu redaktoram!<\/p>\n<p>\n                    Zi\u0146ot par k\u013c\u016bdu\n                <\/p>\n","protected":false},"excerpt":{"rendered":"Ar jautriem smiekliem un saucieniem &#8220;Jo-ho-ho-hooo!&#8221; un &#8220;Priec\u012bgus Ziemassv\u0113tkus!&#8221; sv\u0113tdien, 7.\u00a0decembr\u012b, aptuveni 1000 Ziemassv\u0113tku vec\u012b\u0161u, r\u016b\u0137\u012b\u0161u, zieme\u013cbrie\u017eu un&hellip;\n","protected":false},"author":2,"featured_media":68278,"comment_status":"","ping_status":"","sticky":false,"template":"","format":"standard","meta":{"footnotes":""},"categories":[5],"tags":[23,28,29,32,33,22,30,31,35,39,38,36,37,34,40,20,26,27,24,25,21],"class_list":{"0":"post-68277","1":"post","2":"type-post","3":"status-publish","4":"format-standard","5":"has-post-thumbnail","7":"category-aktualitates","8":"tag-aktualitates","9":"tag-breaking-news","10":"tag-breakingnews","11":"tag-featured-news","12":"tag-featurednews","13":"tag-headlines","14":"tag-latest-news","15":"tag-latestnews","16":"tag-latvia","17":"tag-latvian","18":"tag-latviesu","19":"tag-latviesu-valoda","20":"tag-latviesuvaloda","21":"tag-latvija","22":"tag-lv","23":"tag-news","24":"tag-popularakas-zinas","25":"tag-popularakaszinas","26":"tag-top-stories","27":"tag-topstories","28":"tag-zinas"},"share_on_mastodon":{"url":"https:\/\/pubeurope.com\/@lv\/115680553703198421","error":""},"_links":{"self":[{"href":"https:\/\/www.europesays.com\/lv\/wp-json\/wp\/v2\/posts\/68277","targetHints":{"allow":["GET"]}}],"collection":[{"href":"https:\/\/www.europesays.com\/lv\/wp-json\/wp\/v2\/posts"}],"about":[{"href":"https:\/\/www.europesays.com\/lv\/wp-json\/wp\/v2\/types\/post"}],"author":[{"embeddable":true,"href":"https:\/\/www.europesays.com\/lv\/wp-json\/wp\/v2\/users\/2"}],"replies":[{"embeddable":true,"href":"https:\/\/www.europesays.com\/lv\/wp-json\/wp\/v2\/comments?post=68277"}],"version-history":[{"count":0,"href":"https:\/\/www.europesays.com\/lv\/wp-json\/wp\/v2\/posts\/68277\/revisions"}],"wp:featuredmedia":[{"embeddable":true,"href":"https:\/\/www.europesays.com\/lv\/wp-json\/wp\/v2\/media\/68278"}],"wp:attachment":[{"href":"https:\/\/www.europesays.com\/lv\/wp-json\/wp\/v2\/media?parent=68277"}],"wp:term":[{"taxonomy":"category","embeddable":true,"href":"https:\/\/www.europesays.com\/lv\/wp-json\/wp\/v2\/categories?post=68277"},{"taxonomy":"post_tag","embeddable":true,"href":"https:\/\/www.europesays.com\/lv\/wp-json\/wp\/v2\/tags?post=68277"}],"curies":[{"name":"wp","href":"https:\/\/api.w.org\/{rel}","templated":true}]}}