{"id":68289,"date":"2025-12-07T22:26:08","date_gmt":"2025-12-07T22:26:08","guid":{"rendered":"https:\/\/www.europesays.com\/lv\/68289\/"},"modified":"2025-12-07T22:26:08","modified_gmt":"2025-12-07T22:26:08","slug":"asv-aizsardzibas-ministrs-pits-hegsets-sola-ipasu-labvelibu-parauga-sabiedrotajiem-jauns-lv","status":"publish","type":"post","link":"https:\/\/www.europesays.com\/lv\/68289\/","title":{"rendered":"ASV aizsardz\u012bbas ministrs P\u012bts Hegsets sola \u012bpa\u0161u labv\u0113l\u012bbu &quot;parauga sabiedrotajiem&quot; &#8211; Jauns.lv"},"content":{"rendered":"<ol>\n<li><a href=\"https:\/\/news.google.com\/rss\/articles\/CBMivgFBVV95cUxOZ0x0QXp3eTRRblVUUDV6QVAtNzlsV2hKSExFVkotMDJmWENpZ0RKdG1BZkNPaTRIaWtHb2FTU19YS2VFc0JPTEw1RUpPVkZTS2lodHd6MDZJMEFsMTI4YVNhQ1RNZHZTZUhhTmM2QnNvdXJmREd3RkRFZjh5dm1KNm9vcWtHcjVQaFNqUWpCR3JqczJHTGhWS3pQZVdLdERYSXVGS2NyVWhLTldLa2ZCc2x0T2RsaTEwcUtCTXZR?oc=5\" target=\"_blank\" rel=\"nofollow noopener\">ASV aizsardz\u012bbas ministrs P\u012bts Hegsets sola \u012bpa\u0161u labv\u0113l\u012bbu &#8220;parauga sabiedrotajiem&#8221;<\/a>&nbsp;&nbsp;Jauns.lv<\/li>\n<li><a href=\"https:\/\/news.google.com\/rss\/articles\/CBMitgFBVV95cUxOZ1BsU1U0b3FFNGZhTTU5Y0hUTGtlOHBzU3diMXJEMmN4M3U1T2pwa1BwaHc2cHBuTDNmektPOFk4SVdJRkZjUXFJbG5IWGZsUTNIN3VsWjRzNHBxZGRqX0RhTDJXRzV1YXQ4TENvQnY5ODl4SXZNOERPLUtxNFBHeVd1MHJWdEc4ZDluS1RXYjBlWmdQZHhEM2ItMV84cC1lamY5cUhXOVpSS053a0JkNkV5NTlDZw?oc=5\" target=\"_blank\" rel=\"nofollow noopener\">\u201cM\u016bsu sabiedrotie nav b\u0113rni.\u201d Hegsets slav\u0113 Baltijas valstis un sola \u012bpa\u0161u ASV atbalstu<\/a>&nbsp;&nbsp;tv3.lv<\/li>\n<li><a href=\"https:\/\/news.google.com\/rss\/articles\/CBMi2AFBVV95cUxOdkdsUjNZRmFqZzgwSThiZjl1UG5RdE94TUNlSDA3ZlJTeWQyVjU0bjNObFdyb2ZpWm5rTmwwODlkZDhFX0xHYm9XblMwdWs4LUdtSHpMbWNMREhyR2xGaDdpV0dhd3FQLS05QUwwa0hKd1Y0cWUyT3FadFhOX3l5eEJUUUZ3bG1BQ0pVTnc2OEl6eS16dUEwTnk5VDhueGR6M3M4THpMbE1IR1JIM19JSEl1aGZPTjBKNlhoWThsbDR1M3FvYk9HVkZ2b3BwSzBybXNuTXBMVm0?oc=5\" target=\"_blank\" rel=\"nofollow noopener\">ASV aizsardz\u012bbas ministrs: Baltijas valstis ir &#8220;parauga sabiedrotie&#8221;, sola \u012bpa\u0161u labv\u0113l\u012bbu<\/a>&nbsp;&nbsp;Lente.lv<\/li>\n<li><a href=\"https:\/\/news.google.com\/rss\/articles\/CBMikAFBVV95cUxORjU3aWFYVXVtVGl2Mi1MV1ZKdmpMc2FpbjRRQWs1QlYwTEZ5Q3RpaTd1MXpzUUlNajY5djBjeV9HRHJFUC04aTdxazJYUk9VM1ZXdEEySUxZcXJna3Fua1N3MkJoR1A5b29yNWUySEJKR1ZJOVVsSV9JclJ3LXotdkJQbzFoeUt3eXlSMnBMdEU?oc=5\" target=\"_blank\" rel=\"nofollow noopener\">Pentagona vad\u012bt\u0101js Baltijas valstis nosauc par \u201cparauga sabiedrotajiem\u201d<\/a>&nbsp;&nbsp;LA.LV<\/li>\n<\/ol>\n","protected":false},"excerpt":{"rendered":"ASV aizsardz\u012bbas ministrs P\u012bts Hegsets sola \u012bpa\u0161u labv\u0113l\u012bbu &#8220;parauga sabiedrotajiem&#8221;&nbsp;&nbsp;Jauns.lv \u201cM\u016bsu sabiedrotie nav b\u0113rni.\u201d Hegsets slav\u0113 Baltijas valstis&hellip;\n","protected":false},"author":2,"featured_media":68290,"comment_status":"","ping_status":"","sticky":false,"template":"","format":"standard","meta":{"footnotes":""},"categories":[14],"tags":[23,57,28,29,32,33,22,30,31,35,39,38,36,37,34,40,20,26,27,24,25,54,55,56,21,58],"class_list":{"0":"post-68289","1":"post","2":"type-post","3":"status-publish","4":"format-standard","5":"has-post-thumbnail","7":"category-zinas-no-arvalstim","8":"tag-aktualitates","9":"tag-arvalstim","10":"tag-breaking-news","11":"tag-breakingnews","12":"tag-featured-news","13":"tag-featurednews","14":"tag-headlines","15":"tag-latest-news","16":"tag-latestnews","17":"tag-latvia","18":"tag-latvian","19":"tag-latviesu","20":"tag-latviesu-valoda","21":"tag-latviesuvaloda","22":"tag-latvija","23":"tag-lv","24":"tag-news","25":"tag-popularakas-zinas","26":"tag-popularakaszinas","27":"tag-top-stories","28":"tag-topstories","29":"tag-world","30":"tag-world-news","31":"tag-worldnews","32":"tag-zinas","33":"tag-zinas-no-arvalstim"},"share_on_mastodon":{"url":"https:\/\/pubeurope.com\/@lv\/115680639924523941","error":""},"_links":{"self":[{"href":"https:\/\/www.europesays.com\/lv\/wp-json\/wp\/v2\/posts\/68289","targetHints":{"allow":["GET"]}}],"collection":[{"href":"https:\/\/www.europesays.com\/lv\/wp-json\/wp\/v2\/posts"}],"about":[{"href":"https:\/\/www.europesays.com\/lv\/wp-json\/wp\/v2\/types\/post"}],"author":[{"embeddable":true,"href":"https:\/\/www.europesays.com\/lv\/wp-json\/wp\/v2\/users\/2"}],"replies":[{"embeddable":true,"href":"https:\/\/www.europesays.com\/lv\/wp-json\/wp\/v2\/comments?post=68289"}],"version-history":[{"count":0,"href":"https:\/\/www.europesays.com\/lv\/wp-json\/wp\/v2\/posts\/68289\/revisions"}],"wp:featuredmedia":[{"embeddable":true,"href":"https:\/\/www.europesays.com\/lv\/wp-json\/wp\/v2\/media\/68290"}],"wp:attachment":[{"href":"https:\/\/www.europesays.com\/lv\/wp-json\/wp\/v2\/media?parent=68289"}],"wp:term":[{"taxonomy":"category","embeddable":true,"href":"https:\/\/www.europesays.com\/lv\/wp-json\/wp\/v2\/categories?post=68289"},{"taxonomy":"post_tag","embeddable":true,"href":"https:\/\/www.europesays.com\/lv\/wp-json\/wp\/v2\/tags?post=68289"}],"curies":[{"name":"wp","href":"https:\/\/api.w.org\/{rel}","templated":true}]}}