{"id":68295,"date":"2025-12-07T22:30:09","date_gmt":"2025-12-07T22:30:09","guid":{"rendered":"https:\/\/www.europesays.com\/lv\/68295\/"},"modified":"2025-12-07T22:30:09","modified_gmt":"2025-12-07T22:30:09","slug":"par-ttt-dzive-un-filma","status":"publish","type":"post","link":"https:\/\/www.europesays.com\/lv\/68295\/","title":{"rendered":"Par TTT \u2014 dz\u012bv\u0113 un film\u0101"},"content":{"rendered":"<p>\u2033Pirms filmas uz\u0146em\u0161anas man bija tik daudz sarunu un tik\u0161anos ar re\u017eisoru Dzintaru Dreibergu. Biju iedom\u0101jusies, ka galvenok\u0101rt st\u0101sts b\u016bs par pa\u0161u TTT komandu, ta\u010du rezult\u0101ts bija p\u0101rsteidzo\u0161s&#8230; lab\u0101 noz\u012bm\u0113. Tik daudznoz\u012bm\u012bga un patriotiska! Uzjund\u012bja atmi\u0146as, filmas pirmizr\u0101d\u0113, kad re\u017eisors nosauca manu uzv\u0101rdu, visi z\u0101l\u0113 s\u0113do\u0161ie piec\u0113l\u0101s un aplaud\u0113ja, \u0161o momentu mana vec\u0101k\u0101 meita Evija Rodke ielikusi sav\u0101 feisbuka vietn\u0113. Tas mani aizkustin\u0101ja l\u012bdz asar\u0101m. Kaut ko t\u0101du sav\u0101 dz\u012bv\u0113 pieredzu otro reizi. Pirm\u0101 reize bija, kad pasaules \u010dempion\u0101t\u0101 16 gadu vecum\u0101 izc\u012bn\u012bju pirmo zelta meda\u013cu. No 51 izc\u012bn\u012bt\u0101 punkta man\u0113jie bija 26, toreiz apbalvo\u0161anas br\u012bd\u012b Lu\u017e\u0146iku stadion\u0101 vair\u0101k nek\u0101 12 t\u016bksto\u0161i l\u012bdzjut\u0113ju pagodino\u0161i sauca: Skai-dr\u012b-te!, Skai-dr\u012b-te, Skai-dr\u012b-te!&#8230; Filmai beidzoties, mana meita jaut\u0101ja: \u201cK\u0101, vai tas ir viss? Man filma pag\u0101ja vien\u0101 elpas vilcien\u0101, grib\u0113j\u0101s v\u0113l un v\u0113l! Grib\u0113j\u0101s redz\u0113t un izdz\u012bvot VISUS pasaules lab\u0101k\u0101s sievie\u0161u basketbola komandas TTT slavas mirk\u013cus!\u201d Saprotu, ka \u0161\u012b ir sp\u0113lfilma, bet ceru, ka n\u0101kotn\u0113 k\u0101ds uz\u0146ems dokument\u0101lo st\u0101stu par m\u016bsu izcilaj\u0101m basketbola meiten\u0113m, kuras c\u012bn\u012bj\u0101s k\u0101 viena vesela komanda.\u201d<\/p>\n","protected":false},"excerpt":{"rendered":"\u2033Pirms filmas uz\u0146em\u0161anas man bija tik daudz sarunu un tik\u0161anos ar re\u017eisoru Dzintaru Dreibergu. Biju iedom\u0101jusies, ka galvenok\u0101rt&hellip;\n","protected":false},"author":2,"featured_media":68296,"comment_status":"","ping_status":"","sticky":false,"template":"","format":"standard","meta":{"footnotes":""},"categories":[17],"tags":[35,39,38,36,37,34,40,67],"class_list":{"0":"post-68295","1":"post","2":"type-post","3":"status-publish","4":"format-standard","5":"has-post-thumbnail","7":"category-sports","8":"tag-latvia","9":"tag-latvian","10":"tag-latviesu","11":"tag-latviesu-valoda","12":"tag-latviesuvaloda","13":"tag-latvija","14":"tag-lv","15":"tag-sports"},"share_on_mastodon":{"url":"https:\/\/pubeurope.com\/@lv\/115680655690282516","error":""},"_links":{"self":[{"href":"https:\/\/www.europesays.com\/lv\/wp-json\/wp\/v2\/posts\/68295","targetHints":{"allow":["GET"]}}],"collection":[{"href":"https:\/\/www.europesays.com\/lv\/wp-json\/wp\/v2\/posts"}],"about":[{"href":"https:\/\/www.europesays.com\/lv\/wp-json\/wp\/v2\/types\/post"}],"author":[{"embeddable":true,"href":"https:\/\/www.europesays.com\/lv\/wp-json\/wp\/v2\/users\/2"}],"replies":[{"embeddable":true,"href":"https:\/\/www.europesays.com\/lv\/wp-json\/wp\/v2\/comments?post=68295"}],"version-history":[{"count":0,"href":"https:\/\/www.europesays.com\/lv\/wp-json\/wp\/v2\/posts\/68295\/revisions"}],"wp:featuredmedia":[{"embeddable":true,"href":"https:\/\/www.europesays.com\/lv\/wp-json\/wp\/v2\/media\/68296"}],"wp:attachment":[{"href":"https:\/\/www.europesays.com\/lv\/wp-json\/wp\/v2\/media?parent=68295"}],"wp:term":[{"taxonomy":"category","embeddable":true,"href":"https:\/\/www.europesays.com\/lv\/wp-json\/wp\/v2\/categories?post=68295"},{"taxonomy":"post_tag","embeddable":true,"href":"https:\/\/www.europesays.com\/lv\/wp-json\/wp\/v2\/tags?post=68295"}],"curies":[{"name":"wp","href":"https:\/\/api.w.org\/{rel}","templated":true}]}}