{"id":68303,"date":"2025-12-07T22:34:09","date_gmt":"2025-12-07T22:34:09","guid":{"rendered":"https:\/\/www.europesays.com\/lv\/68303\/"},"modified":"2025-12-07T22:34:09","modified_gmt":"2025-12-07T22:34:09","slug":"visi-spoguldatumi-2026-gadam-kad-ir-iespeja-izmainit-dzivi","status":"publish","type":"post","link":"https:\/\/www.europesays.com\/lv\/68303\/","title":{"rendered":"Visi spogu\u013cdatumi 2026. gadam, kad ir iesp\u0113ja izmain\u012bt dz\u012bvi"},"content":{"rendered":"<p>                                <a href=\"https:\/\/www.reitingi.lv\/news\/images\/202512\/0812001202_pexels-olly-774866.jpg\" title=\"Visi spogu\u013cdatumi 2026. gadam, kad ir iesp\u0113ja izmain\u012bt dz\u012bvi\" data-toggle=\"lightbox\" rel=\"nofollow noopener\" target=\"_blank\">                                    <img decoding=\"async\" class=\"img-fluid lazy\" src=\"https:\/\/www.europesays.com\/lv\/wp-content\/uploads\/2025\/12\/750x500_0812001202_pexels-olly-774866.jpg\" alt=\"Visi spogu\u013cdatumi 2026. gadam, kad ir iesp\u0113ja izmain\u012bt dz\u012bvi\"\/><br \/>\n                                <\/a>                                                            <\/p>\n<p>Katrs datums ar spoguli ir sp\u0113c\u012bgs laiks, kad sap\u0146i piepild\u0101s un rodas iesp\u0113ja piesaist\u012bt svar\u012bgus notikumus sav\u0101 dz\u012bv\u0113. \u0160\u0101dos periodos ir svar\u012bgi dom\u0101t racion\u0101li un pozit\u012bvi, lai piesaist\u012btu pan\u0101kumus.<\/p>\n<p>2026. gad\u0101 kalend\u0101rs atkal mums pied\u0101v\u0101 vair\u0101kus spogu\u013cdatumus, katram no tiem piem\u012bt sava unik\u0101la atmosf\u0113ra. Tiek uzskat\u012bts, ka \u0161\u0101d\u0101s dien\u0101s v\u0113lmes, jauni s\u0101kumi un iek\u0161\u0113jas p\u0101rmai\u0146as ir \u012bpa\u0161i sp\u0113c\u012bgas.<\/p>\n<p>Austrumos numerolo\u0123ij\u0101 un ezot\u0113rik\u0101 \u0161\u0101di br\u012b\u017ei tiek interpret\u0113ti k\u0101 iesp\u0113ju &#8220;port\u0101li&#8221; \u2013 dienas, kad m\u016bsu v\u0113lmes un l\u016bg\u0161anas tiek sadzird\u0113tas skaidr\u0101k, un m\u016bsu centieni ieg\u016bst papildu sp\u0113ku un atbalstu. Eksperti aicina j\u016bs atkl\u0101t, kas \u012bpa\u0161s ir spogu\u013cdatumos un k\u0101 katrs no tiem izpau\u017eas.<\/p>\n<p>                        <img decoding=\"async\" class=\"img-fluid\" src=\"https:\/\/www.europesays.com\/lv\/wp-content\/uploads\/2025\/12\/750x500_0812001203_pexels-jenna-hamra-248942-804416.jpg\" alt=\"\"\/><\/p>\n<p>01.01<\/p>\n<p>Pats pirmais spogu\u013ca datums gad\u0101 iekr\u012bt Jaungada dien\u0101, dubultojot t\u0101 simbolisko sp\u0113ku. \u0160\u012b ir diena, kad viss burtiski s\u0101kas no jauna: tiek likti pl\u0101ni, doti sol\u012bjumi, kaldin\u0101ti sap\u0146i n\u0101kotnei. Izmantojiet \u0161o datumu m\u0113r\u0137u izvirz\u012b\u0161anai \u2014 atjauno\u0161an\u0101s un atdzim\u0161anas ener\u0123ija b\u016bs j\u016bsu pus\u0113.<\/p>\n<p>02.02<\/p>\n<p>Noz\u012bme: Gada otrais spogu\u013cdatums ir piepild\u012bts ar skait\u013ca 2 vibr\u0101cij\u0101m, kas saist\u012btas ar m\u012blest\u012bbu, sp\u0113ju str\u0101d\u0101t partner\u012bb\u0101 un kompromisu mekl\u0113\u0161anu. \u0160\u012b ir lieliska diena izl\u012bgumam, attiec\u012bbu uzs\u0101k\u0161anai, sabiedroto atra\u0161anai un medit\u0101cijai par iek\u0161\u0113j\u0101 l\u012bdzsvara atjauno\u0161anu. Febru\u0101ris b\u016bs br\u012bni\u0161\u0137\u012bgs m\u0113nesis laimes un\u00a0 harmonijas atra\u0161anai attiec\u012bb\u0101s.<\/p>\n<p>                        <img decoding=\"async\" class=\"img-fluid\" src=\"https:\/\/www.europesays.com\/lv\/wp-content\/uploads\/2025\/12\/750x500_0812001204_pexels-vanyaoboleninov-211024.jpg\" alt=\"\"\/><\/p>\n<p>03.03<\/p>\n<p>Skaitlis 3 simboliz\u0113 papla\u0161in\u0101mu redzesloku, prieku, komunik\u0101ciju un rado\u0161u pa\u0161realiz\u0101ciju. Agrs pavasaris ir labs laiks, lai uzs\u0101ktu izgl\u012btojo\u0161us projektus, atrastu jaunus draugus, dal\u012btos zin\u0101\u0161an\u0101s, ce\u013cotu un g\u016btu iedvesmu. Diena ir \u012bpa\u0161i labv\u0113l\u012bga rado\u0161ai izpausmei un jaunu zin\u0101\u0161anu ieg\u016b\u0161anai.<\/p>\n<p>Lasi v\u0113l:\u00a0<a href=\"https:\/\/www.reitingi.lv\/lv\/167697-decembris-nesis-laimes-vilni-kuras-zodiaka-zimes-piedzivos-peksnu-uzplaukumu.html\" rel=\"nofollow noopener\" target=\"_blank\">Decembris nes\u012bs laimes vilni: kuras zodiaka z\u012bmes piedz\u012bvos p\u0113k\u0161\u0146u uzplaukumu<\/a><\/p>\n<p>04.04<\/p>\n<p>Skaitlis \u010detri ir saist\u012bts ar stabilit\u0101ti, notur\u012bbu un discipl\u012bnu. 4. apr\u012blis ir lielisks laiks, lai sak\u0101rtotos, pl\u0101notu lielus pas\u0101kumus, s\u0101ktu ilgtermi\u0146a projektus vai veiktu lielus pirkumus. Viss, kas \u0161aj\u0101 dien\u0101 ies\u0101kts, b\u016bs uzticams, ja tam pieiesiet apdom\u012bgi.<\/p>\n<p>                        <img decoding=\"async\" class=\"img-fluid\" src=\"https:\/\/www.europesays.com\/lv\/wp-content\/uploads\/2025\/12\/750x500_0812001205_pexels-jplenio-1576848.jpg\" alt=\"\"\/><\/p>\n<p>05.05<\/p>\n<p>Skaitlis 5 ir saist\u012bts ar p\u0101rmai\u0146\u0101m, br\u012bv\u012bbu, jaun\u0101 mekl\u0113jumiem un piedz\u012bvojumiem. \u0160is spogu\u013cdatums veicina atjaunotni: rodas tieksme p\u0113c jaunas pieredzes un sl\u0101pes virz\u012bties uz sapni. Vislab\u0101k ir atlaist veco, iziet no savas komforta zonas un veikt kaut nelielu, bet svar\u012bgu personisku atkl\u0101jumu.<\/p>\n<p>06.06<\/p>\n<p>Skaitlis 6 simboliz\u0113 harmoniju, m\u0101jas, r\u016bpes, skaistumu, m\u012blest\u012bbu un l\u012bdzsvaru. J\u016bnija spogu\u013cdatums ievad\u012bja \u0123imenes r\u016bpju, str\u012bdu risin\u0101\u0161anas, atgrie\u0161an\u0101s pie sakn\u0113m un apzin\u012bgas, j\u016bt\u012bgas attieksmes pret sevi un m\u012b\u013cajiem laiku. Dienas vibr\u0101cijas veicina telpas harmoniz\u0101ciju un\u00a0 iek\u0161\u0113jo l\u012bdzsvaru. Tagad ir \u012bstais laiks, lai nosl\u0113gtu mieru ar sevi un pie\u0146emtu svar\u012bgus emocion\u0101lus l\u0113mumus.<\/p>\n<p>                        <img decoding=\"async\" class=\"img-fluid\" src=\"https:\/\/www.europesays.com\/lv\/wp-content\/uploads\/2025\/12\/750x500_0812001206_pexels-danimota-2036099.jpg\" alt=\"\"\/><\/p>\n<p>07.07<\/p>\n<p>Skaitlis 7 ir gar\u012bgu mekl\u0113jumu, gudr\u012bbas, anal\u012bzes, slepenu zin\u0101\u0161anu un intu\u012bcijas z\u012bme. Vasaras vidus spogu\u013cdatums ir \u012bpa\u0161i piem\u0113rots sevis pilnveido\u0161anas praks\u0113m, vientul\u012bbai, medit\u0101cijai, savu m\u0113r\u0137u anal\u012bzei un dzi\u013cu atbil\u017eu mekl\u0113\u0161anai. Diena ir labi piem\u0113rota bai\u013cu atlai\u0161anai, p\u0101rdom\u0101m un piev\u0113r\u0161an\u0101s trad\u012bcij\u0101m.<\/p>\n<p>Lasi v\u0113l:\u00a0<a href=\"https:\/\/www.reitingi.lv\/lv\/167698-decembri-cetras-zodiaka-zimes-metisies-milestiba--kas-tas-ir.html\" rel=\"nofollow noopener\" target=\"_blank\">Decembr\u012b \u010detras zodiaka z\u012bmes met\u012bsies m\u012blest\u012bb\u0101 \u2013 kas t\u0101s ir?<\/a><\/p>\n<p>08.08<\/p>\n<p>Skaitlis asto\u0146i simboliz\u0113 bezgal\u012bbu, l\u012bdzsvaru starp materi\u0101lo un gar\u012bgo, pan\u0101kumus un biznesa prasmes. \u0160\u012b diena atspogu\u013co laiku, kad iesp\u0113jami kolos\u0101li sasniegumi, karjeras izaugsme vai finansi\u0101li izr\u0101vieni. \u0160aj\u0101 dien\u0101 ir svar\u012bgi sav\u0101 dz\u012bv\u0113 demonstr\u0113t ap\u0146\u0113m\u012bbu, drosmi un pa\u0161vad\u012bbu.<\/p>\n<p>                        <img decoding=\"async\" class=\"img-fluid\" src=\"https:\/\/www.europesays.com\/lv\/wp-content\/uploads\/2025\/12\/750x500_0812001207_pexels-jill-wellington-1638660-39250.jpg\" alt=\"\"\/><\/p>\n<p>09.09<\/p>\n<p>Skaitlis devi\u0146i ir saist\u012bts ar gudr\u012bbu, rezum\u0113\u0161anu, m\u0113r\u0137u sasnieg\u0161anu, l\u012bdzj\u016bt\u012bbas izr\u0101d\u012b\u0161anu, nesavt\u012bgu pal\u012bdz\u012bbu un sp\u0113ju atlaist. \u0160\u012bs dienas ener\u0123ija it k\u0101 novelk sv\u012btru zem vec\u0101, atbr\u012bvojot ce\u013cu n\u0101kotnei. Analiz\u0113jiet savu ce\u013cu p\u0113d\u0113jo gadu laik\u0101 un iez\u012bm\u0113jiet jaunus apv\u0101r\u0161\u0146us.<\/p>\n<p>10.10<\/p>\n<p>Oktobris iez\u012bm\u0113 jauna cikla s\u0101kumu, p\u0101rejas un transform\u0101cijas laiku. \u0160is ir sp\u0113ka, neatkar\u012bbas, iek\u0161\u0113jas ap\u0146\u0113m\u012bbas un p\u0101rejas uz n\u0101kamo meistar\u012bbas l\u012bmeni datums. \u0160odienas iesp\u0113jas sl\u0113pjas neatkar\u012bgos l\u0113mumos un p\u0101rdom\u0101t\u0101 pieej\u0101. Lieciet pamatus ilgtermi\u0146a projektiem, apg\u016bstiet jaunas prasmes un sak\u0101rtojiet savu dz\u012bvi un domas.<\/p>\n<p>                        <img decoding=\"async\" class=\"img-fluid\" src=\"https:\/\/www.europesays.com\/lv\/wp-content\/uploads\/2025\/12\/750x500_0812001207_pexels-paola-diaz-1189591-2263142.jpg\" alt=\"\"\/><\/p>\n<p>11.11<\/p>\n<p>Vienpadsmitais tiek uzskat\u012bts par port\u0101la datumu, kas atmodina intu\u012bciju, sniedz atzi\u0146as un mistisku iedvesmu. \u0160\u012b diena ir piepild\u012bta ar \u012bpa\u0161\u0101m z\u012bm\u0113m un iesp\u0113ju atkl\u0101t savu patieso ce\u013cu. Medit\u0113jiet, ieklausieties sav\u0101 iek\u0161\u0113j\u0101 bals\u012b . S\u0101ciet gar\u012bg\u0101s prakses, pierakstiet savas v\u0113lmes un izpaudiet savus sap\u0146us.<\/p>\n<p>12.12<\/p>\n<p>Skaitlis divpadsmit simboliz\u0113 pabeigt\u012bbu, gal\u012bgumu un pieredzi. Tas ir gada kulmin\u0101cija, p\u0113d\u0113j\u0101 ra\u017ea un p\u0101rejas br\u012bdis uz atjaunotu kvalit\u0101ti. Izv\u0113rt\u0113jiet paveikto, pabeidziet ies\u0101kto. Saliedieties ar sevi un citiem un atlaidiet iek\u0161\u0113jos konfliktus. \u013baujiet sev baud\u012bt sava darba aug\u013cus un sagatavojieties jaunam s\u0101kumam.<\/p>\n<p>Spogu\u013cdatumi ir \u012bpa\u0161as dienas, kad pat vispietic\u012bg\u0101kie sap\u0146i un centieni var ieg\u016bt apgriezienus un impulsu. \u0160\u0101dos periodos ir svar\u012bgi piev\u0113rst \u012bpa\u0161u uzman\u012bbu sav\u0101m dom\u0101m, v\u0113lm\u0113m un r\u012bc\u012bbai. Izmantojiet spogu\u013cdatumu ener\u0123iju person\u012bgai izaugsmei un savu lietu sak\u0101rto\u0161anai, un katra diena k\u013c\u016bs par cietoksni ce\u013c\u0101 uz lab\u0101ku n\u0101kotni.<\/p>\n","protected":false},"excerpt":{"rendered":"Katrs datums ar spoguli ir sp\u0113c\u012bgs laiks, kad sap\u0146i piepild\u0101s un rodas iesp\u0113ja piesaist\u012bt svar\u012bgus notikumus sav\u0101 dz\u012bv\u0113.&hellip;\n","protected":false},"author":2,"featured_media":68304,"comment_status":"","ping_status":"","sticky":false,"template":"","format":"standard","meta":{"footnotes":""},"categories":[5],"tags":[23,28,29,32,33,22,30,31,35,39,38,36,37,34,40,20,26,27,24,25,21],"class_list":{"0":"post-68303","1":"post","2":"type-post","3":"status-publish","4":"format-standard","5":"has-post-thumbnail","7":"category-aktualitates","8":"tag-aktualitates","9":"tag-breaking-news","10":"tag-breakingnews","11":"tag-featured-news","12":"tag-featurednews","13":"tag-headlines","14":"tag-latest-news","15":"tag-latestnews","16":"tag-latvia","17":"tag-latvian","18":"tag-latviesu","19":"tag-latviesu-valoda","20":"tag-latviesuvaloda","21":"tag-latvija","22":"tag-lv","23":"tag-news","24":"tag-popularakas-zinas","25":"tag-popularakaszinas","26":"tag-top-stories","27":"tag-topstories","28":"tag-zinas"},"share_on_mastodon":{"url":"https:\/\/pubeurope.com\/@lv\/115680671715011474","error":""},"_links":{"self":[{"href":"https:\/\/www.europesays.com\/lv\/wp-json\/wp\/v2\/posts\/68303","targetHints":{"allow":["GET"]}}],"collection":[{"href":"https:\/\/www.europesays.com\/lv\/wp-json\/wp\/v2\/posts"}],"about":[{"href":"https:\/\/www.europesays.com\/lv\/wp-json\/wp\/v2\/types\/post"}],"author":[{"embeddable":true,"href":"https:\/\/www.europesays.com\/lv\/wp-json\/wp\/v2\/users\/2"}],"replies":[{"embeddable":true,"href":"https:\/\/www.europesays.com\/lv\/wp-json\/wp\/v2\/comments?post=68303"}],"version-history":[{"count":0,"href":"https:\/\/www.europesays.com\/lv\/wp-json\/wp\/v2\/posts\/68303\/revisions"}],"wp:featuredmedia":[{"embeddable":true,"href":"https:\/\/www.europesays.com\/lv\/wp-json\/wp\/v2\/media\/68304"}],"wp:attachment":[{"href":"https:\/\/www.europesays.com\/lv\/wp-json\/wp\/v2\/media?parent=68303"}],"wp:term":[{"taxonomy":"category","embeddable":true,"href":"https:\/\/www.europesays.com\/lv\/wp-json\/wp\/v2\/categories?post=68303"},{"taxonomy":"post_tag","embeddable":true,"href":"https:\/\/www.europesays.com\/lv\/wp-json\/wp\/v2\/tags?post=68303"}],"curies":[{"name":"wp","href":"https:\/\/api.w.org\/{rel}","templated":true}]}}